{"id":118523,"date":"2025-12-17T06:06:08","date_gmt":"2025-12-17T06:06:08","guid":{"rendered":"https:\/\/www.europesays.com\/fi\/118523\/"},"modified":"2025-12-17T06:06:08","modified_gmt":"2025-12-17T06:06:08","slug":"mediat-britannia-palaamassa-erasmus-ohjelmaan-ilta-sanomat","status":"publish","type":"post","link":"https:\/\/www.europesays.com\/fi\/118523\/","title":{"rendered":"Mediat: Britannia palaamassa Erasmus-ohjelmaan &#8211; Ilta-Sanomat"},"content":{"rendered":"<p>Britannia l\u00e4hti kansainv\u00e4lisest\u00e4 ohjelmasta Brexitin my\u00f6t\u00e4.<\/p>\n<p class=\"article-body mb-nof-24 px-nof-16\">Brittimedioiden mukaan Britannia olisi palaamassa takaisin kansainv\u00e4liseen Erasmus-ohjelmaan.<\/p>\n<p class=\"article-body mb-nof-24 px-nof-16\">Erasmus-ohjelma on Euroopan unionin yll\u00e4pit\u00e4m\u00e4 ja se tarjoaa korkea\u00adkoulu\u00adopiskelijoille mahdollisuuden opiskella, ty\u00f6skennell\u00e4 harjoittelijana tai tehd\u00e4 vapaaehtoisty\u00f6t\u00e4 muissa Euroopan maissa.<\/p>\n<p class=\"article-body mb-nof-24 px-nof-16\">Britannia l\u00e4hti ohjelmasta vuonna 2020 Euroopan unionista irtautumisen my\u00f6t\u00e4. Vuodesta 2021 Britannialla on ollut oma Turing-ohjelma paikkaamassa Erasmus-ohjelmaa.<\/p>\n<p class=\"article-body mb-nof-24 px-nof-16\">Britannian hallitus ei ole vahvistanut mediassa liikkuvia tietoja. Ministereiden odotetaan antavan ilmoituksensa asiasta keskiviikkona. P\u00e4\u00e4ministeri <a class=\"article-personlink\" href=\"https:\/\/www.is.fi\/haku\/?query=Keir%20Starmer\" rel=\"nofollow noopener\" target=\"_blank\">Keir Starmer<\/a> sanoi toukokuussa, ett\u00e4 kansainv\u00e4linen vaihto-ohjelma saattaa lukeutua Britannian uuteen sopimukseen EU:n kanssa.<\/p>\n<p class=\"article-body mb-nof-24 px-nof-16\">Sopimuksen pit\u00e4isi mahdollistaa brittiopiskelijoiden osallistuminen Erasmus-ohjelmaan ilman lis\u00e4maksua tammikuusta 2027 l\u00e4htien, <a class=\"article-genericlink\" href=\"https:\/\/www.theguardian.com\/world\/2025\/dec\/16\/uk-to-rejoin-eu-erasmus-student-exchange-programme\" rel=\"nofollow noopener\" target=\"_blank\">The Guardian<\/a> kertoo.<\/p>\n<p class=\"article-body mb-nof-24 px-nof-16\">\u2013 Opiskelijat ovat kampanjoineet takaisin Erasmukseen liittymisen puolesta siit\u00e4 asti, kun siit\u00e4 l\u00e4hdettiin, kommentoi <a class=\"article-personlink\" href=\"https:\/\/www.is.fi\/haku\/?query=Alex%20Stanley\" rel=\"nofollow noopener\" target=\"_blank\">Alex Stanley<\/a> Britannian opiskelijaliitosta<a class=\"article-genericlink\" href=\"https:\/\/www.bbc.com\/news\/articles\/cg4ng7ee9vwo\" rel=\"nofollow noopener\" target=\"_blank\"> BBC:lle<\/a>.<\/p>\n<p class=\"article-body mb-nof-24 px-nof-16\">Britannian EU-eroa ajanut silloinen p\u00e4\u00e4ministeri <a class=\"article-personlink\" href=\"https:\/\/www.is.fi\/haku\/?query=Boris%20Johnson\" rel=\"nofollow noopener\" target=\"_blank\">Boris Johnson<\/a> piti Erasmus-ohjelmaa maalle liian kalliina, vaikka my\u00f6nsi siit\u00e4 l\u00e4htemisen \u201dvaikeaksi p\u00e4\u00e4t\u00f6kseksi\u201d. Ennen ohjelmasta l\u00e4ht\u00f6\u00e4 Britanniaan tuli enemm\u00e4n opiskelijoita sen kautta kuin heit\u00e4 l\u00e4hti Britanniasta opiskelemaan ulkomaille.<\/p>\n<p class=\"article-body mb-nof-24 px-nof-16\">The Guardianin l\u00e4hteiden mukaan jatkossa Britanniassa Erasmus-sopimuksella EU-j\u00e4senmaasta tulevat opiskelijat maksaisivat lukukausimaksuja vaihtokoululleen.<\/p>\n<p class=\"article-body mb-nof-24 px-nof-16\">Asiasta uutisoi my\u00f6s mm. <a class=\"article-genericlink\" href=\"https:\/\/news.sky.com\/story\/uk-to-rejoin-eus-erasmus-student-exchange-scheme-reports-13484526\" rel=\"nofollow noopener\" target=\"_blank\">Sky News<\/a>.<\/p>\n","protected":false},"excerpt":{"rendered":"Britannia l\u00e4hti kansainv\u00e4lisest\u00e4 ohjelmasta Brexitin my\u00f6t\u00e4. Brittimedioiden mukaan Britannia olisi palaamassa takaisin kansainv\u00e4liseen Erasmus-ohjelmaan. Erasmus-ohjelma on Euroopan unionin&hellip;\n","protected":false},"author":2,"featured_media":118524,"comment_status":"","ping_status":"","sticky":false,"template":"","format":"standard","meta":{"footnotes":""},"categories":[14],"tags":[22,23,26,27,33,31,30,17,34,24,25,28,29,15,18,21,32,19,20,56,16,59,60,61],"class_list":{"0":"post-118523","1":"post","2":"type-post","3":"status-publish","4":"format-standard","5":"has-post-thumbnail","7":"category-ulkomaat","8":"tag-breaking-news","9":"tag-breakingnews","10":"tag-featured-news","11":"tag-featurednews","12":"tag-fi","13":"tag-finland","14":"tag-finnish","15":"tag-headlines","16":"tag-ilta-sanomat","17":"tag-latest-news","18":"tag-latestnews","19":"tag-main-news","20":"tag-mainnews","21":"tag-news","22":"tag-otsikot","23":"tag-paauutiset","24":"tag-suomi","25":"tag-top-stories","26":"tag-topstories","27":"tag-ulkomaat","28":"tag-uutiset","29":"tag-world","30":"tag-world-news","31":"tag-worldnews"},"share_on_mastodon":{"url":"https:\/\/pubeurope.com\/@fi\/115733409510519646","error":""},"_links":{"self":[{"href":"https:\/\/www.europesays.com\/fi\/wp-json\/wp\/v2\/posts\/118523","targetHints":{"allow":["GET"]}}],"collection":[{"href":"https:\/\/www.europesays.com\/fi\/wp-json\/wp\/v2\/posts"}],"about":[{"href":"https:\/\/www.europesays.com\/fi\/wp-json\/wp\/v2\/types\/post"}],"author":[{"embeddable":true,"href":"https:\/\/www.europesays.com\/fi\/wp-json\/wp\/v2\/users\/2"}],"replies":[{"embeddable":true,"href":"https:\/\/www.europesays.com\/fi\/wp-json\/wp\/v2\/comments?post=118523"}],"version-history":[{"count":0,"href":"https:\/\/www.europesays.com\/fi\/wp-json\/wp\/v2\/posts\/118523\/revisions"}],"wp:featuredmedia":[{"embeddable":true,"href":"https:\/\/www.europesays.com\/fi\/wp-json\/wp\/v2\/media\/118524"}],"wp:attachment":[{"href":"https:\/\/www.europesays.com\/fi\/wp-json\/wp\/v2\/media?parent=118523"}],"wp:term":[{"taxonomy":"category","embeddable":true,"href":"https:\/\/www.europesays.com\/fi\/wp-json\/wp\/v2\/categories?post=118523"},{"taxonomy":"post_tag","embeddable":true,"href":"https:\/\/www.europesays.com\/fi\/wp-json\/wp\/v2\/tags?post=118523"}],"curies":[{"name":"wp","href":"https:\/\/api.w.org\/{rel}","templated":true}]}}