{"id":118525,"date":"2025-12-17T06:07:09","date_gmt":"2025-12-17T06:07:09","guid":{"rendered":"https:\/\/www.europesays.com\/fi\/118525\/"},"modified":"2025-12-17T06:07:09","modified_gmt":"2025-12-17T06:07:09","slug":"suomen-lentokenttien-kautta-lensi-16-miljoonaa-matkustajaa-marraskuussa-2025","status":"publish","type":"post","link":"https:\/\/www.europesays.com\/fi\/118525\/","title":{"rendered":"Suomen lentokenttien kautta lensi 1,6 miljoonaa matkustajaa marraskuussa 2025"},"content":{"rendered":"<p>Viidennes lentomatkustajista matkusti kotimaanlennoilla<\/p>\n<p>Marraskuussa 2025 Helsinki-Vantaan lentoaseman kautta lensi noin 1,3\u00a0miljoonaa ja muiden kotimaan lentoasemien kautta yhteens\u00e4 300\u00a0000 matkustajaa. Vuoden 2024 marraskuuhun verrattuna matkustajam\u00e4\u00e4r\u00e4t olivat Helsinki-Vantaalla 2\u00a0% ja muilla kotimaan lentoasemilla 7\u00a0% suuremmat.<\/p>\n<p>Lentoliikenteen matkustajista 78\u00a0% matkusti ulkomaanlennoilla ja 22\u00a0% kotimaanlennoilla marraskuussa 2025. Ulkomaanlentojen matkustajam\u00e4\u00e4r\u00e4n osuus oli Helsinki-Vantaan lentoasemalla 86\u00a0% ja muilla kotimaan lentoasemilla yhteenlaskettuna 42\u00a0%. Kaikista matkustajista 97\u00a0% matkusti reittilennoilla.<\/p>\n<p>Marraskuussa 2025 lentoliikenteen rahti- ja postikuljetusten m\u00e4\u00e4r\u00e4 oli yhteens\u00e4 16\u00a0924\u00a0tonnia. Rahdista 100\u00a0% kuljetettiin Helsinki-Vantaan lentoaseman kautta ja Suomen ja ulkomaiden v\u00e4lisess\u00e4 liikenteess\u00e4. Kuljetetusta tavaram\u00e4\u00e4r\u00e4st\u00e4 7\u00a0340\u00a0tonnia (43\u00a0%) oli saapuneita ja 9\u00a0584\u00a0tonnia (57\u00a0%) l\u00e4hteneit\u00e4.<\/p>\n<p>Vuoden 2025 tammi-marraskuun aikana Suomen lentokenttien kautta lensi yhteens\u00e4 18,5 miljoonaa matkustajaa, mik\u00e4 oli 4\u00a0% enemm\u00e4n kuin vuonna 2024 samalla ajanjaksolla. Vuoden 2025 alusta rahti- ja postikuljetusten m\u00e4\u00e4r\u00e4 oli yhteens\u00e4 167\u00a0675\u00a0tonnia, mik\u00e4 oli 2\u00a0% v\u00e4hemm\u00e4n kuin vuoden 2024 tammi-marraskuun aikana.<\/p>\n","protected":false},"excerpt":{"rendered":"Viidennes lentomatkustajista matkusti kotimaanlennoilla Marraskuussa 2025 Helsinki-Vantaan lentoaseman kautta lensi noin 1,3\u00a0miljoonaa ja muiden kotimaan lentoasemien kautta yhteens\u00e4&hellip;\n","protected":false},"author":2,"featured_media":31573,"comment_status":"","ping_status":"","sticky":false,"template":"","format":"standard","meta":{"footnotes":""},"categories":[12],"tags":[22,23,26,27,33,31,30,17,24,25,28,29,15,18,21,32,19,20,16],"class_list":{"0":"post-118525","1":"post","2":"type-post","3":"status-publish","4":"format-standard","5":"has-post-thumbnail","7":"category-suomi","8":"tag-breaking-news","9":"tag-breakingnews","10":"tag-featured-news","11":"tag-featurednews","12":"tag-fi","13":"tag-finland","14":"tag-finnish","15":"tag-headlines","16":"tag-latest-news","17":"tag-latestnews","18":"tag-main-news","19":"tag-mainnews","20":"tag-news","21":"tag-otsikot","22":"tag-paauutiset","23":"tag-suomi","24":"tag-top-stories","25":"tag-topstories","26":"tag-uutiset"},"share_on_mastodon":{"url":"https:\/\/pubeurope.com\/@fi\/115733413477446568","error":""},"_links":{"self":[{"href":"https:\/\/www.europesays.com\/fi\/wp-json\/wp\/v2\/posts\/118525","targetHints":{"allow":["GET"]}}],"collection":[{"href":"https:\/\/www.europesays.com\/fi\/wp-json\/wp\/v2\/posts"}],"about":[{"href":"https:\/\/www.europesays.com\/fi\/wp-json\/wp\/v2\/types\/post"}],"author":[{"embeddable":true,"href":"https:\/\/www.europesays.com\/fi\/wp-json\/wp\/v2\/users\/2"}],"replies":[{"embeddable":true,"href":"https:\/\/www.europesays.com\/fi\/wp-json\/wp\/v2\/comments?post=118525"}],"version-history":[{"count":0,"href":"https:\/\/www.europesays.com\/fi\/wp-json\/wp\/v2\/posts\/118525\/revisions"}],"wp:featuredmedia":[{"embeddable":true,"href":"https:\/\/www.europesays.com\/fi\/wp-json\/wp\/v2\/media\/31573"}],"wp:attachment":[{"href":"https:\/\/www.europesays.com\/fi\/wp-json\/wp\/v2\/media?parent=118525"}],"wp:term":[{"taxonomy":"category","embeddable":true,"href":"https:\/\/www.europesays.com\/fi\/wp-json\/wp\/v2\/categories?post=118525"},{"taxonomy":"post_tag","embeddable":true,"href":"https:\/\/www.europesays.com\/fi\/wp-json\/wp\/v2\/tags?post=118525"}],"curies":[{"name":"wp","href":"https:\/\/api.w.org\/{rel}","templated":true}]}}