{"id":11854,"date":"2025-08-21T06:11:07","date_gmt":"2025-08-21T06:11:07","guid":{"rendered":"https:\/\/www.europesays.com\/fi\/11854\/"},"modified":"2025-08-21T06:11:07","modified_gmt":"2025-08-21T06:11:07","slug":"jattiseura-esitteli-uudet-cheerleaderinsa-fanien-raivo-repesi","status":"publish","type":"post","link":"https:\/\/www.europesays.com\/fi\/11854\/","title":{"rendered":"J\u00e4ttiseura esitteli uudet cheerleaderins\u00e4 \u2013 Fanien raivo repesi"},"content":{"rendered":"<p>NFL-seuran ratkaisu sai monet fanit vihaiseksi.<\/p>\n<p><img decoding=\"async\" class=\"image image-show image-preview\" src=\"https:\/\/www.europesays.com\/fi\/wp-content\/uploads\/2025\/08\/beecb27d27ef41f7996fc3ff5703420ae2f02f3a8b20628d67046573816158a1.jpg\" alt=\"\"\/><img decoding=\"async\" class=\"image image-show\" src=\"https:\/\/www.europesays.com\/fi\/wp-content\/uploads\/2025\/08\/1755756667_336_beecb27d27ef41f7996fc3ff5703420ae2f02f3a8b20628d67046573816158a1.jpg\" alt=\"\"\/><\/p>\n<p>Minnesota Vikingsin cheerleadering-ryhm\u00e4 on her\u00e4tt\u00e4nyt keskustelua sosiaalisessa mediassa. AOP<\/p>\n<p class=\"paragraph\">Amerikkalaisen jalkapallon NFL-seura Minnesota Vikings esitteli viikonloppuna tulevan kauden cheerleaderinsa.<\/p>\n<p class=\"paragraph\">Ryhm\u00e4ss\u00e4 oli mukana kaksi miescheerleaderia, mik\u00e4 aiheutti lopulta rajun palautevy\u00f6ryn seuran faneilta.<\/p>\n<p class=\"paragraph\"><strong>Blaize Shiek<\/strong> ja <strong>Louie Conn<\/strong> esiintyiv\u00e4t Vikingsin harjoituskauden otteluissa ja nousivat hetkess\u00e4 keskustelun keskelle. Sosiaalisessa mediassa osa faneista ilmoitti lopettavansa joukkueen tukemisen kokonaan.<\/p>\n<p class=\"paragraph\">\u2013\u2009En katso jalkapalloa en\u00e4\u00e4 koskaan, er\u00e4s kirjoitti.<\/p>\n<p class=\"paragraph\">\u2013\u2009Mik\u00e4 pettymys! En ole koskaan ollut Vikingsiin n\u00e4in pettynyt, toinen taiteili.<\/p>\n<p class=\"paragraph\">\u2013\u2009Olen kyll\u00e4stynyt t\u00e4h\u00e4n vitsijoukkoon! He eiv\u00e4t p\u00e4\u00e4se mihink\u00e4\u00e4n, kolmas kirjoitti.<\/p>\n<p class=\"paragraph\">Kaikki eiv\u00e4t kuitenkaan yhtyneet raivokkaaseen kritiikkiin. Kommenttiketjuista l\u00f6ytyi my\u00f6s runsaasti kannustavia viestej\u00e4.<\/p>\n<p class=\"paragraph\">\u2013 Ihan mahtavaa! Olen ylpe\u00e4 saadessani olla Vikings-fani.<\/p>\n<p class=\"paragraph\">\u2013 Olen t\u00e4ysin haltioissani t\u00e4st\u00e4!<\/p>\n<p class=\"paragraph\">Vikings vastasi nopeasti kohuun ja puolusti linjaansa.<\/p>\n<p class=\"paragraph\">\u2013 Vaikka monille t\u00e4m\u00e4 saattaa olla ensimm\u00e4inen kerta, kun he n\u00e4kev\u00e4t miescheerleadereita Vikingsin otteluissa, he ovat olleet mukana my\u00f6s aiemmin ja kuuluneet pitk\u00e4\u00e4n osaksi cheerleading-perinnett\u00e4. Noin kolmannes NFL-seuroista k\u00e4ytt\u00e4\u00e4 miescheerleadereita kaudella 2025, seura totesi tiedotteessaan.<\/p>\n<p class=\"paragraph\">My\u00f6s Shiek kommentoi kohua ironisesti Instagramissa, jossa h\u00e4n julkaisi kuvan itsest\u00e4\u00e4n ja Connista esiintymisasuissaan.<\/p>\n<p class=\"paragraph\">\u2013 Odottakaas. Sanoiko joku meid\u00e4n nimet?<\/p>\n<p class=\"paragraph\"><a href=\"https:\/\/nypost.com\/2025\/08\/17\/sports\/vikings-male-cheerleaders-hit-back-in-post-after-fan-backlash\/\" target=\"_blank\" rel=\"noopener nofollow\">New York Postin<\/a> mukaan ensimm\u00e4inen NFL-joukkue, joka otti miehet cheerleader-ryhm\u00e4\u00e4ns\u00e4, oli Los Angeles Rams vuonna 2018.<\/p>\n","protected":false},"excerpt":{"rendered":"NFL-seuran ratkaisu sai monet fanit vihaiseksi. Minnesota Vikingsin cheerleadering-ryhm\u00e4 on her\u00e4tt\u00e4nyt keskustelua sosiaalisessa mediassa. AOP Amerikkalaisen jalkapallon NFL-seura&hellip;\n","protected":false},"author":2,"featured_media":11855,"comment_status":"","ping_status":"","sticky":false,"template":"","format":"standard","meta":{"footnotes":""},"categories":[158],"tags":[35,722,33,31,30,148,147,41,151,159,32,160],"class_list":{"0":"post-11854","1":"post","2":"type-post","3":"status-publish","4":"format-standard","5":"has-post-thumbnail","7":"category-urheilu","8":"tag-24h","9":"tag-amerikka","10":"tag-fi","11":"tag-finland","12":"tag-finnish","13":"tag-internet","14":"tag-internet-palvelut","15":"tag-liikunta-ja-urheilu","16":"tag-sosiaalinen-media-ja-verkostoituminen","17":"tag-sports","18":"tag-suomi","19":"tag-urheilu"},"share_on_mastodon":{"url":"","error":""},"_links":{"self":[{"href":"https:\/\/www.europesays.com\/fi\/wp-json\/wp\/v2\/posts\/11854","targetHints":{"allow":["GET"]}}],"collection":[{"href":"https:\/\/www.europesays.com\/fi\/wp-json\/wp\/v2\/posts"}],"about":[{"href":"https:\/\/www.europesays.com\/fi\/wp-json\/wp\/v2\/types\/post"}],"author":[{"embeddable":true,"href":"https:\/\/www.europesays.com\/fi\/wp-json\/wp\/v2\/users\/2"}],"replies":[{"embeddable":true,"href":"https:\/\/www.europesays.com\/fi\/wp-json\/wp\/v2\/comments?post=11854"}],"version-history":[{"count":0,"href":"https:\/\/www.europesays.com\/fi\/wp-json\/wp\/v2\/posts\/11854\/revisions"}],"wp:featuredmedia":[{"embeddable":true,"href":"https:\/\/www.europesays.com\/fi\/wp-json\/wp\/v2\/media\/11855"}],"wp:attachment":[{"href":"https:\/\/www.europesays.com\/fi\/wp-json\/wp\/v2\/media?parent=11854"}],"wp:term":[{"taxonomy":"category","embeddable":true,"href":"https:\/\/www.europesays.com\/fi\/wp-json\/wp\/v2\/categories?post=11854"},{"taxonomy":"post_tag","embeddable":true,"href":"https:\/\/www.europesays.com\/fi\/wp-json\/wp\/v2\/tags?post=11854"}],"curies":[{"name":"wp","href":"https:\/\/api.w.org\/{rel}","templated":true}]}}