{"id":118540,"date":"2025-12-17T06:32:10","date_gmt":"2025-12-17T06:32:10","guid":{"rendered":"https:\/\/www.europesays.com\/fi\/118540\/"},"modified":"2025-12-17T06:32:10","modified_gmt":"2025-12-17T06:32:10","slug":"trump-maarasi-totaalisen-saarron","status":"publish","type":"post","link":"https:\/\/www.europesays.com\/fi\/118540\/","title":{"rendered":"Trump m\u00e4\u00e4r\u00e4si \u201dtotaalisen saarron\u201d"},"content":{"rendered":"<p>Yhdysvaltojen ja Venezuelan v\u00e4lit ovat kiristyneet viimeisten kuukausien aikana. <\/p>\n<p><img decoding=\"async\" class=\"image image-show image-preview\" src=\"https:\/\/www.europesays.com\/fi\/wp-content\/uploads\/2025\/12\/9ddfd913aecfbe08b08d8cf77291c10f9a930527982775309c0b074370b4da09.jpg\" alt=\"\"\/><img decoding=\"async\" class=\"image image-show\" src=\"https:\/\/www.europesays.com\/fi\/wp-content\/uploads\/2025\/12\/1765917128_97_9ddfd913aecfbe08b08d8cf77291c10f9a930527982775309c0b074370b4da09.jpg\" alt=\"\"\/><\/p>\n<p>Trump on m\u00e4\u00e4r\u00e4nnyt Venezuelaan matkaavien ja sielt\u00e4 l\u00e4htevien \u00f6ljytankkereiden saarron Venezuelassa. EPA \/ AOP<\/p>\n<p class=\"paragraph\">Yhdysvaltain presidentti <strong>Donald Trump<\/strong> on m\u00e4\u00e4r\u00e4nnyt pakotteiden alla toimivien \u00f6ljytankkereiden \u201dtotaalisen saarron\u201d Venezuelassa. Trump kertoi asiasta viestipalvelu <a href=\"https:\/\/truthsocial.com\/@realDonaldTrump\/posts\/115731908387416458\" target=\"_blank\" rel=\"noopener nofollow\">Truth Socialissa<\/a> varhain keskiviikkona Suomen aikaa.<\/p>\n<p class=\"paragraph\">Trump v\u00e4itt\u00e4\u00e4, ett\u00e4 Venezuela on varastanut Yhdysvalloilta \u201dmaata, \u00f6ljy\u00e4 ja muuta varallisuutta\u201d. Trumpin mukaan saarto laajenee, kunnes Venezuela on palauttanut varallisuuden Yhdysvalloille. Trump ei avannut tarkempia yksityiskohtia v\u00e4itteist\u00e4\u00e4n.<\/p>\n<p class=\"paragraph\">Trump my\u00f6s mainitsi, ett\u00e4 Venezuela on luokiteltu terroristij\u00e4rjest\u00f6ksi muun muassa \u201dhuumeterrorismin ja ihmiskaupan\u201d vuoksi.<\/p>\n<p class=\"paragraph\">Yhdysvallat on kasvattanut sotilaallista l\u00e4sn\u00e4oloaan Karibialla jo kuukausien ajan. Trump on perustellut sotilaallisia toimia huumeiden salakuljetuksen kitkemisell\u00e4.<\/p>\n<p class=\"paragraph\">Venezuelan presidentin <strong>Nicolas Maduron<\/strong> mukaan Trumpin tavoitteena on sy\u00f6st\u00e4 h\u00e4net vallasta.<\/p>\n<p class=\"paragraph\">Viime viikkoina j\u00e4nnitteet maiden v\u00e4lill\u00e4 ovat kasvaneet entisest\u00e4\u00e4n, kun Trump on uhannut k\u00e4ynnist\u00e4\u00e4 sotilaallisen operaation Venezuelan maa-alueilla.<\/p>\n<p class=\"paragraph\">Yhdysvallat on tehnyt kansainv\u00e4lisill\u00e4 vesill\u00e4 useita iskuja veneisiin, jotka Trumpin mukaan kuljettavat huumeita Yhdysvaltoihin. Uutistoimisto AFP:n mukaan Yhdysvallat on m\u00e4\u00e4r\u00e4nnyt pakotteita Venezuelasta \u00f6ljy\u00e4 kuljettaville aluksille.<\/p>\n","protected":false},"excerpt":{"rendered":"Yhdysvaltojen ja Venezuelan v\u00e4lit ovat kiristyneet viimeisten kuukausien aikana. Trump on m\u00e4\u00e4r\u00e4nnyt Venezuelaan matkaavien ja sielt\u00e4 l\u00e4htevien \u00f6ljytankkereiden&hellip;\n","protected":false},"author":2,"featured_media":118541,"comment_status":"","ping_status":"","sticky":false,"template":"","format":"standard","meta":{"footnotes":""},"categories":[14],"tags":[35,22,23,26,27,33,31,30,17,24,25,28,29,15,18,21,637,144,32,19,20,56,16,638,59,60,61,143,146],"class_list":{"0":"post-118540","1":"post","2":"type-post","3":"status-publish","4":"format-standard","5":"has-post-thumbnail","7":"category-ulkomaat","8":"tag-24h","9":"tag-breaking-news","10":"tag-breakingnews","11":"tag-featured-news","12":"tag-featurednews","13":"tag-fi","14":"tag-finland","15":"tag-finnish","16":"tag-headlines","17":"tag-latest-news","18":"tag-latestnews","19":"tag-main-news","20":"tag-mainnews","21":"tag-news","22":"tag-otsikot","23":"tag-paauutiset","24":"tag-politiikka","25":"tag-presidentti","26":"tag-suomi","27":"tag-top-stories","28":"tag-topstories","29":"tag-ulkomaat","30":"tag-uutiset","31":"tag-valtiovalta","32":"tag-world","33":"tag-world-news","34":"tag-worldnews","35":"tag-yhdysvaltain-politiikka","36":"tag-yhdysvaltain-presidentti"},"share_on_mastodon":{"url":"https:\/\/pubeurope.com\/@fi\/115733512106297520","error":""},"_links":{"self":[{"href":"https:\/\/www.europesays.com\/fi\/wp-json\/wp\/v2\/posts\/118540","targetHints":{"allow":["GET"]}}],"collection":[{"href":"https:\/\/www.europesays.com\/fi\/wp-json\/wp\/v2\/posts"}],"about":[{"href":"https:\/\/www.europesays.com\/fi\/wp-json\/wp\/v2\/types\/post"}],"author":[{"embeddable":true,"href":"https:\/\/www.europesays.com\/fi\/wp-json\/wp\/v2\/users\/2"}],"replies":[{"embeddable":true,"href":"https:\/\/www.europesays.com\/fi\/wp-json\/wp\/v2\/comments?post=118540"}],"version-history":[{"count":0,"href":"https:\/\/www.europesays.com\/fi\/wp-json\/wp\/v2\/posts\/118540\/revisions"}],"wp:featuredmedia":[{"embeddable":true,"href":"https:\/\/www.europesays.com\/fi\/wp-json\/wp\/v2\/media\/118541"}],"wp:attachment":[{"href":"https:\/\/www.europesays.com\/fi\/wp-json\/wp\/v2\/media?parent=118540"}],"wp:term":[{"taxonomy":"category","embeddable":true,"href":"https:\/\/www.europesays.com\/fi\/wp-json\/wp\/v2\/categories?post=118540"},{"taxonomy":"post_tag","embeddable":true,"href":"https:\/\/www.europesays.com\/fi\/wp-json\/wp\/v2\/tags?post=118540"}],"curies":[{"name":"wp","href":"https:\/\/api.w.org\/{rel}","templated":true}]}}