{"id":118544,"date":"2025-12-17T06:34:10","date_gmt":"2025-12-17T06:34:10","guid":{"rendered":"https:\/\/www.europesays.com\/fi\/118544\/"},"modified":"2025-12-17T06:34:10","modified_gmt":"2025-12-17T06:34:10","slug":"labore-suomella-ja-saksalla-samoja-talousongelmia-yle","status":"publish","type":"post","link":"https:\/\/www.europesays.com\/fi\/118544\/","title":{"rendered":"Labore: Suomella ja Saksalla samoja talousongelmia &#8211; Yle"},"content":{"rendered":"<ol>\n<li><a href=\"https:\/\/news.google.com\/rss\/articles\/CBMiQkFVX3lxTFBESVVzN0lHR3FtWldMNW90WTFVSVhmLXBaYnlHMnVOVUY0WS1qa3pRemx0Q1g4ZTJLQWVNTk12TF84dw?oc=5\" target=\"_blank\" rel=\"nofollow noopener\">Labore: Suomella ja Saksalla samoja talousongelmia<\/a>&nbsp;&nbsp;Yle<\/li>\n<li><a href=\"https:\/\/news.google.com\/rss\/articles\/CBMifkFVX3lxTE00bkswNmZWM1BtckJaQ3IxSGFRcFkxQzQ3OG5oeWFNQnRORkJHTHpUVGYtS3hXNmlxV05ZSVNYTzNiSDVQbWd5QXQ0YlNzVlhlak5Jei1EdTg0NHMtWDVtS1kxZHRPbWt4UkFlbGdvVmFodnQtUlAwN2hXTlo5Zw?oc=5\" target=\"_blank\" rel=\"nofollow noopener\">Suomen talous on saatava kasvuun \u2013 Kaksi menestynytt\u00e4 johtajaa paljastaa, miten se tehd\u00e4\u00e4n<\/a>&nbsp;&nbsp;Kauppalehti<\/li>\n<li><a href=\"https:\/\/news.google.com\/rss\/articles\/CBMic0FVX3lxTFBzWWQzUER2YU5mUGRHeExsUGNVZlhtM2pJMEFmeDQtZ194Ry1yTnRHTS16eDRfUTBTMU8wNU5teGpGa2tSRVpwN1A2bTJkdzZ4X2hvY09hTmQwX1hoUzNZcDdKaVFENVZCb3VFeHZ6QUFoM3M?oc=5\" target=\"_blank\" rel=\"nofollow noopener\">Suomen taloudessa Laboren mukaan kasvun merkkej\u00e4<\/a>&nbsp;&nbsp;Verkkouutiset<\/li>\n<li><a href=\"https:\/\/news.google.com\/rss\/articles\/CBMiekFVX3lxTE9SeXd4UHdabGRBbHo5STNKMGY3TVlFM2dvdU94aGsxTG84VGVvRG5zeUtmeGVCcmMybkZqeVA4dWVqbm9ZUGxmM01wbC15LThRZE5lMnpZeWxGWW5CVjlKYjMwNjlycUhHY2wxOWJISHBhS0RnRTE5eG5R?oc=5\" target=\"_blank\" rel=\"nofollow noopener\">Akava: T\u00e4ss\u00e4 on Suomea piinaava kasvujarru \u2013 Keskituloisen \u201dmenetys on hurja\u201d<\/a>&nbsp;&nbsp;Iltalehti<\/li>\n<li><a href=\"https:\/\/news.google.com\/rss\/articles\/CBMiugFBVV95cUxOMW1qQ3ctdVFCRHI3ekN5aGo5NnpqY0szUDlsWC1VNEdRT1ZJdDQ5QTJhQWlVaU1pVTlGYkpOR1BaQTQyaFR2MFVhWWR6UFVuaDg5cDJvZnJBd0o2U0NBcHlpY3pseV9hVWxBZW5zd2ZlaFVjekoteWZPeUNqRmtwNlp6NEhJOUotbHNqdTByUkFUNElieHpSS082LVB1LVpFQTI0YkpDeUZ5QUYwWDlaSF9KelJpSFJiYWc?oc=5\" target=\"_blank\" rel=\"nofollow noopener\">Odotettu talouskasvu h\u00e4\u00e4m\u00f6tt\u00e4\u00e4 \u2013 \u201dTeollisuuden monipuolistumiseen on aito mahdollisuus\u201d<\/a>&nbsp;&nbsp;Tekij\u00e4<\/li>\n<\/ol>\n","protected":false},"excerpt":{"rendered":"Labore: Suomella ja Saksalla samoja talousongelmia&nbsp;&nbsp;Yle Suomen talous on saatava kasvuun \u2013 Kaksi menestynytt\u00e4 johtajaa paljastaa, miten se&hellip;\n","protected":false},"author":2,"featured_media":74,"comment_status":"","ping_status":"","sticky":false,"template":"","format":"standard","meta":{"footnotes":""},"categories":[5],"tags":[22,23,5948,26,27,33,31,30,17,24,25,28,29,15,18,21,32,78,3250,19,20,16],"class_list":{"0":"post-118544","1":"post","2":"type-post","3":"status-publish","4":"format-standard","5":"has-post-thumbnail","7":"category-otsikot","8":"tag-breaking-news","9":"tag-breakingnews","10":"tag-euroalue","11":"tag-featured-news","12":"tag-featurednews","13":"tag-fi","14":"tag-finland","15":"tag-finnish","16":"tag-headlines","17":"tag-latest-news","18":"tag-latestnews","19":"tag-main-news","20":"tag-mainnews","21":"tag-news","22":"tag-otsikot","23":"tag-paauutiset","24":"tag-suomi","25":"tag-talous","26":"tag-talouskasvu","27":"tag-top-stories","28":"tag-topstories","29":"tag-uutiset"},"share_on_mastodon":{"url":"https:\/\/pubeurope.com\/@fi\/115733519589333074","error":""},"_links":{"self":[{"href":"https:\/\/www.europesays.com\/fi\/wp-json\/wp\/v2\/posts\/118544","targetHints":{"allow":["GET"]}}],"collection":[{"href":"https:\/\/www.europesays.com\/fi\/wp-json\/wp\/v2\/posts"}],"about":[{"href":"https:\/\/www.europesays.com\/fi\/wp-json\/wp\/v2\/types\/post"}],"author":[{"embeddable":true,"href":"https:\/\/www.europesays.com\/fi\/wp-json\/wp\/v2\/users\/2"}],"replies":[{"embeddable":true,"href":"https:\/\/www.europesays.com\/fi\/wp-json\/wp\/v2\/comments?post=118544"}],"version-history":[{"count":0,"href":"https:\/\/www.europesays.com\/fi\/wp-json\/wp\/v2\/posts\/118544\/revisions"}],"wp:featuredmedia":[{"embeddable":true,"href":"https:\/\/www.europesays.com\/fi\/wp-json\/wp\/v2\/media\/74"}],"wp:attachment":[{"href":"https:\/\/www.europesays.com\/fi\/wp-json\/wp\/v2\/media?parent=118544"}],"wp:term":[{"taxonomy":"category","embeddable":true,"href":"https:\/\/www.europesays.com\/fi\/wp-json\/wp\/v2\/categories?post=118544"},{"taxonomy":"post_tag","embeddable":true,"href":"https:\/\/www.europesays.com\/fi\/wp-json\/wp\/v2\/tags?post=118544"}],"curies":[{"name":"wp","href":"https:\/\/api.w.org\/{rel}","templated":true}]}}