{"id":118545,"date":"2025-12-17T06:46:13","date_gmt":"2025-12-17T06:46:13","guid":{"rendered":"https:\/\/www.europesays.com\/fi\/118545\/"},"modified":"2025-12-17T06:46:13","modified_gmt":"2025-12-17T06:46:13","slug":"kurre-westerlund-paljastaa-jarjestaneensa-yhdella-puhelinsoitolla-200-nelioisen-okysviitin-lontoossa","status":"publish","type":"post","link":"https:\/\/www.europesays.com\/fi\/118545\/","title":{"rendered":"Kurre Westerlund paljastaa j\u00e4rjest\u00e4neens\u00e4 yhdell\u00e4 puhelinsoitolla 200-neli\u00f6isen \u00f6kysviitin Lontoossa"},"content":{"rendered":"<p>            Timo Korhonen &amp; Adobe Stock\n        <\/p>\n<p class=\"subtitle \">Jenna Westerlund oli lent\u00e4\u00e4 Lontoossa h\u00e4mm\u00e4styksest\u00e4 sel\u00e4lleen.<\/p>\n<p class=\"article-content article-content-width !bg-background\">Laulajapariskunta , 61, ja , 38, on takanaan raskaita aikoja.<\/p>\n<p class=\"font-weight-bold m-font-weight-bold article-content article-content-width !bg-background\">Videolla Kurre &amp; Jenna Westerlundin ensimm\u00e4inen joulu avioparina:<\/p>\n<p class=\"article-content article-content-width !bg-background\">Kurren \u00e4iti , 94, kuoli syksyll\u00e4. H\u00e4n siirtyi ajasta i\u00e4isyyteen poikansa syntym\u00e4p\u00e4iv\u00e4n\u00e4 6. lokakuuta.<\/p>\n<p class=\"article-content article-content-width !bg-background\">\u2013 H\u00e4n oli k\u00e4yt\u00e4nn\u00f6ss\u00e4 katsoen puolitoista viikkoa saattohoidossa. Tiedettiin, ettei siin\u00e4 hyvin k\u00e4y, Kurre huokaa.<\/p>\n<p class=\"article-content article-content-width !bg-background\">\u2013 T\u00e4m\u00e4 on ollut tosi rankka syksy. Vasta tuntuu, ett\u00e4 pikkuhiljaa alkaa n\u00e4ky\u00e4 valoa.<\/p>\n<p>                <img decoding=\"async\" src=\"https:\/\/www.europesays.com\/fi\/wp-content\/uploads\/2025\/12\/2023801.webp\" width=\"576\" height=\"720\" alt=\"Kurre ja Jenna l\u00e4htev\u00e4t kurjuutta pakoon Lontooseen.\" loading=\"lazy\" \/>            <\/p>\n<p>\n            Kurre ja Jenna l\u00e4htev\u00e4t kurjuutta pakoon Lontooseen.<br \/>\n            Timo Korhonen\n        <\/p>\n<p>Luksusloma Lontoossa<\/p>\n<p class=\"article-content article-content-width !bg-background\">Suruaikaa ei ole suinkaan helpottanut se, ett\u00e4 etel\u00e4isess\u00e4 Suomessa vett\u00e4 ja pimeytt\u00e4 on piisannut yllin kyllin.<\/p>\n<p class=\"article-content article-content-width !bg-background\">Kurre ja Jenna vetiv\u00e4t surkeasta s\u00e4\u00e4st\u00e4 omat johtop\u00e4\u00e4t\u00f6ksens\u00e4. He ovat p\u00e4\u00e4tt\u00e4neet palkita itsens\u00e4 kaiken kokemansa j\u00e4lkeen.<\/p>\n<p>        <a itemprop=\"url\" href=\"https:\/\/www.seiska.fi\/kotimaa\/kurre-westerlundin-mitta-tuli-tayteen-puhuu-suunsa-puhtaaksi-intiimista-asiasta\/1685877\" rel=\"nofollow noopener\" target=\"_blank\"><\/p>\n<p>\nMitta tuli t\u00e4yteen\n<\/p>\n<p class=\"section-date\">\n        <strong class=\"article-section\" data-section=\"kotimaa\"><br \/>\n            kotimaa<br \/>\n        <\/strong><br \/>\n        28.4. 17:00\n    <\/p>\n<p>Kurre Westerlundin mitta tuli t\u00e4yteen \u2013 puhuu suunsa puhtaaksi intiimist\u00e4 asiasta\n    <\/p>\n<p itemprop=\"description\" class=\"subtitle \">\n    Kes\u00e4ll\u00e4 avioon astelevalla kultakurkulla on perspektiivi\u00e4 kommentoida maailmanmenoa.\n<\/p>\n<p>        <\/a><\/p>\n<p class=\"article-content article-content-width !bg-background\">\u2013 Lenn\u00e4mme 18. joulukuuta Lontooseen. Ollaan siell\u00e4 kolme y\u00f6t\u00e4 kaksistaan ja nautitaan siit\u00e4 suurkaupungin kauniista ja idyllisest\u00e4 joulusta.<\/p>\n<p class=\"article-content article-content-width !bg-background\">\u2013 Siit\u00e4 alkaa meid\u00e4n joululomamme. Luvassa on shoppailua mutta toki my\u00f6s rauhoittumista, ennen kuin palaamme Suomeen joulunviettoon.<\/p>\n<p>                <img decoding=\"async\" src=\"https:\/\/www.europesays.com\/fi\/wp-content\/uploads\/2025\/12\/2023807.webp\" width=\"576\" height=\"720\" alt=\"Westerlundit laskeutuvat Lontoosta joulunviettoon.\" loading=\"lazy\" \/>            <\/p>\n<p>\n            Westerlundit laskeutuvat Lontoosta joulunviettoon.<br \/>\n            Timo Korhonen\n        <\/p>\n<p>Lontoon ongelma<\/p>\n<p class=\"article-content article-content-width !bg-background\">Kuten tiedet\u00e4\u00e4n, Kurre on kokenut k\u00e4vij\u00e4 Las Vegasissa. Kultakurkku on vieraillut maailmankuulussa kasinokaupungissa k\u00e4sitt\u00e4m\u00e4tt\u00f6m\u00e4t 85 kertaa.<\/p>\n<p class=\"article-content article-content-width !bg-background\">\u2013 Vegasissa voi majoittua \u00e4lytt\u00f6m\u00e4n edullisesti oikeasti huikeassa viiden t\u00e4hden hotellissa. Mutta Lontoo ei ole sellainen.<\/p>\n<p>        <a itemprop=\"url\" href=\"https:\/\/www.seiska.fi\/kotimaa\/kurre-westerlundin-idankaupat-paljastuivat-olen-kaynyt-yli-100-kertaa-kiinassa\/1681933\" rel=\"nofollow noopener\" target=\"_blank\"><\/p>\n<p>\n100 kertaa Kiinassa!\n<\/p>\n<p class=\"section-date\">\n        <strong class=\"article-section\" data-section=\"kotimaa\"><br \/>\n            kotimaa<br \/>\n        <\/strong><br \/>\n        27.4. 11:00\n    <\/p>\n<p>Kurre Westerlundin id\u00e4nkaupat paljastuivat \u2013 \u201dOlen k\u00e4ynyt yli 100 kertaa Kiinassa\u201d\n    <\/p>\n<p itemprop=\"description\" class=\"subtitle \">\n    Kultakurkkuna tunnettu viihdemies kertoo Kaukoid\u00e4n kauppareissuistaan.\n<\/p>\n<p>        <\/a><\/p>\n<p class=\"article-content article-content-width !bg-background\">Kurren mielest\u00e4 Lontoon ongelma on, ett\u00e4 se on vaikea kaupunki majoittua.<\/p>\n<p class=\"article-content article-content-width !bg-background\">\u2013 Toisessa \u00e4\u00e4rip\u00e4\u00e4ss\u00e4 on ihan kauheita luukkuja, ja sitten on megahienoja hotelleja. Mutta ne megahienot maksavat t\u00f6rke\u00e4n paljon.<\/p>\n<p>T\u00e4ydellinen uutuushotelli<\/p>\n<p class=\"article-content article-content-width !bg-background\">Kurre ja Jenna kertovat l\u00f6yt\u00e4neens\u00e4 Lontoosta juuri t\u00e4ydellisen hotellin, jossa hinta ja laatu ly\u00f6v\u00e4t k\u00e4tt\u00e4 p\u00e4\u00e4lle.<\/p>\n<p class=\"article-content article-content-width !bg-background\">\u2013 Sellainen kiva uusi hotelli, joka sijaitsee aivan kaupungin ytimess\u00e4. Se on tosi makea paikka ja tietysti my\u00f6s hotellin uutuus vieh\u00e4tt\u00e4\u00e4.<\/p>\n<p>        <a itemprop=\"url\" href=\"https:\/\/www.seiska.fi\/kotimaa\/kurre-westerlund-60-ja-jenna-valikangas-38-jattiuutisia\/1681761\" rel=\"nofollow noopener\" target=\"_blank\"><\/p>\n<p>\nKurre, 60, ja Jenna, 38:\n<\/p>\n<p class=\"section-date\">\n        <strong class=\"article-section\" data-section=\"kotimaa\"><br \/>\n            kotimaa<br \/>\n        <\/strong><br \/>\n        23.4. 14:31\n    <\/p>\n<p>Kurre Westerlund, 60, ja Jenna V\u00e4likangas, 38: j\u00e4ttiuutisia!\n    <\/p>\n<p itemprop=\"description\" class=\"subtitle \">\n    Vuosi sitten kihlautuneet syd\u00e4nk\u00e4pyset astelevat pian alttarille.\n<\/p>\n<p>        <\/a><\/p>\n<p class=\"article-content article-content-width !bg-background\">Tuore aviopari k\u00e4v\u00e4isi kyseisess\u00e4 hotellissa jo alkusyksyll\u00e4.<\/p>\n<p class=\"article-content article-content-width !bg-background\">\u2013 Vakuutuimme paikasta niin, ett\u00e4 halusimme sinne jouluksi uudelleen.<\/p>\n<p>Kurre tarttui luuriin<\/p>\n<p class=\"article-content article-content-width !bg-background\">Lontoon syysreissuun liittyy luksusluokan paljastus. Jenna kertoo hermostuneensa tuoreelle aviomiehelleen, kun t\u00e4m\u00e4 meni soittelemaan etuk\u00e4teen hotelliin.<\/p>\n<p>        <a itemprop=\"url\" href=\"https:\/\/www.seiska.fi\/kotimaa\/eih-kurre-ja-kuvankaunis-jenna-terveystalossa-tama-on-niin-jarkyttavaa\/1651569\" rel=\"nofollow noopener\" target=\"_blank\"><\/p>\n<p>\nKurre &amp; Jenna:\n<\/p>\n<p class=\"section-date\">\n        <strong class=\"article-section\" data-section=\"kotimaa\"><br \/>\n            kotimaa<br \/>\n        <\/strong><br \/>\n        21.3. 17:30\n    <\/p>\n<p>Eih! Kurre ja kuvankaunis Jenna Terveystalossa: \u201dT\u00e4m\u00e4 on niin j\u00e4rkytt\u00e4v\u00e4\u00e4\u201d\n    <\/p>\n<p itemprop=\"description\" class=\"subtitle \">\n    Kurre Westerlund tilitt\u00e4\u00e4 avoimesti pariskunnan terveyskurimuksesta.\n<\/p>\n<p>        <\/a><\/p>\n<p class=\"article-content article-content-width !bg-background\">\u2013 Soitin sinne etuk\u00e4teen ja ilmoitin, ett\u00e4 olemme tulossa sinne meid\u00e4n kakkos honeymoonille, Kurre muistelee.<\/p>\n<p class=\"article-content article-content-width !bg-background\">\u2013 Mua jotenkin nolotti se. \u00c4r\u00e4hdin Kurrelle, ett\u00e4 eih\u00e4n me nyt voida niin sanoa ja mainostaa meid\u00e4n olevan h\u00e4\u00e4matkalla, Jenna muistelee.<\/p>\n<p>Huima \u00f6ky-yll\u00e4tys<\/p>\n<p class=\"article-content article-content-width !bg-background\">Luuriin tarttuminen kuitenkin kannatti. Lontoolaisessa uutuushotellissa noteerattiin nimitt\u00e4in isosti suomalainen nuoripari.<\/p>\n<p class=\"article-content article-content-width !bg-background\">\u2013 Heti kun astuttiin hotellin aulaan, niin se respan tyyppi oli ihan innoissaan. Ett\u00e4 onneksi olkoon, vihdoinkin te olette t\u00e4\u00e4ll\u00e4!<\/p>\n<p>        <a itemprop=\"url\" href=\"https:\/\/www.seiska.fi\/kotimaa\/kurre-westerlundin-karmea-tilitys-nyt-nayttaa-pahalta\/1661796\" rel=\"nofollow noopener\" target=\"_blank\"><\/p>\n<p>\nKurren karmea tilitys\n<\/p>\n<p class=\"section-date\">\n        <strong class=\"article-section\" data-section=\"kotimaa\"><br \/>\n            kotimaa<br \/>\n        <\/strong><br \/>\n        6.4. 20:00\n    <\/p>\n<p>Kurre Westerlundin karmea tilitys: \u201dNyt n\u00e4ytt\u00e4\u00e4 pahalta\u201d\n    <\/p>\n<p itemprop=\"description\" class=\"subtitle \">\n    Viihteen monitoimimies viett\u00e4\u00e4 t\u00e4ysin poikkeuksellista vuotta.\n<\/p>\n<p>        <\/a><\/p>\n<p class=\"article-content article-content-width !bg-background\">Hotellilla oli huippuluokan yll\u00e4tys valmiina. Kurre ja Jenna kertovat varanneensa alun perin tavallisen huoneen.<\/p>\n<p class=\"article-content article-content-width !bg-background\">\u2013 He olivat upgreidanneet meille koko hotellin hienoimman huoneen.<\/p>\n<p>Kivempaa kuin kotona<\/p>\n<p class=\"article-content article-content-width !bg-background\">Vaikka Westerlundit ovat n\u00e4hneet ja kokeneet matkoillaan melkoisesti, lontoolaisen uutuushotellin \u00f6kysviitti l\u00f6i heid\u00e4t \u00e4llik\u00e4ll\u00e4.<\/p>\n<p class=\"article-content article-content-width !bg-background\">\u2013 Se oli ihan mielet\u00f6n, todella makea 200-neli\u00f6inen huone. Normaalisti se olisi maksanut yli 8000 euroa y\u00f6lt\u00e4, Kurre huokailee.<\/p>\n<p>\n            Se oli siis valehtelematta niin hieno huone, etten olisi halunnut l\u00e4hte\u00e4 sielt\u00e4 lainkaan kotiin.\n            <\/p>\n<p class=\"article-content article-content-width !bg-background\">\u2013 Se oli siis valehtelematta niin hieno huone, etten olisi halunnut l\u00e4hte\u00e4 sielt\u00e4 lainkaan kotiin, Jenna nauraa ja luettelee per\u00e4\u00e4n:<\/p>\n<p class=\"article-content article-content-width !bg-background\">\u2013 Parisataa neli\u00f6t\u00e4, oma walk in closet, aivan huikea. Ihan todellinen once in a lifetime kokemus meille molemmille!<\/p>\n<p>                <img decoding=\"async\" src=\"https:\/\/www.europesays.com\/fi\/wp-content\/uploads\/2025\/12\/2023805.webp\" width=\"576\" height=\"639\" alt=\"Avioparilla on edess\u00e4\u00e4n romanttinen reissu.\" loading=\"lazy\" \/>            <\/p>\n<p>\n            Avioparilla on edess\u00e4\u00e4n romanttinen reissu.<br \/>\n            Timo Korhonen\n        <\/p>\n","protected":false},"excerpt":{"rendered":"Timo Korhonen &amp; Adobe Stock Jenna Westerlund oli lent\u00e4\u00e4 Lontoossa h\u00e4mm\u00e4styksest\u00e4 sel\u00e4lleen. Laulajapariskunta , 61, ja , 38,&hellip;\n","protected":false},"author":2,"featured_media":118546,"comment_status":"","ping_status":"","sticky":false,"template":"","format":"standard","meta":{"footnotes":""},"categories":[136],"tags":[21484,407,1774,137,33,31,30,21483,8916,5856,408,8917,3142,1478,923,21482,32,21481,109],"class_list":{"0":"post-118545","1":"post","2":"type-post","3":"status-publish","4":"format-standard","5":"has-post-thumbnail","7":"category-julkkikset","8":"tag-anneli-westerlund","9":"tag-celebrities","10":"tag-englanti","11":"tag-entertainment","12":"tag-fi","13":"tag-finland","14":"tag-finnish","15":"tag-irtiotto","16":"tag-jenna-westerlund","17":"tag-joulu","18":"tag-julkkikset","19":"tag-kurre-westerlund","20":"tag-lontoo","21":"tag-matkailu","22":"tag-matkustaminen","23":"tag-okysviitti","24":"tag-suomi","25":"tag-sviitti","26":"tag-viihde"},"share_on_mastodon":{"url":"https:\/\/pubeurope.com\/@fi\/115733567213764673","error":""},"_links":{"self":[{"href":"https:\/\/www.europesays.com\/fi\/wp-json\/wp\/v2\/posts\/118545","targetHints":{"allow":["GET"]}}],"collection":[{"href":"https:\/\/www.europesays.com\/fi\/wp-json\/wp\/v2\/posts"}],"about":[{"href":"https:\/\/www.europesays.com\/fi\/wp-json\/wp\/v2\/types\/post"}],"author":[{"embeddable":true,"href":"https:\/\/www.europesays.com\/fi\/wp-json\/wp\/v2\/users\/2"}],"replies":[{"embeddable":true,"href":"https:\/\/www.europesays.com\/fi\/wp-json\/wp\/v2\/comments?post=118545"}],"version-history":[{"count":0,"href":"https:\/\/www.europesays.com\/fi\/wp-json\/wp\/v2\/posts\/118545\/revisions"}],"wp:featuredmedia":[{"embeddable":true,"href":"https:\/\/www.europesays.com\/fi\/wp-json\/wp\/v2\/media\/118546"}],"wp:attachment":[{"href":"https:\/\/www.europesays.com\/fi\/wp-json\/wp\/v2\/media?parent=118545"}],"wp:term":[{"taxonomy":"category","embeddable":true,"href":"https:\/\/www.europesays.com\/fi\/wp-json\/wp\/v2\/categories?post=118545"},{"taxonomy":"post_tag","embeddable":true,"href":"https:\/\/www.europesays.com\/fi\/wp-json\/wp\/v2\/tags?post=118545"}],"curies":[{"name":"wp","href":"https:\/\/api.w.org\/{rel}","templated":true}]}}