{"id":118572,"date":"2025-12-17T07:23:07","date_gmt":"2025-12-17T07:23:07","guid":{"rendered":"https:\/\/www.europesays.com\/fi\/118572\/"},"modified":"2025-12-17T07:23:07","modified_gmt":"2025-12-17T07:23:07","slug":"kutsu-medialle-suomen-pankin-tiedotustilaisuus-19-12-2025-suomen-talouden-nakymista","status":"publish","type":"post","link":"https:\/\/www.europesays.com\/fi\/118572\/","title":{"rendered":"Kutsu medialle: Suomen Pankin tiedotustilaisuus 19.12.2025 Suomen talouden n\u00e4kymist\u00e4"},"content":{"rendered":"<p><strong><\/p>\n<p>Elpyyk\u00f6 Suomen talous? Miten kauppasota ja maailmantilanteeseen liittyv\u00e4 ep\u00e4varmuus vaikuttaa talouskehitykseemme? Mitk\u00e4 ovat julkisen talouden n\u00e4kym\u00e4t?<\/p>\n<p><\/strong><\/p>\n<p>Tervetuloa seuraamaan Suomen talouden n\u00e4kymi\u00e4 k\u00e4sittelev\u00e4\u00e4 lehdist\u00f6tilaisuutta\u00a0<strong>perjantaina 19.12.2025 klo 11.00<\/strong>.<\/p>\n<p>Suomen Pankin p\u00e4\u00e4johtaja\u00a0<strong>Olli Rehn<\/strong>\u00a0k\u00e4y l\u00e4pi Suomen talouden pitk\u00e4n aikav\u00e4lin haasteita ja uudistustarpeita sek\u00e4 euroalueen rahapolitiikkaa. Ennustep\u00e4\u00e4llikk\u00f6\u00a0<strong>Juuso Vanhala\u00a0<\/strong>esittelee Suomen talousennusteen vuosille 2025\u20132028. Lis\u00e4ksi tilaisuudessa esitell\u00e4\u00e4n Suomen Pankin vuosittainen arvio julkisen talouden tilanteesta.<\/p>\n<p>Pyyd\u00e4mme tilaisuuteen osallistuvia median edustajia yst\u00e4v\u00e4llisesti ilmoittautumaan tiedotustilaisuuteen sek\u00e4 embargolistalle\u00a0<strong>viimeist\u00e4\u00e4n <\/strong><strong>torstaina 18.12.2025 klo 12<\/strong>\u00a0t\u00e4m\u00e4n linkin kautta:<\/p>\n<p><a href=\"https:\/\/www.lyyti.fi\/reg\/Suomen_Pankin_tiedotustilaisuus_1912_Suomen_talouden_nkymist_2950\" rel=\"nofollow noopener\" target=\"_blank\">Ilmoittaudu tilaisuuteen<\/a><\/p>\n<p>Ilmoittautumisen yhteydess\u00e4 voi esitt\u00e4\u00e4 mahdolliset TV- ja radiohaastattelupyynn\u00f6t.<\/p>\n<p>Tilaisuus j\u00e4rjestet\u00e4\u00e4n Suomen Pankin auditoriossa osoitteessa Rauhankatu 19, Helsinki. Osallistujien on pyydett\u00e4ess\u00e4 esitett\u00e4v\u00e4 lehdist\u00f6korttinsa ja kuvallinen henkil\u00f6todistus.<\/p>\n<p>Lehdist\u00f6tilaisuus l\u00e4hetet\u00e4\u00e4n my\u00f6s suorana verkkol\u00e4hetyksen\u00e4. Ilmoittautuneille toimittajille l\u00e4hetet\u00e4\u00e4n tilaisuuden linkki. Median edustajien on mahdollista esitt\u00e4\u00e4 kysymyksi\u00e4 verkkol\u00e4hetyksen chat-toiminnon kautta. Kysymyksen yhteydess\u00e4 on oltava nimi ja tiedotusv\u00e4line, jota toimittaja edustaa.<\/p>\n","protected":false},"excerpt":{"rendered":"Elpyyk\u00f6 Suomen talous? Miten kauppasota ja maailmantilanteeseen liittyv\u00e4 ep\u00e4varmuus vaikuttaa talouskehitykseemme? Mitk\u00e4 ovat julkisen talouden n\u00e4kym\u00e4t? Tervetuloa seuraamaan&hellip;\n","protected":false},"author":2,"featured_media":118573,"comment_status":"","ping_status":"","sticky":false,"template":"","format":"standard","meta":{"footnotes":""},"categories":[76],"tags":[79,77,33,31,30,32,78],"class_list":{"0":"post-118572","1":"post","2":"type-post","3":"status-publish","4":"format-standard","5":"has-post-thumbnail","7":"category-talous","8":"tag-business","9":"tag-economy","10":"tag-fi","11":"tag-finland","12":"tag-finnish","13":"tag-suomi","14":"tag-talous"},"share_on_mastodon":{"url":"https:\/\/pubeurope.com\/@fi\/115733712384351552","error":""},"_links":{"self":[{"href":"https:\/\/www.europesays.com\/fi\/wp-json\/wp\/v2\/posts\/118572","targetHints":{"allow":["GET"]}}],"collection":[{"href":"https:\/\/www.europesays.com\/fi\/wp-json\/wp\/v2\/posts"}],"about":[{"href":"https:\/\/www.europesays.com\/fi\/wp-json\/wp\/v2\/types\/post"}],"author":[{"embeddable":true,"href":"https:\/\/www.europesays.com\/fi\/wp-json\/wp\/v2\/users\/2"}],"replies":[{"embeddable":true,"href":"https:\/\/www.europesays.com\/fi\/wp-json\/wp\/v2\/comments?post=118572"}],"version-history":[{"count":0,"href":"https:\/\/www.europesays.com\/fi\/wp-json\/wp\/v2\/posts\/118572\/revisions"}],"wp:featuredmedia":[{"embeddable":true,"href":"https:\/\/www.europesays.com\/fi\/wp-json\/wp\/v2\/media\/118573"}],"wp:attachment":[{"href":"https:\/\/www.europesays.com\/fi\/wp-json\/wp\/v2\/media?parent=118572"}],"wp:term":[{"taxonomy":"category","embeddable":true,"href":"https:\/\/www.europesays.com\/fi\/wp-json\/wp\/v2\/categories?post=118572"},{"taxonomy":"post_tag","embeddable":true,"href":"https:\/\/www.europesays.com\/fi\/wp-json\/wp\/v2\/tags?post=118572"}],"curies":[{"name":"wp","href":"https:\/\/api.w.org\/{rel}","templated":true}]}}