{"id":118579,"date":"2025-12-17T07:38:10","date_gmt":"2025-12-17T07:38:10","guid":{"rendered":"https:\/\/www.europesays.com\/fi\/118579\/"},"modified":"2025-12-17T07:38:10","modified_gmt":"2025-12-17T07:38:10","slug":"jasper-paakkosta-japaniin-vienyt-yhtio-laittaa-uudet-hankkeet-jaihin-kunnes-kohu-silmienvenytyskuvista-laantuu-kotimaa","status":"publish","type":"post","link":"https:\/\/www.europesays.com\/fi\/118579\/","title":{"rendered":"Jasper P\u00e4\u00e4kk\u00f6st\u00e4 Japaniin vienyt yhti\u00f6 laittaa uudet hankkeet j\u00e4ihin, kunnes kohu silmienvenytyskuvista laantuu | Kotimaa"},"content":{"rendered":"<p class=\"aw-1gybjub aw-5vja16 kEtdKx kmuxyA yle__article__paragraph\">Jasper P\u00e4\u00e4kk\u00f6sen t\u00e4hditt\u00e4m\u00e4 rikossarja on menossa levitykseen Japanissa ensi vuonna. Tuotantoyhti\u00f6n luovan johtajan mukaan Suomen vahva maabr\u00e4ndi Japanissa on saanut kolauksen.<\/p>\n<p><img decoding=\"async\" alt=\"Talviseen maisemaan sopivasti pukeutunut Jasper P\u00e4\u00e4kk\u00f6nen seisoo lumisessa kaupunkiymp\u00e4rist\u00f6ss\u00e4 Tampereella. H\u00e4nell\u00e4 on p\u00e4\u00e4ll\u00e4\u00e4n harmaa toppatakki, jonka kauluksella on keltaista, ja vaalea neulepaita. Taustalla n\u00e4kyy tiilirakennus ja lumipeitteisi\u00e4 katuja.\" src=\"https:\/\/www.europesays.com\/fi\/wp-content\/uploads\/2025\/12\/39-1406630678785fc2003f.jpeg\" class=\"aw-1l9m598 hKVVvP\"\/><\/p>\n<p>Avaa kuvien katselu<\/p>\n<p>Suomalais-japanilasta Nousevan auringon varjot-sarjaa on kuvattu Tampereella. P\u00e4\u00e4osissa n\u00e4hd\u00e4\u00e4n Jasper P\u00e4\u00e4kk\u00f6nen ja Anne Watanabe. Kuva: Annamaria Palsi-Ikonen<\/p>\n<ul class=\"aw-1jjocuh iJTSwP yle__article__list yle__article__list--ul\">\n<li class=\"aw-1j7gwms gNYKfi\">Perussuomalaispoliitikkojen julkaisemat silmienvenytyskuvat ovat aiheuttaneet Suomelle mainehaittaa Japanissa.<\/li>\n<li class=\"aw-1j7gwms gNYKfi\">Kohun vuoksi suomalainen tv-tuotantoyhti\u00f6 on joutunut lykk\u00e4\u00e4m\u00e4\u00e4n uusien yhteisty\u00f6hankkeiden esittely\u00e4 Japanissa.<\/li>\n<li class=\"aw-1j7gwms gNYKfi\">Yhti\u00f6n johdon mukaan tapaus voi haitata suomalaisyritysten vientiponnisteluja Japanin markkinoilla laajemminkin.<\/li>\n<\/ul>\n<p class=\"aw-1gybjub aw-1p7kakr kEtdKx cEmitX yle__article__paragraph\">Suomessa ei ymm\u00e4rret\u00e4, miten vakavasti <a class=\"aw-iao6s4 iHOxEa yle__article__link\" href=\"https:\/\/yle.fi\/a\/74-20199397\" role=\"link\" rel=\"nofollow noopener\" target=\"_blank\">suomalaispoliitikkojen silmienvenytyskuvat<\/a> on Japanissa otettu.<\/p>\n<p class=\"aw-1gybjub aw-1p7kakr kEtdKx cEmitX yle__article__paragraph\">Suomen vuosikymmeni\u00e4 rakennettu hyv\u00e4 maine on saanut somessa levi\u00e4vien kuvien takia kolauksen, joka voi haitata suomalaisyritysten vientiponnistuksia Japanin markkinoilla laajemminkin.<\/p>\n<p class=\"aw-1gybjub aw-1p7kakr kEtdKx cEmitX yle__article__paragraph\">N\u00e4in sanoo tuotantoyhti\u00f6 ICS Nordicin luova johtaja <strong class=\"aw-ak79eh KyCXm yle__article__strong\">Ilkka Hynninen<\/strong>. Yhti\u00f6ll\u00e4 on j\u00e4lkituotantovaiheessa Japanin markkinoille suunnattu rikossarja, jonka p\u00e4\u00e4osissa ovat <strong class=\"aw-ak79eh KyCXm yle__article__strong\">Jasper P\u00e4\u00e4kk\u00f6nen<\/strong> ja kotimaassaan tunnettu n\u00e4yttelij\u00e4 <strong class=\"aw-ak79eh KyCXm yle__article__strong\">Anne Watanabe<\/strong>.<\/p>\n<p class=\"aw-1gybjub aw-1p7kakr kEtdKx cEmitX yle__article__paragraph\">\u2013 Japanilaiset kollegat ovat ottaneet t\u00e4m\u00e4n ihmetellen vastaan. Ett\u00e4 mit\u00e4 ihmett\u00e4 oikein tapahtuu. Kannattaa muistaa, ett\u00e4 Suomella on ollut Japanissa poikkeuksellisen vahva maabr\u00e4ndi. Me olemme olleet se isoin Pohjoismaa, Hynninen sanoo.<\/p>\n<p>\u201dKasvanut lumivy\u00f6ryn lailla\u201d<img decoding=\"async\" alt=\"Tuottaja Ilkka Hynninen henkil\u00f6kuvassa\" src=\"https:\/\/www.europesays.com\/fi\/wp-content\/uploads\/2025\/12\/39-1011466632c4abd6466c.jpeg\" loading=\"lazy\" class=\"aw-1l9m598 hKVVvP\"\/><\/p>\n<p>Avaa kuvien katselu<\/p>\n<p>ICS Nordicin luova johtaja Ilkka Hynninen toivoo, ett\u00e4 kohu suomalaispoliitikkojen some-kuvat eiv\u00e4t en\u00e4\u00e4 ensi vuonna ole japanilaisten mieless\u00e4.<\/p>\n<p class=\"aw-1gybjub aw-1p7kakr kEtdKx cEmitX yle__article__paragraph\">Hynnisen mukaan kuvien aiheuttama reaktio on Japanissa voimistunut siit\u00e4 saakka, kun ne tulivat julkisuuteen.<\/p>\n<p class=\"aw-1gybjub aw-1p7kakr kEtdKx cEmitX yle__article__paragraph\">\u2013 T\u00e4m\u00e4 on kasvanut lumivy\u00f6ryn lailla, ja tapausta on kommentoitu paljonkin. T\u00e4llaiset asiat koetaan siell\u00e4 hyvin sensitiivisiksi. Hyv\u00e4t k\u00e4yt\u00f6stavat ovat Japanissa t\u00e4rkeit\u00e4, ja luottamus rakennetaan monella tasolla.<\/p>\n<p class=\"aw-1gybjub aw-1p7kakr kEtdKx cEmitX yle__article__paragraph\">Nousevan auringon varjot tv-sarja menee levitykseen Japanissa ensi vuonna. Ilkka Hynninen korostaa, miten poikkeuksellista on, ett\u00e4 osittain suomalainen tv-tuotanto saadaan Japanin l\u00e4hes 125 miljoonan ihmisen markkinoille.<\/p>\n<p class=\"aw-1gybjub aw-1p7kakr kEtdKx cEmitX yle__article__paragraph\">Hynnisen tuotantoyhti\u00f6 on nyt japanilaisten kollegojen kanssa p\u00e4\u00e4tt\u00e4nyt lyk\u00e4t\u00e4 muiden, uusien suunnitelmien ja yhteisty\u00f6hankkeiden esittely\u00e4 maassa.<\/p>\n<p class=\"aw-1gybjub aw-1p7kakr kEtdKx cEmitX yle__article__paragraph\">\u2013 Totesimme yhdess\u00e4, ett\u00e4 nyt ei ole oikea hetki.<\/p>\n<p>Miten pitk\u00e4 mainehaitta<\/p>\n<p class=\"aw-1gybjub aw-1p7kakr kEtdKx cEmitX yle__article__paragraph\">Hynninen kiittelee p\u00e4\u00e4ministeri Petteri Orpoa siit\u00e4, ett\u00e4 h\u00e4n <a class=\"aw-iao6s4 iHOxEa yle__article__link\" href=\"https:\/\/yle.fi\/a\/74-20199788\" role=\"link\" rel=\"nofollow noopener\" target=\"_blank\">nimitti kuvien julkaisua eduskunnassa maanantaina typer\u00e4ksi<\/a> ja sanoi, ett\u00e4 siit\u00e4 on ollut jossain m\u00e4\u00e4rin is\u00e4nmaalle haittaa.<\/p>\n<p class=\"aw-1gybjub aw-1p7kakr kEtdKx cEmitX yle__article__paragraph\">\u2013 Toivon, ett\u00e4 en en\u00e4\u00e4 joudu en\u00e4\u00e4 ensi vuonna vastaamaan japanilaisten kysymyksiin t\u00e4st\u00e4. Valtionjohdon toimet ja puheet m\u00e4\u00e4ritt\u00e4v\u00e4t nyt, miten pitk\u00e4lle t\u00e4st\u00e4 koitunut mainehaitta menee.<\/p>\n<p class=\"aw-1gybjub aw-1p7kakr kEtdKx cEmitX yle__article__paragraph\">Perussuomalaisten Euroopan parlamentin j\u00e4sen <strong class=\"aw-ak79eh KyCXm yle__article__strong\">Sebastian Tynkkynen<\/strong> ja kansanedustajat <strong class=\"aw-ak79eh KyCXm yle__article__strong\">Kaisa Garedew<\/strong> ja <strong class=\"aw-ak79eh KyCXm yle__article__strong\">Juho Eerola<\/strong> julkaisivat viime viikolla somessa kuvia, joissa he venytteliv\u00e4t silmi\u00e4\u00e4n. He kertoivat ilmaisevansa n\u00e4in tukea kruununsa menett\u00e4neelle Miss Suomelle <strong class=\"aw-ak79eh KyCXm yle__article__strong\">Sarah Dzafcelle<\/strong>.<\/p>\n<p class=\"aw-1gybjub aw-1p7kakr kEtdKx cEmitX yle__article__paragraph\"><a class=\"aw-iao6s4 iHOxEa yle__article__link\" href=\"https:\/\/yle.fi\/a\/74-20199963\" role=\"link\" rel=\"nofollow noopener\" target=\"_blank\">Eerola on sittemmin pahoitellut<\/a>, ett\u00e4 h\u00e4nen kuvansa on tulkittu rasistiseksi.<\/p>\n","protected":false},"excerpt":{"rendered":"Jasper P\u00e4\u00e4kk\u00f6sen t\u00e4hditt\u00e4m\u00e4 rikossarja on menossa levitykseen Japanissa ensi vuonna. Tuotantoyhti\u00f6n luovan johtajan mukaan Suomen vahva maabr\u00e4ndi Japanissa&hellip;\n","protected":false},"author":2,"featured_media":118580,"comment_status":"","ping_status":"","sticky":false,"template":"","format":"standard","meta":{"footnotes":""},"categories":[136],"tags":[407,137,33,31,30,1343,7543,408,71,108,3458,637,32,109],"class_list":{"0":"post-118579","1":"post","2":"type-post","3":"status-publish","4":"format-standard","5":"has-post-thumbnail","7":"category-julkkikset","8":"tag-celebrities","9":"tag-entertainment","10":"tag-fi","11":"tag-finland","12":"tag-finnish","13":"tag-japani","14":"tag-jasper-paakkonen","15":"tag-julkkikset","16":"tag-kotimaa","17":"tag-kulttuuri","18":"tag-miss-suomi","19":"tag-politiikka","20":"tag-suomi","21":"tag-viihde"},"share_on_mastodon":{"url":"https:\/\/pubeurope.com\/@fi\/115733771967113864","error":""},"_links":{"self":[{"href":"https:\/\/www.europesays.com\/fi\/wp-json\/wp\/v2\/posts\/118579","targetHints":{"allow":["GET"]}}],"collection":[{"href":"https:\/\/www.europesays.com\/fi\/wp-json\/wp\/v2\/posts"}],"about":[{"href":"https:\/\/www.europesays.com\/fi\/wp-json\/wp\/v2\/types\/post"}],"author":[{"embeddable":true,"href":"https:\/\/www.europesays.com\/fi\/wp-json\/wp\/v2\/users\/2"}],"replies":[{"embeddable":true,"href":"https:\/\/www.europesays.com\/fi\/wp-json\/wp\/v2\/comments?post=118579"}],"version-history":[{"count":0,"href":"https:\/\/www.europesays.com\/fi\/wp-json\/wp\/v2\/posts\/118579\/revisions"}],"wp:featuredmedia":[{"embeddable":true,"href":"https:\/\/www.europesays.com\/fi\/wp-json\/wp\/v2\/media\/118580"}],"wp:attachment":[{"href":"https:\/\/www.europesays.com\/fi\/wp-json\/wp\/v2\/media?parent=118579"}],"wp:term":[{"taxonomy":"category","embeddable":true,"href":"https:\/\/www.europesays.com\/fi\/wp-json\/wp\/v2\/categories?post=118579"},{"taxonomy":"post_tag","embeddable":true,"href":"https:\/\/www.europesays.com\/fi\/wp-json\/wp\/v2\/tags?post=118579"}],"curies":[{"name":"wp","href":"https:\/\/api.w.org\/{rel}","templated":true}]}}