{"id":118588,"date":"2025-12-17T07:51:09","date_gmt":"2025-12-17T07:51:09","guid":{"rendered":"https:\/\/www.europesays.com\/fi\/118588\/"},"modified":"2025-12-17T07:51:09","modified_gmt":"2025-12-17T07:51:09","slug":"turkuun-uusi-lukiokoulutuksen-ja-perusopetuksen-palvelualuejohtaja","status":"publish","type":"post","link":"https:\/\/www.europesays.com\/fi\/118588\/","title":{"rendered":"Turkuun uusi lukiokoulutuksen ja perusopetuksen palvelualuejohtaja"},"content":{"rendered":"<p>Turun kaupungin lasten ja nuorten palvelukokonaisuudessa on tapahtunut muutoksia johtoteht\u00e4viss\u00e4. J\u00e4rjestelyill\u00e4 varmistetaan lasten ja nuorten palvelukokonaisuuden johtaminen ilman uusia virkoja.<\/p>\n<p>Lukiokoulutuksen palvelualuejohtajan virka vapautuu 1.1.2026 alkaen, kun nykyinen johtaja <strong>Jussi Paavola<\/strong> siirtyy Espooseen toisen asteen koulutuksen johtajaksi. H\u00e4nen paikalleen on valittu <strong>Timo Jalonen<\/strong>, joka t\u00e4ytt\u00e4\u00e4 lukiokoulutuksen johtajan kelpoisuusvaatimukset. Jalonen aloittaa lukiokoulutuksen johtajana 1.1.2026 alkaen.\u00a0<\/p>\n<p>Nykyinen perusopetuksen palvelup\u00e4\u00e4llikk\u00f6 <strong>Krista Lahtinen<\/strong> siirtyy m\u00e4\u00e4r\u00e4aikaisesti perusopetuksen palvelualuejohtajan teht\u00e4v\u00e4\u00e4n 1.1.2026 alkaen. Lahtinen on jo aiemmin m\u00e4\u00e4ritelty tammikuussa aloittavien aluerehtoreiden l\u00e4hiesihenkil\u00f6ksi ja aluemallin kehitt\u00e4misen johtajaksi.<\/p>\n<p>Kansliap\u00e4\u00e4llikk\u00f6 Tuomas Heikkinen on tehnyt p\u00e4\u00e4t\u00f6ksen siirroista 10.12.2025.<\/p>\n","protected":false},"excerpt":{"rendered":"Turun kaupungin lasten ja nuorten palvelukokonaisuudessa on tapahtunut muutoksia johtoteht\u00e4viss\u00e4. J\u00e4rjestelyill\u00e4 varmistetaan lasten ja nuorten palvelukokonaisuuden johtaminen ilman&hellip;\n","protected":false},"author":2,"featured_media":118589,"comment_status":"","ping_status":"","sticky":false,"template":"","format":"standard","meta":{"footnotes":""},"categories":[12],"tags":[22,23,26,27,33,31,30,17,24,25,28,29,15,18,21,32,19,20,16],"class_list":{"0":"post-118588","1":"post","2":"type-post","3":"status-publish","4":"format-standard","5":"has-post-thumbnail","7":"category-suomi","8":"tag-breaking-news","9":"tag-breakingnews","10":"tag-featured-news","11":"tag-featurednews","12":"tag-fi","13":"tag-finland","14":"tag-finnish","15":"tag-headlines","16":"tag-latest-news","17":"tag-latestnews","18":"tag-main-news","19":"tag-mainnews","20":"tag-news","21":"tag-otsikot","22":"tag-paauutiset","23":"tag-suomi","24":"tag-top-stories","25":"tag-topstories","26":"tag-uutiset"},"share_on_mastodon":{"url":"https:\/\/pubeurope.com\/@fi\/115733822449021042","error":""},"_links":{"self":[{"href":"https:\/\/www.europesays.com\/fi\/wp-json\/wp\/v2\/posts\/118588","targetHints":{"allow":["GET"]}}],"collection":[{"href":"https:\/\/www.europesays.com\/fi\/wp-json\/wp\/v2\/posts"}],"about":[{"href":"https:\/\/www.europesays.com\/fi\/wp-json\/wp\/v2\/types\/post"}],"author":[{"embeddable":true,"href":"https:\/\/www.europesays.com\/fi\/wp-json\/wp\/v2\/users\/2"}],"replies":[{"embeddable":true,"href":"https:\/\/www.europesays.com\/fi\/wp-json\/wp\/v2\/comments?post=118588"}],"version-history":[{"count":0,"href":"https:\/\/www.europesays.com\/fi\/wp-json\/wp\/v2\/posts\/118588\/revisions"}],"wp:featuredmedia":[{"embeddable":true,"href":"https:\/\/www.europesays.com\/fi\/wp-json\/wp\/v2\/media\/118589"}],"wp:attachment":[{"href":"https:\/\/www.europesays.com\/fi\/wp-json\/wp\/v2\/media?parent=118588"}],"wp:term":[{"taxonomy":"category","embeddable":true,"href":"https:\/\/www.europesays.com\/fi\/wp-json\/wp\/v2\/categories?post=118588"},{"taxonomy":"post_tag","embeddable":true,"href":"https:\/\/www.europesays.com\/fi\/wp-json\/wp\/v2\/tags?post=118588"}],"curies":[{"name":"wp","href":"https:\/\/api.w.org\/{rel}","templated":true}]}}