{"id":118610,"date":"2025-12-17T08:19:12","date_gmt":"2025-12-17T08:19:12","guid":{"rendered":"https:\/\/www.europesays.com\/fi\/118610\/"},"modified":"2025-12-17T08:19:12","modified_gmt":"2025-12-17T08:19:12","slug":"peltsin-toinen-luonto-osmo-peltola-hurmasi-jalleen","status":"publish","type":"post","link":"https:\/\/www.europesays.com\/fi\/118610\/","title":{"rendered":"Peltsin toinen luonto: Osmo Peltola hurmasi j\u00e4lleen"},"content":{"rendered":"<p>Tv-katsojat seurasivat tarkasti maanantai-iltana Osmo Peltolan edesottamuksia is\u00e4ns\u00e4 Peltsin toinen luonto -sarjassa.<\/p>\n<p class=\"article-body mb-nof-24 px-nof-16\">Tv-katsojat hehkuttavat sosiaalisessa mediassa maanantaina televisiossa n\u00e4hty\u00e4 Peltsin toinen luonto -sarjan jaksoa, jossa n\u00e4htiin toimittaja<a class=\"article-personlink\" href=\"https:\/\/www.is.fi\/haku\/?query=%20Mikko%20%E2%80%9DPeltsi%E2%80%9D%20Peltolan\" rel=\"nofollow noopener\" target=\"_blank\"> Mikko \u201dPeltsi\u201d Peltolan<\/a>, 51, ohella h\u00e4nen <a class=\"article-personlink\" href=\"https:\/\/www.is.fi\/haku\/?query=Osmo\" rel=\"nofollow noopener\" target=\"_blank\">Osmo<\/a>-poikansa, 13.<\/p>\n<p class=\"article-body mb-nof-24 px-nof-16\">\u2013\u2009Olette mahtavia ja ihania. Osmo on todella cool, er\u00e4s hehkuttaa Peltsin <a class=\"article-genericlink\" href=\"https:\/\/www.instagram.com\/p\/DSSMosFDJHk\/?hl=fi&amp;img_index=1\" rel=\"nofollow noopener\" target=\"_blank\">Instagram-tilill\u00e4<\/a>.<\/p>\n<p class=\"article-body mb-nof-24 px-nof-16\">\u2013\u2009Osmo on niin ihana, toinenkin kehuu.<\/p>\n<p class=\"article-body mb-nof-24 px-nof-16\">\u2013\u2009Hyv\u00e4 Osmo! Upea jakso, p\u00e4\u00e4si katselemaan komeita maisemia, kolmas kirjoittaa.<\/p>\n<p class=\"article-body mb-nof-24 px-nof-16\">\u2013\u2009Huippu jakso! nelj\u00e4s ylist\u00e4\u00e4.<\/p>\n<p class=\"article-body mb-nof-24 px-nof-16\">\u2013\u2009Osmon iloisuutta oli ihanaa seurata, kun h\u00e4n sai suuremman kalan kuin is\u00e4ns\u00e4, viides toteaa.<\/p>\n<p class=\"article-body mb-nof-24 px-nof-16\">\u2013\u2009Ja is\u00e4 p\u00e4\u00e4si uimaan. Lupaus on pidett\u00e4v\u00e4, kuudes viestitt\u00e4\u00e4.<\/p>\n<p class=\"article-body mb-nof-24 px-nof-16\">Kommentoijat viittavaat siihen, ett\u00e4 Kilpisj\u00e4rvell\u00e4 ja Pohjois-Norjassa kuvatussa jaksossa n\u00e4htiin, miten is\u00e4 ja poika l\u00f6iv\u00e4t vedon siit\u00e4, ett\u00e4 Peltsi uisi J\u00e4\u00e4meress\u00e4, jos poika saisi h\u00e4nt\u00e4 suuremman kalan. Osmo voitti lopulta suurella taimenellaan is\u00e4ns\u00e4, tosin vain sentill\u00e4.<\/p>\n<p class=\"article-body mb-nof-24 px-nof-16\">\u2013\u2009Hyv\u00e4 isk\u00e4, Osmo kannusti uivaa is\u00e4\u00e4ns\u00e4 nauraen.<\/p>\n<p class=\"article-body mb-nof-24 px-nof-16\">Osa somekommentoijista kertoo katsoneensa jakson innoissaan jo ennakkoon. Se on ollut nimitt\u00e4in n\u00e4ht\u00e4vill\u00e4 yli viikon verran Yle Areenassa.<\/p>\n<p class=\"article-body mb-nof-24 px-nof-16\">My\u00f6s Ilta-Sanomien <a class=\"article-genericlink\" href=\"https:\/\/www.facebook.com\/photo?fbid=1325627526274949&amp;set=a.644578867713155\" rel=\"nofollow noopener\" target=\"_blank\">Facebook-kent\u00e4ss\u00e4<\/a> hehkutettiin taannoin paljon Osmo Peltolaa ja jaksoa, jossa h\u00e4n on mukana.<\/p>\n<p class=\"article-body mb-nof-24 px-nof-16\">\u2013\u2009Hyv\u00e4 Osmo ja Peltsi.<\/p>\n<p class=\"article-body mb-nof-24 px-nof-16\">\u2013\u2009Olette mahtavia tyyppej\u00e4.<\/p>\n<p class=\"article-body mb-nof-24 px-nof-16\">\u2013\u2009Toivottavasti Peltsist\u00e4 ja Osmosta n\u00e4hd\u00e4\u00e4n viel\u00e4 toinen kausi.<\/p>\n<p class=\"article-body mb-nof-24 px-nof-16\">Viimeinen kommentoija viittasi Peltsi ja Osmo -suosikkisarjaan, joka villitsi suomalaisia viime talvena.<\/p>\n<p><img decoding=\"async\" src=\"https:\/\/www.europesays.com\/fi\/wp-content\/uploads\/2025\/12\/1765959550_376_468.jpg\" alt=\"Peltsin toinen luonto -sarjan uuden kauden toisessa jaksossa n\u00e4htiin Peltsin ja Osmon lis\u00e4ksi kalastusopas Ville Alatalo. Kuvaajana ja Peltsin reissukaverina kaudella toimii tuttuun tapaan Juha Korhonen.\" class=\"_Img_1rerz_1\" style=\"aspect-ratio:0.7911458333333333\" loading=\"eager\"\/><\/p>\n<p class=\"article-picture-caption\">Peltsin toinen luonto -sarjan uuden kauden toisessa jaksossa n\u00e4htiin Peltsin ja Osmon lis\u00e4ksi kalastusopas Ville Alatalo. Kuvaajana ja Peltsin reissukaverina kaudella toimii tuttuun tapaan Juha Korhonen. Kuva:\u00a0Sami Jumppanen \/ Yle<\/p>\n<p class=\"article-body mb-nof-24 px-nof-16\">Peltsi ja Osmo -sarjasta ei tehty heti per\u00e4\u00e4n uutta kautta.<\/p>\n<p class=\"article-body mb-nof-24 px-nof-16\">\u2013\u2009Halusimme antaa Osmolle hieman aikaa ja rauhaa, is\u00e4 totesi <a class=\"article-genericlink\" href=\"https:\/\/www.is.fi\/viihde\/art-2000011663765.html\" rel=\"nofollow noopener\" target=\"_blank\">elokuussa<\/a>.<\/p>\n<p class=\"article-body mb-nof-24 px-nof-16\">Ohjelmaa ei ole kuitenkaan kuopattu. Tammikuussa Osmo valittiin yleis\u00f6\u00e4\u00e4nestyksell\u00e4 vuoden esiintyj\u00e4ksi Kultainen Venla -gaalassa.<\/p>\n<p class=\"article-body mb-nof-24 px-nof-16\">\u2013\u2009Olen sanonut, ett\u00e4 sitten tehd\u00e4\u00e4n toinen kausi, kun Osmolla kasvaa viikset, Peltsi heitti niin elokuisessa haastattelussa kuin Peltsin toinen luonto -sarjassakin.<\/p>\n<p class=\"article-body mb-nof-24 px-nof-16\">Osmo esiintyy Peltsin toinen luonto -sarjan tuoreemmalla kaudella viel\u00e4 toistekin, nimitt\u00e4in viidenness\u00e4 jaksossa.<\/p>\n<p class=\"article-body mb-nof-24 px-nof-16\">Ylen <a class=\"article-genericlink\" href=\"https:\/\/www.facebook.com\/search\/top?q=yle%20peltsi\" rel=\"nofollow noopener\" target=\"_blank\">Facebookissa<\/a> sarjan ote saa ylip\u00e4\u00e4t\u00e4ns\u00e4 hyv\u00e4\u00e4 palautetta osakseen.<\/p>\n<p class=\"article-body mb-nof-24 px-nof-16\">\u2013\u2009Kyll\u00e4h\u00e4n n\u00e4it\u00e4 jaksoja on mukava katsoa. Peltsi vie katsojan sellaisiin paikkoihin, minne moni tuskin p\u00e4\u00e4see ikin\u00e4.<\/p>\n<p class=\"article-body mb-nof-24 px-nof-16\">\u2013\u2009Kivaa katsottavaa. Ei riidell\u00e4 tai puhuta rumia.<\/p>\n<p class=\"article-body mb-nof-24 px-nof-16\">\u2013\u2009Mahtava sarja.<\/p>\n<p class=\"article-body nof-ui-body-medium mb-nof-24 px-nof-16\">Peltsin toinen luonto TV2 klo 21.00 maanantaina 15.12. ja klo 21.45 keskiviikkona 17.12. ja Yle Areena 8.12.<\/p>\n<p><script async src=\"\/\/www.instagram.com\/embed.js\"><\/script><\/p>\n","protected":false},"excerpt":{"rendered":"Tv-katsojat seurasivat tarkasti maanantai-iltana Osmo Peltolan edesottamuksia is\u00e4ns\u00e4 Peltsin toinen luonto -sarjassa. Tv-katsojat hehkuttavat sosiaalisessa mediassa maanantaina televisiossa&hellip;\n","protected":false},"author":2,"featured_media":118611,"comment_status":"","ping_status":"","sticky":false,"template":"","format":"standard","meta":{"footnotes":""},"categories":[117],"tags":[33,31,30,34,72,476,118,32,119,477],"class_list":{"0":"post-118610","1":"post","2":"type-post","3":"status-publish","4":"format-standard","5":"has-post-thumbnail","7":"category-luonto","8":"tag-fi","9":"tag-finland","10":"tag-finnish","11":"tag-ilta-sanomat","12":"tag-luonto","13":"tag-nature","14":"tag-science","15":"tag-suomi","16":"tag-tiede","17":"tag-wildlife"},"share_on_mastodon":{"url":"https:\/\/pubeurope.com\/@fi\/115733932850180816","error":""},"_links":{"self":[{"href":"https:\/\/www.europesays.com\/fi\/wp-json\/wp\/v2\/posts\/118610","targetHints":{"allow":["GET"]}}],"collection":[{"href":"https:\/\/www.europesays.com\/fi\/wp-json\/wp\/v2\/posts"}],"about":[{"href":"https:\/\/www.europesays.com\/fi\/wp-json\/wp\/v2\/types\/post"}],"author":[{"embeddable":true,"href":"https:\/\/www.europesays.com\/fi\/wp-json\/wp\/v2\/users\/2"}],"replies":[{"embeddable":true,"href":"https:\/\/www.europesays.com\/fi\/wp-json\/wp\/v2\/comments?post=118610"}],"version-history":[{"count":0,"href":"https:\/\/www.europesays.com\/fi\/wp-json\/wp\/v2\/posts\/118610\/revisions"}],"wp:featuredmedia":[{"embeddable":true,"href":"https:\/\/www.europesays.com\/fi\/wp-json\/wp\/v2\/media\/118611"}],"wp:attachment":[{"href":"https:\/\/www.europesays.com\/fi\/wp-json\/wp\/v2\/media?parent=118610"}],"wp:term":[{"taxonomy":"category","embeddable":true,"href":"https:\/\/www.europesays.com\/fi\/wp-json\/wp\/v2\/categories?post=118610"},{"taxonomy":"post_tag","embeddable":true,"href":"https:\/\/www.europesays.com\/fi\/wp-json\/wp\/v2\/tags?post=118610"}],"curies":[{"name":"wp","href":"https:\/\/api.w.org\/{rel}","templated":true}]}}