{"id":118612,"date":"2025-12-17T08:23:11","date_gmt":"2025-12-17T08:23:11","guid":{"rendered":"https:\/\/www.europesays.com\/fi\/118612\/"},"modified":"2025-12-17T08:23:11","modified_gmt":"2025-12-17T08:23:11","slug":"maapallon-ohi-pyyhaltaa-perjantaina-seitseman-miljardia-vuotta-vanha-jaapallo","status":"publish","type":"post","link":"https:\/\/www.europesays.com\/fi\/118612\/","title":{"rendered":"Maapallon ohi pyyh\u00e4lt\u00e4\u00e4 perjantaina seitsem\u00e4n miljardia vuotta vanha \u201dj\u00e4\u00e4pallo\u201d"},"content":{"rendered":"<p>Tutkijoita kiehtova t\u00e4htienv\u00e4linen vierailija ohittaa planeettamme perjantaina.<\/p>\n<p><img decoding=\"async\" class=\"image image-show image-preview\" src=\"https:\/\/www.europesays.com\/fi\/wp-content\/uploads\/2025\/12\/188792bf92011d84238d032d2209ccd1a3c1204d4dca77f72cb788a37e35892d.jpg\" alt=\"\"\/><img decoding=\"async\" class=\"image image-show\" src=\"https:\/\/www.europesays.com\/fi\/wp-content\/uploads\/2025\/12\/1765959790_547_188792bf92011d84238d032d2209ccd1a3c1204d4dca77f72cb788a37e35892d.jpg\" alt=\"\"\/><\/p>\n<p>T\u00e4htienv\u00e4linen komeetta 3I\/Atlas kiehtoo tutkijoita. <\/p>\n<p class=\"paragraph\">Avaruusintoilijoiden kannattaa suunnata teleskoopit y\u00f6taivaalle perjantaina, jolloin t\u00e4htienv\u00e4linen komeetta 3I\/Atlas pyyh\u00e4lt\u00e4\u00e4 Maan ohi.<\/p>\n<p class=\"paragraph\">My\u00f6s Yhdysvaltain ilmailu- ja avaruushallintovirasto Nasa aikoo seurata \u201dj\u00e4\u00e4palloksi\u201d kuvailtua vierailijaa. Asiasta uutisoi muun muassa <a href=\"https:\/\/apnews.com\/article\/interstellar-comet-31atlas-earth-approach-nasa-627a50b44f7a81336c37ff5b8b32f589\" target=\"_blank\" rel=\"noopener nofollow\">Associated Press.<\/a><\/p>\n<p class=\"paragraph\">Kappale on per\u00e4isin Aurinkokunnan ulkopuolelta, todenn\u00e4k\u00f6isesti toisesta t\u00e4htij\u00e4rjestelm\u00e4st\u00e4. T\u00e4htienv\u00e4liset vierailijat kantavat tietoa kaukaisista planeettaj\u00e4rjestelmist\u00e4, mik\u00e4 tekee niist\u00e4 erityisen kiinnostavia tutkimuskohteita.<\/p>\n<p class=\"paragraph\">Nimi 3I\/Atlas tulee siit\u00e4, ett\u00e4 komeetta on vasta kolmas l\u00f6ydetty varmuudella aurinkokunnan ulkopuolelta tullut kappale.<\/p>\n<p class=\"paragraph\">3I\/Atlas voi olla t\u00e4h\u00e4n menness\u00e4 merkitt\u00e4vin t\u00e4htienv\u00e4linen vierailija. Se ei ole pelk\u00e4st\u00e4\u00e4n aikaisempia suurempi ja kirkkaampi, vaan vaikuttaa tulevan Linnunradan paksun kiekon alueelta.<\/p>\n<p class=\"paragraph\">Paksussa kiekossa t\u00e4hdet ovat keskim\u00e4\u00e4rin vanhempia kuin Aurinko. Oxfordin yliopiston t\u00e4htitieteilij\u00e4 <strong>Matthew Hopkinsin<\/strong> mukaan komeetta voi olla yli seitsem\u00e4n miljardia vuotta vanha.<\/p>\n","protected":false},"excerpt":{"rendered":"Tutkijoita kiehtova t\u00e4htienv\u00e4linen vierailija ohittaa planeettamme perjantaina. T\u00e4htienv\u00e4linen komeetta 3I\/Atlas kiehtoo tutkijoita. Avaruusintoilijoiden kannattaa suunnata teleskoopit y\u00f6taivaalle perjantaina,&hellip;\n","protected":false},"author":2,"featured_media":118613,"comment_status":"","ping_status":"","sticky":false,"template":"","format":"standard","meta":{"footnotes":""},"categories":[114],"tags":[35,453,33,31,30,605,1203,118,452,32,779,4842,119,719],"class_list":{"0":"post-118612","1":"post","2":"type-post","3":"status-publish","4":"format-standard","5":"has-post-thumbnail","7":"category-avaruus","8":"tag-24h","9":"tag-avaruus","10":"tag-fi","11":"tag-finland","12":"tag-finnish","13":"tag-luonnontieteet","14":"tag-planeetat-ja-kuu-aurinkokunta","15":"tag-science","16":"tag-space","17":"tag-suomi","18":"tag-tahtitiede","19":"tag-taivaankappaleet","20":"tag-tiede","21":"tag-tiede-yleista"},"share_on_mastodon":{"url":"https:\/\/pubeurope.com\/@fi\/115733948486405583","error":""},"_links":{"self":[{"href":"https:\/\/www.europesays.com\/fi\/wp-json\/wp\/v2\/posts\/118612","targetHints":{"allow":["GET"]}}],"collection":[{"href":"https:\/\/www.europesays.com\/fi\/wp-json\/wp\/v2\/posts"}],"about":[{"href":"https:\/\/www.europesays.com\/fi\/wp-json\/wp\/v2\/types\/post"}],"author":[{"embeddable":true,"href":"https:\/\/www.europesays.com\/fi\/wp-json\/wp\/v2\/users\/2"}],"replies":[{"embeddable":true,"href":"https:\/\/www.europesays.com\/fi\/wp-json\/wp\/v2\/comments?post=118612"}],"version-history":[{"count":0,"href":"https:\/\/www.europesays.com\/fi\/wp-json\/wp\/v2\/posts\/118612\/revisions"}],"wp:featuredmedia":[{"embeddable":true,"href":"https:\/\/www.europesays.com\/fi\/wp-json\/wp\/v2\/media\/118613"}],"wp:attachment":[{"href":"https:\/\/www.europesays.com\/fi\/wp-json\/wp\/v2\/media?parent=118612"}],"wp:term":[{"taxonomy":"category","embeddable":true,"href":"https:\/\/www.europesays.com\/fi\/wp-json\/wp\/v2\/categories?post=118612"},{"taxonomy":"post_tag","embeddable":true,"href":"https:\/\/www.europesays.com\/fi\/wp-json\/wp\/v2\/tags?post=118612"}],"curies":[{"name":"wp","href":"https:\/\/api.w.org\/{rel}","templated":true}]}}