{"id":118616,"date":"2025-12-17T08:31:10","date_gmt":"2025-12-17T08:31:10","guid":{"rendered":"https:\/\/www.europesays.com\/fi\/118616\/"},"modified":"2025-12-17T08:31:10","modified_gmt":"2025-12-17T08:31:10","slug":"tama-naky-yllatti-jennyn-kun-han-meni-vanhempiensa-omakotitalon-ylakertaan","status":"publish","type":"post","link":"https:\/\/www.europesays.com\/fi\/118616\/","title":{"rendered":"T\u00e4m\u00e4 n\u00e4ky yll\u00e4tti Jennyn, kun h\u00e4n meni vanhempiensa omakotitalon yl\u00e4kertaan"},"content":{"rendered":"<p>Omakotitalon yl\u00e4kerrasta l\u00f6ytyi erikoinen jouluyll\u00e4tys.<\/p>\n<p class=\"paragraph\">Aalto-yliopistossa kemian tekniikkaa opiskeleva <strong>Jenny Nyman<\/strong> koki hiljattain melkoisen yll\u00e4tyksen, kun h\u00e4n meni k\u00e4ym\u00e4\u00e4n vanhempiensa kotona.<\/p>\n<p class=\"paragraph\">\u2013 L\u00e4hdin etsim\u00e4\u00e4n pikkuvelje\u00e4ni, menin h\u00e4nen huoneeseensa ja n\u00e4in, ett\u00e4 siell\u00e4 oli mopo. Omakotitalon toisessa kerroksessa!<\/p>\n<p class=\"paragraph\">Eik\u00e4 siin\u00e4 viel\u00e4 kaikki. Jenny sai havaita, ett\u00e4 mopon koristeeksi oli viritelty jouluvalosarja. Havainto oli niin \u00e4llistytt\u00e4v\u00e4, ett\u00e4 h\u00e4n teki aiheesta videon Tiktok-kanavalleen Tikrulii.<\/p>\n<p class=\"paragraph\">\u2013 Ajattelin, ett\u00e4 muidenkin voisi olla hauska n\u00e4hd\u00e4 t\u00e4m\u00e4 h\u00e4nen p\u00e4\u00e4h\u00e4npistonsa.<\/p>\n<p class=\"paragraph\">Video on ihastuttanut katsojia ja ker\u00e4nnyt paljon kommentteja. Jenny kertoo 15-vuotiaan veljens\u00e4 <strong>Jonas Nymanin<\/strong> olevan kova mopointoilija ja -harrastaja, mik\u00e4 my\u00f6s saattaa selitt\u00e4\u00e4 jouluisen koristelun.<\/p>\n<p><img decoding=\"async\" class=\"image image-show image-preview\" src=\"https:\/\/www.europesays.com\/fi\/wp-content\/uploads\/2025\/12\/34f185e6836303d4c4e60e8e12e3784ed4e24a05374c4f502262d850f356d19f.jpg\" alt=\"\"\/><img decoding=\"async\" class=\"image image-show\" src=\"https:\/\/www.europesays.com\/fi\/wp-content\/uploads\/2025\/12\/1765960270_940_34f185e6836303d4c4e60e8e12e3784ed4e24a05374c4f502262d850f356d19f.jpg\" alt=\"\"\/><\/p>\n<p>Jennyn veli hoksasi, ett\u00e4 jouluisen valosarjan voi viritt\u00e4\u00e4 vaikkapa mopoon. Kuvituskuva. Mostphotos<\/p>\n<p class=\"paragraph\">\u2013 H\u00e4n ei saanut joulukuusta omaan huoneeseensa, joten ehk\u00e4 t\u00e4m\u00e4 oli korvike sille.<\/p>\n<p class=\"paragraph\">Joulumopo oli yll\u00e4tys paitsi Jennylle, my\u00f6s h\u00e4nen vanhemmilleen. Veli oli tehnyt koristelun salaa koulun j\u00e4lkeen kaikkien muiden tiet\u00e4m\u00e4tt\u00e4.<\/p>\n<p class=\"paragraph\">\u2013 Vanhemmat ovat kuitenkin ihan naureskelleet. Jonas oli osannut laittaa pyyhkeen mopon alle, joten lattia ei mene sotkuun, ja sen takia asia on ollut heille ihan OK.<\/p>\n<p class=\"paragraph\">Jenny jakaa somessaan paitsi videoita perheens\u00e4 kommelluksista my\u00f6s ruokasis\u00e4lt\u00f6\u00e4. Tiktokin lis\u00e4ksi Jenny tekee sis\u00e4lt\u00f6j\u00e4 my\u00f6s <a href=\"https:\/\/www.instagram.com\/tikrulii\/\" target=\"_blank\" rel=\"noopener nofollow\">Instagramiin<\/a>. H\u00e4n kertoo haluavansa videoittensa olevan ennen kaikkea ilahduttavia.<\/p>\n<p class=\"paragraph\">Kauppojen uusista tuotteista kiinnostunut Jenny tekee ruokasis\u00e4lt\u00f6j\u00e4 sesongin mukaan. Esimerkiksi n\u00e4in joulun alla h\u00e4n on esitellyt jouluisia tuotteita.<\/p>\n<p class=\"paragraph\">(Katso videolta Jennyn saaristolaisleip\u00e4ohje. Se sopii mainiosti vaikkapa joulup\u00f6yt\u00e4\u00e4n. Jos upotus ei n\u00e4y, voit katsoa julkaisun <a href=\"https:\/\/www.tiktok.com\/@tikrulii\/video\/7451735154252434710\" rel=\"noopener nofollow\" target=\"_blank\">t\u00e4\u00e4lt\u00e4<\/a>.)<\/p>\n<p class=\"paragraph\">Mill\u00e4 mielill\u00e4 Jenny muuten odottaa joulua?<\/p>\n<p class=\"paragraph\">\u2013 T\u00e4m\u00e4 Helsingin s\u00e4\u00e4 on pist\u00e4nyt tekem\u00e4\u00e4n t\u00f6it\u00e4 sen eteen, ett\u00e4 joulumielt\u00e4 syntyy. Mutta kyll\u00e4 sit\u00e4 on t\u00e4ss\u00e4 viime aikoina alkanut tulla, kun on saanut ostettua joululahjoja ja k\u00e4ynyt Tuomaan markkinoilla.<\/p>\n<p class=\"paragraph\">Itse juhlassa Jennylle on t\u00e4rkeint \u00e4 se, ett\u00e4 p\u00e4\u00e4see viett\u00e4m\u00e4\u00e4n aikaa koko perheen kanssa.<\/p>\n<p class=\"paragraph\">\u2013 Meill\u00e4 on hauskoja juttuja yhdess\u00e4, ja p\u00e4\u00e4semme pelaamaan isolla porukalla lautapelej\u00e4. Se on lempiasioitani joulussa.<\/p>\n<p><script async src=\"\/\/www.instagram.com\/embed.js\"><\/script><script async src=\"\/\/www.tiktok.com\/embed.js\"><\/script><\/p>\n","protected":false},"excerpt":{"rendered":"Omakotitalon yl\u00e4kerrasta l\u00f6ytyi erikoinen jouluyll\u00e4tys. Aalto-yliopistossa kemian tekniikkaa opiskeleva Jenny Nyman koki hiljattain melkoisen yll\u00e4tyksen, kun h\u00e4n meni&hellip;\n","protected":false},"author":2,"featured_media":118617,"comment_status":"","ping_status":"","sticky":false,"template":"","format":"standard","meta":{"footnotes":""},"categories":[136],"tags":[35,407,137,33,31,30,101,408,757,99,100,98,32,109],"class_list":{"0":"post-118616","1":"post","2":"type-post","3":"status-publish","4":"format-standard","5":"has-post-thumbnail","7":"category-julkkikset","8":"tag-24h","9":"tag-celebrities","10":"tag-entertainment","11":"tag-fi","12":"tag-finland","13":"tag-finnish","14":"tag-ihmissuhteet","15":"tag-julkkikset","16":"tag-koulutus-ja-kasvatus","17":"tag-lapset","18":"tag-lapset-ja-nuoret","19":"tag-perhe","20":"tag-suomi","21":"tag-viihde"},"share_on_mastodon":{"url":"https:\/\/pubeurope.com\/@fi\/115733979888043239","error":""},"_links":{"self":[{"href":"https:\/\/www.europesays.com\/fi\/wp-json\/wp\/v2\/posts\/118616","targetHints":{"allow":["GET"]}}],"collection":[{"href":"https:\/\/www.europesays.com\/fi\/wp-json\/wp\/v2\/posts"}],"about":[{"href":"https:\/\/www.europesays.com\/fi\/wp-json\/wp\/v2\/types\/post"}],"author":[{"embeddable":true,"href":"https:\/\/www.europesays.com\/fi\/wp-json\/wp\/v2\/users\/2"}],"replies":[{"embeddable":true,"href":"https:\/\/www.europesays.com\/fi\/wp-json\/wp\/v2\/comments?post=118616"}],"version-history":[{"count":0,"href":"https:\/\/www.europesays.com\/fi\/wp-json\/wp\/v2\/posts\/118616\/revisions"}],"wp:featuredmedia":[{"embeddable":true,"href":"https:\/\/www.europesays.com\/fi\/wp-json\/wp\/v2\/media\/118617"}],"wp:attachment":[{"href":"https:\/\/www.europesays.com\/fi\/wp-json\/wp\/v2\/media?parent=118616"}],"wp:term":[{"taxonomy":"category","embeddable":true,"href":"https:\/\/www.europesays.com\/fi\/wp-json\/wp\/v2\/categories?post=118616"},{"taxonomy":"post_tag","embeddable":true,"href":"https:\/\/www.europesays.com\/fi\/wp-json\/wp\/v2\/tags?post=118616"}],"curies":[{"name":"wp","href":"https:\/\/api.w.org\/{rel}","templated":true}]}}