{"id":118618,"date":"2025-12-17T08:36:11","date_gmt":"2025-12-17T08:36:11","guid":{"rendered":"https:\/\/www.europesays.com\/fi\/118618\/"},"modified":"2025-12-17T08:36:11","modified_gmt":"2025-12-17T08:36:11","slug":"steven-spielbergin-odotettu-scifi-elokuva-disclosure-day-tulee-suomeen-uunituoreena","status":"publish","type":"post","link":"https:\/\/www.europesays.com\/fi\/118618\/","title":{"rendered":"Steven Spielbergin odotettu scifi-elokuva Disclosure Day tulee Suomeen uunituoreena"},"content":{"rendered":"<p>Steven Spielbergin mystinen UFO-elokuva on lukeutunut jo pitk\u00e4\u00e4n vuoden 2026 odotetuimpiin ensi-iltoihin. Eilen julkaistu ensimm\u00e4inen traileri lis\u00e4si innostusta entisest\u00e4\u00e4n.<\/p>\n<p><a href=\"https:\/\/muropaketti.com\/avainsana\/disclosure-day\/\" rel=\"nofollow noopener\" target=\"_blank\">Disclosure Day<\/a> eli vapaasti suomentaen Paljastusten p\u00e4iv\u00e4 on Steven Spielbergin paluu avaruusolentojen pariin. Eilen julkaistu traileri esitteli elokuvaa laajalti, mutta j\u00e4tti viisaasti viel\u00e4 paljastamatta, mist\u00e4 hommassa tarkalleen ottaen on kyse.<\/p>\n<p>Jos video on viel\u00e4 n\u00e4kem\u00e4tt\u00e4, katso se t\u00e4st\u00e4:<\/p>\n<p>Finnkino on nyt vahvistanut Disclosure Dayn Suomen ensi-illan ajankohdaksi perjantain 12. kes\u00e4kuuta 2026. <\/p>\n<p>Elokuva julkaistaan meill\u00e4 siis samanaikaisesti esimerkiksi Pohjois-Amerikan kanssa, eik\u00e4 sit\u00e4 tarvitse vartoa muita pidemp\u00e4\u00e4n, kuten k\u00e4y esimerkiksi <a href=\"https:\/\/muropaketti.com\/elokuvat\/elokuvauutiset\/28-vuotta-myohemmin-luutemppeli-sai-uuden-trailerin-mutta-samalla-tuli-myos-huonoja-uutisia\/\" rel=\"nofollow noopener\" target=\"_blank\">28 vuotta my\u00f6hemmin: Luutemppelin kohdalla<\/a>.<\/p>\n<p>P\u00e4\u00e4osia Disclosure Dayssa esitt\u00e4v\u00e4t Emily Blunt, Josh O\u2019Connor, Colin Firth, Eve Hewson ja Colman Domingo.<\/p>\n<p><a href=\"https:\/\/muropaketti.com\/wp-content\/uploads\/2025\/12\/disclosure-day-juliste-1.jpg\" rel=\"nofollow noopener\" target=\"_blank\"><img fetchpriority=\"high\" decoding=\"async\" width=\"647\" height=\"1024\" alt=\"Disclosure Day\" class=\"wp-image-914519 awpo-lazy\" style=\"width:840px;height:auto\"  data- src=\"https:\/\/www.europesays.com\/fi\/wp-content\/uploads\/2025\/12\/disclosure-day-juliste-1-647x1024.jpg\"\/><\/a>Kuva: \u00a9 Universal Pictures &amp; Amblin Entertainment<\/p>\n<p><a href=\"https:\/\/muropaketti.com\/wp-content\/uploads\/2025\/12\/disclosure-day-juliste.jpg\" rel=\"nofollow noopener\" target=\"_blank\"><img loading=\"lazy\" decoding=\"async\" width=\"647\" height=\"1024\" alt=\"Disclosure Day\" class=\"wp-image-914424 awpo-lazy\" style=\"width:840px;height:auto\"  data- src=\"https:\/\/www.europesays.com\/fi\/wp-content\/uploads\/2025\/12\/disclosure-day-juliste-647x1024.jpg\"\/><\/a>Kuva: \u00a9 Universal Pictures &amp; Amblin Entertainment<\/p>\n","protected":false},"excerpt":{"rendered":"Steven Spielbergin mystinen UFO-elokuva on lukeutunut jo pitk\u00e4\u00e4n vuoden 2026 odotetuimpiin ensi-iltoihin. Eilen julkaistu ensimm\u00e4inen traileri lis\u00e4si innostusta&hellip;\n","protected":false},"author":2,"featured_media":118619,"comment_status":"","ping_status":"","sticky":false,"template":"","format":"standard","meta":{"footnotes":""},"categories":[131],"tags":[21485,155,137,33,173,31,30,172,177,32,109],"class_list":{"0":"post-118618","1":"post","2":"type-post","3":"status-publish","4":"format-standard","5":"has-post-thumbnail","7":"category-elokuvat","8":"tag-disclosure-day","9":"tag-elokuvat","10":"tag-entertainment","11":"tag-fi","12":"tag-film","13":"tag-finland","14":"tag-finnish","15":"tag-movies","16":"tag-steven-spielberg","17":"tag-suomi","18":"tag-viihde"},"share_on_mastodon":{"url":"https:\/\/pubeurope.com\/@fi\/115733999747853258","error":""},"_links":{"self":[{"href":"https:\/\/www.europesays.com\/fi\/wp-json\/wp\/v2\/posts\/118618","targetHints":{"allow":["GET"]}}],"collection":[{"href":"https:\/\/www.europesays.com\/fi\/wp-json\/wp\/v2\/posts"}],"about":[{"href":"https:\/\/www.europesays.com\/fi\/wp-json\/wp\/v2\/types\/post"}],"author":[{"embeddable":true,"href":"https:\/\/www.europesays.com\/fi\/wp-json\/wp\/v2\/users\/2"}],"replies":[{"embeddable":true,"href":"https:\/\/www.europesays.com\/fi\/wp-json\/wp\/v2\/comments?post=118618"}],"version-history":[{"count":0,"href":"https:\/\/www.europesays.com\/fi\/wp-json\/wp\/v2\/posts\/118618\/revisions"}],"wp:featuredmedia":[{"embeddable":true,"href":"https:\/\/www.europesays.com\/fi\/wp-json\/wp\/v2\/media\/118619"}],"wp:attachment":[{"href":"https:\/\/www.europesays.com\/fi\/wp-json\/wp\/v2\/media?parent=118618"}],"wp:term":[{"taxonomy":"category","embeddable":true,"href":"https:\/\/www.europesays.com\/fi\/wp-json\/wp\/v2\/categories?post=118618"},{"taxonomy":"post_tag","embeddable":true,"href":"https:\/\/www.europesays.com\/fi\/wp-json\/wp\/v2\/tags?post=118618"}],"curies":[{"name":"wp","href":"https:\/\/api.w.org\/{rel}","templated":true}]}}