{"id":118626,"date":"2025-12-17T08:40:09","date_gmt":"2025-12-17T08:40:09","guid":{"rendered":"https:\/\/www.europesays.com\/fi\/118626\/"},"modified":"2025-12-17T08:40:09","modified_gmt":"2025-12-17T08:40:09","slug":"kuuhullu-jonna-rintamaki-on-tahtitornin-hoitaja","status":"publish","type":"post","link":"https:\/\/www.europesays.com\/fi\/118626\/","title":{"rendered":"Kuuhullu Jonna Rintam\u00e4ki on t\u00e4htitornin hoitaja"},"content":{"rendered":"<p>\u201dEnsimm\u00e4inen t\u00e4htiharrastustapaaminen, johon osallistuin, oli vuotuinen kes\u00e4tapahtuma Cygnus 2015 Yl\u00f6j\u00e4rvell\u00e4. Osallistuin ty\u00f6pajoihin ja kuuntelin esitelmi\u00e4, mutta ennen kaikkea tutustuin samanhenkisiin ihmisiin\u201d, Jonna Rintam\u00e4ki muistelee.<\/p>\n<p>H\u00e4n asui tuolloin Kokkolassa ja alkoi k\u00e4yd\u00e4 Cygnuksessa tapaamieni kavereiden luona Tampereella l\u00e4hes joka viikonloppu. <\/p>\n<p>\u201dKun l\u00e4hdin ajamaan heti t\u00f6iden loputtua viidelt\u00e4, ehdin Tampereella yhdeks\u00e4lt\u00e4 alkavaan havaintoiltaan. Vietimme kavereideni kanssa paljon aikaa Kaupin t\u00e4htitornilla.\u201d<\/p>\n<p>Kaunis, rauhoittava ja ihana avaruus<\/p>\n<p>\u201dAvaruus on j\u00e4nnitt\u00e4v\u00e4, outo ja ihana asia, joka koskettaa meit\u00e4 kaikkia, olemmehan itsekin osa avaruutta. On pit\u00e4nyt tapahtua monia asioita, jotta avaruus on muovannut itsens\u00e4 sellaiseen muotoon, ett\u00e4 me olemme nyt t\u00e4ss\u00e4.<\/p>\n<p>Avaruus on kaunis ja rauhoittava, kun sit\u00e4 katsoo tai ajattelee. T\u00e4htiharrastukseni onkin nyky\u00e4\u00e4n pitk\u00e4lti sit\u00e4, ett\u00e4 havainnoin kaukoputkella ja piirr\u00e4n n\u00e4kem\u00e4\u00e4ni.\u201d<\/p>\n<p>Monipuolinen kuu hurmaa <\/p>\n<p>\u201dLempitaivaankappaleeni on ehdottomasti Kuu. Monille harrastajille se on tyls\u00e4 inhokki, joka loistaa kirkkaana ja h\u00e4iritsee himme\u00e4mpien taivaankappaleiden kuvaamista, mutta min\u00e4 rakastan Kuuta.<\/p>\n<p>Kuu on n\u00e4ytt\u00e4v\u00e4 kohde, jossa on paljon erilaisia pinnanmuotoja ja ainoa taivaankappale, josta pinnanmuodot voi n\u00e4hd\u00e4 niin selv\u00e4sti jopa paljain silmin. Kun kuuta katsoo ensimm\u00e4isen kerran kaukoputkella, muotojen tarkkuus h\u00e4tk\u00e4ytt\u00e4\u00e4. Kaupungissa asuvalle se on my\u00f6s helpoin taivaankappale tutkailla.<\/p>\n<p>Vaikka kuuta pidet\u00e4\u00e4n tyls\u00e4n\u00e4, se on yll\u00e4tt\u00e4v\u00e4n monipuolinen. Kraatterit n\u00e4ytt\u00e4v\u00e4t erilaisilta kuun eri vaiheissa ja valon osuessa niihin eri tavalla. Vaikka olen havainnut Kuuta ainakin kymmenen vuotta, yh\u00e4 on hirve\u00e4sti kaikkea, mit\u00e4 en ole n\u00e4hnyt.<\/p>\n<p>Kuuker\u00e4ily on l\u00e4htenyt lapasesta. Minulla on yli 20 vanhaa kuukarttaa, kuukarttakirjoja ja kuukarttapallo. Vanhimmat kartat, kuten <strong>Thomas Gwyn Elgerin<\/strong> kuukartta, ovat 1800-luvulta. Piirretyiss\u00e4 kartoissa Kuun todelliset muodot tulevat paremmin esiin.\u201d<\/p>\n<p>Jonna Rintam\u00e4en piirustuksiin ja kuuharrastukseen voi tutustua esimerkiksi h\u00e4nen <a href=\"https:\/\/www.kuunmallista.com\/\" target=\"_blank\" rel=\"noreferrer noopener nofollow\">verkkosivullaan<\/a>.<\/p>\n","protected":false},"excerpt":{"rendered":"\u201dEnsimm\u00e4inen t\u00e4htiharrastustapaaminen, johon osallistuin, oli vuotuinen kes\u00e4tapahtuma Cygnus 2015 Yl\u00f6j\u00e4rvell\u00e4. Osallistuin ty\u00f6pajoihin ja kuuntelin esitelmi\u00e4, mutta ennen kaikkea&hellip;\n","protected":false},"author":2,"featured_media":118627,"comment_status":"","ping_status":"","sticky":false,"template":"","format":"standard","meta":{"footnotes":""},"categories":[112],"tags":[453,33,31,30,2056,118,32,9460,779,119,18331],"class_list":{"0":"post-118626","1":"post","2":"type-post","3":"status-publish","4":"format-standard","5":"has-post-thumbnail","7":"category-tiede","8":"tag-avaruus","9":"tag-fi","10":"tag-finland","11":"tag-finnish","12":"tag-kuu","13":"tag-science","14":"tag-suomi","15":"tag-tahdet","16":"tag-tahtitiede","17":"tag-tiede","18":"tag-ursa"},"share_on_mastodon":{"url":"https:\/\/pubeurope.com\/@fi\/115734015070270596","error":""},"_links":{"self":[{"href":"https:\/\/www.europesays.com\/fi\/wp-json\/wp\/v2\/posts\/118626","targetHints":{"allow":["GET"]}}],"collection":[{"href":"https:\/\/www.europesays.com\/fi\/wp-json\/wp\/v2\/posts"}],"about":[{"href":"https:\/\/www.europesays.com\/fi\/wp-json\/wp\/v2\/types\/post"}],"author":[{"embeddable":true,"href":"https:\/\/www.europesays.com\/fi\/wp-json\/wp\/v2\/users\/2"}],"replies":[{"embeddable":true,"href":"https:\/\/www.europesays.com\/fi\/wp-json\/wp\/v2\/comments?post=118626"}],"version-history":[{"count":0,"href":"https:\/\/www.europesays.com\/fi\/wp-json\/wp\/v2\/posts\/118626\/revisions"}],"wp:featuredmedia":[{"embeddable":true,"href":"https:\/\/www.europesays.com\/fi\/wp-json\/wp\/v2\/media\/118627"}],"wp:attachment":[{"href":"https:\/\/www.europesays.com\/fi\/wp-json\/wp\/v2\/media?parent=118626"}],"wp:term":[{"taxonomy":"category","embeddable":true,"href":"https:\/\/www.europesays.com\/fi\/wp-json\/wp\/v2\/categories?post=118626"},{"taxonomy":"post_tag","embeddable":true,"href":"https:\/\/www.europesays.com\/fi\/wp-json\/wp\/v2\/tags?post=118626"}],"curies":[{"name":"wp","href":"https:\/\/api.w.org\/{rel}","templated":true}]}}