{"id":118632,"date":"2025-12-17T08:44:10","date_gmt":"2025-12-17T08:44:10","guid":{"rendered":"https:\/\/www.europesays.com\/fi\/118632\/"},"modified":"2025-12-17T08:44:10","modified_gmt":"2025-12-17T08:44:10","slug":"kaupunki-mukaan-julkisen-alan-energiatehokkuussopimukseen","status":"publish","type":"post","link":"https:\/\/www.europesays.com\/fi\/118632\/","title":{"rendered":"Kaupunki mukaan Julkisen alan energiatehokkuussopimukseen"},"content":{"rendered":"<p>                                                <img width=\"1024\" height=\"605\" src=\"https:\/\/www.europesays.com\/fi\/wp-content\/uploads\/2025\/12\/joulukuusi2016-vicente-serra-05-1-1024x605.jpg\" class=\"is-object-fit-cover\" alt=\"Suuri joulukuusi koristeltuna valoilla ja t\u00e4hdell\u00e4 latvassa seisoo lumisella torilla iltah\u00e4m\u00e4r\u00e4ss\u00e4. Taustalla n\u00e4kyy n\u00e4ytt\u00e4v\u00e4, historiallinen rakennus, jonka julkisivu on valaistu.&quot;\" decoding=\"async\" loading=\"lazy\"  \/><\/p>\n<p>Kuopion kaupunki on p\u00e4\u00e4tt\u00e4nyt liitty\u00e4 mukaan Julkisen alan energiatehokkuussopimukseen kaudelle 2026-2035. Energiatehokkuustoiminnalla saavutetaan merkitt\u00e4vi\u00e4 kustannuss\u00e4\u00e4st\u00f6j\u00e4 ja v\u00e4hennet\u00e4\u00e4n kaupungin omasta toiminnasta aiheutuvia kasvihuonekaasup\u00e4\u00e4st\u00f6j\u00e4. Kansallinen energiatehokkuussopimuskausi on j\u00e4rjestyksess\u00e4\u00e4n jo nelj\u00e4s.<\/p>\n<p>Kaupunki asettaa vuodelle 2030 v\u00e4litavoitteeksi 6 prosentin ja vuodelle 2035 kokonaistavoitteeksi 10 prosentin energians\u00e4\u00e4st\u00f6n. L\u00e4ht\u00f6tilanteen, eli vuoden 2024, energiank\u00e4ytt\u00f6 on kaupungilla yhteens\u00e4 111 280,1 MWh. Sopimukseen liitet\u00e4\u00e4n kaupungin rakennusten, ulko- ja katuvalaistuksen, liikennevalojen sek\u00e4 ty\u00f6koneiden energiank\u00e4ytt\u00f6. Lis\u00e4ksi sopimukseen liitet\u00e4\u00e4n Kuopion Veden energiank\u00e4ytt\u00f6 erillisen\u00e4 raportointiyksikk\u00f6n\u00e4. Kaupunki tulee laatimaan vuoden 2026 alussa energiatehokkuustoimistaan erillisen toimenpidesuunnitelman, joka kattaa koko sopimuskauden. Suunnitelma laaditaan sopimustoiminnan kautta tulevalle valmiille pohjalle ja hyv\u00e4ksytet\u00e4\u00e4n viel\u00e4 kaupunginhallituksessa.<\/p>\n<p>Kaupungin energians\u00e4\u00e4st\u00f6toimet toteuttavat kaupungin Viksu Kuopio -ohjelmaa eli ilmasto- ja resurssiviisausohjelmaa. Kuopion kaupunki on ollut liittyneen\u00e4 jo kaupunkien energians\u00e4\u00e4st\u00f6sopimukseen vuonna 2001 sek\u00e4 kunta-alan energiatehokkuussopimuksen sopimuskausille 2008\u20132016 sek\u00e4 2017\u20132025. Kaupunki on hy\u00f6dynt\u00e4nyt sopimuskausien aikana Business Finlandilta haettavia energiatukia mm. rakennusten energiakatselmusten toteuttamiseen.<\/p>\n<p>Vapaaehtoiset energiatehokkuussopimukset ovat valtion ja toimialojen yhdess\u00e4 valitsema tapa t\u00e4ytt\u00e4\u00e4 Suomelle asetetut kansainv\u00e4liset energiatehokkuusvelvoitteet. Kattavalla ja tuloksekkaalla sopimustoiminnalla velvoitteet on jatkossakin mahdollista saavuttaa ilman erillist\u00e4 uutta lains\u00e4\u00e4d\u00e4nt\u00f6\u00e4 tai muita uusia velvoittavia keinoja.<\/p>\n<p>Energiatehokkuussopimukset ovat t\u00e4rke\u00e4 osa Suomen energia- ja ilmastostrategiaa ja ensisijainen keino edist\u00e4\u00e4 energian tehokasta k\u00e4ytt\u00f6\u00e4 Suomessa. Vastuullinen ja tehokas energiank\u00e4ytt\u00f6 v\u00e4hent\u00e4\u00e4 ilmastonmuutosta aiheuttavia hiilidioksidip\u00e4\u00e4st\u00f6j\u00e4. Energian tehokas k\u00e4ytt\u00f6 edist\u00e4\u00e4 osaltaan Suomen huoltovarmuutta ja energiaomavaraisuutta. Samalla se vauhdittaa puhdasta siirtym\u00e4\u00e4 ja puhtaan teknologian markkinoiden kehittymist\u00e4 ja kasvua.<\/p>\n<p>Kaupungin liittymisest\u00e4 mukaan Julkisen alan energiatehokkuussopimukseen p\u00e4\u00e4tti kaupunginhallitus kokouksessaan 15.12.2025.<\/p>\n","protected":false},"excerpt":{"rendered":"Kuopion kaupunki on p\u00e4\u00e4tt\u00e4nyt liitty\u00e4 mukaan Julkisen alan energiatehokkuussopimukseen kaudelle 2026-2035. Energiatehokkuustoiminnalla saavutetaan merkitt\u00e4vi\u00e4 kustannuss\u00e4\u00e4st\u00f6j\u00e4 ja v\u00e4hennet\u00e4\u00e4n kaupungin&hellip;\n","protected":false},"author":2,"featured_media":118633,"comment_status":"","ping_status":"","sticky":false,"template":"","format":"standard","meta":{"footnotes":""},"categories":[12],"tags":[22,23,26,27,33,31,30,17,24,25,28,29,15,18,21,32,19,20,16],"class_list":{"0":"post-118632","1":"post","2":"type-post","3":"status-publish","4":"format-standard","5":"has-post-thumbnail","7":"category-suomi","8":"tag-breaking-news","9":"tag-breakingnews","10":"tag-featured-news","11":"tag-featurednews","12":"tag-fi","13":"tag-finland","14":"tag-finnish","15":"tag-headlines","16":"tag-latest-news","17":"tag-latestnews","18":"tag-main-news","19":"tag-mainnews","20":"tag-news","21":"tag-otsikot","22":"tag-paauutiset","23":"tag-suomi","24":"tag-top-stories","25":"tag-topstories","26":"tag-uutiset"},"share_on_mastodon":{"url":"https:\/\/pubeurope.com\/@fi\/115734031109439750","error":""},"_links":{"self":[{"href":"https:\/\/www.europesays.com\/fi\/wp-json\/wp\/v2\/posts\/118632","targetHints":{"allow":["GET"]}}],"collection":[{"href":"https:\/\/www.europesays.com\/fi\/wp-json\/wp\/v2\/posts"}],"about":[{"href":"https:\/\/www.europesays.com\/fi\/wp-json\/wp\/v2\/types\/post"}],"author":[{"embeddable":true,"href":"https:\/\/www.europesays.com\/fi\/wp-json\/wp\/v2\/users\/2"}],"replies":[{"embeddable":true,"href":"https:\/\/www.europesays.com\/fi\/wp-json\/wp\/v2\/comments?post=118632"}],"version-history":[{"count":0,"href":"https:\/\/www.europesays.com\/fi\/wp-json\/wp\/v2\/posts\/118632\/revisions"}],"wp:featuredmedia":[{"embeddable":true,"href":"https:\/\/www.europesays.com\/fi\/wp-json\/wp\/v2\/media\/118633"}],"wp:attachment":[{"href":"https:\/\/www.europesays.com\/fi\/wp-json\/wp\/v2\/media?parent=118632"}],"wp:term":[{"taxonomy":"category","embeddable":true,"href":"https:\/\/www.europesays.com\/fi\/wp-json\/wp\/v2\/categories?post=118632"},{"taxonomy":"post_tag","embeddable":true,"href":"https:\/\/www.europesays.com\/fi\/wp-json\/wp\/v2\/tags?post=118632"}],"curies":[{"name":"wp","href":"https:\/\/api.w.org\/{rel}","templated":true}]}}