{"id":118636,"date":"2025-12-17T08:49:11","date_gmt":"2025-12-17T08:49:11","guid":{"rendered":"https:\/\/www.europesays.com\/fi\/118636\/"},"modified":"2025-12-17T08:49:11","modified_gmt":"2025-12-17T08:49:11","slug":"aurinko-nayttaytyy-viikonloppuna-yle","status":"publish","type":"post","link":"https:\/\/www.europesays.com\/fi\/118636\/","title":{"rendered":"Aurinko n\u00e4ytt\u00e4ytyy viikonloppuna &#8211; Yle"},"content":{"rendered":"<ol>\n<li><a href=\"https:\/\/news.google.com\/rss\/articles\/CBMiVkFVX3lxTE1URHNSakZNajZkTlYxQmI5Y0d4MTBXR0NvaUNMTG1GZjZtU0k0X25lcWFlOXNZLTg0ZnE5bUtHU2FHSDJTWWIyZ29aYXdXTHh4aEplUXR3?oc=5\" target=\"_blank\" rel=\"nofollow noopener\">Aurinko n\u00e4ytt\u00e4ytyy viikonloppuna<\/a>&nbsp;&nbsp;Yle<\/li>\n<li><a href=\"https:\/\/news.google.com\/rss\/articles\/CBMiQkFVX3lxTE9ZMjEtb2Z2N2NMV1llNGlJaHdRelhyVHpGVHJNQzlzYXhaYXNIREJ3Q0twWW9PR0hzcmxUSnhSN0tkZw?oc=5\" target=\"_blank\" rel=\"nofollow noopener\">Poliisi ep\u00e4ilee, ettei Lepp\u00e4virran kuolonkolarissa menehtyneell\u00e4 ollut turvavy\u00f6t\u00e4 \u2013 autossa nelj\u00e4 16\u201318-vuotiasta nuorta<\/a>&nbsp;&nbsp;Yle<\/li>\n<li><a href=\"https:\/\/news.google.com\/rss\/articles\/CBMiW0FVX3lxTE5QRVNIX2poYTBWNTR4MTlCNFU5WWJlWEg5aEpDcmQ0Yi1RN2RxZ3V0UU44M3VEV2x1XzV4TGRyenJvVnZNNXJieWZjN0NvbzBKZHMwOGg0NUhsNEk?oc=5\" target=\"_blank\" rel=\"nofollow noopener\">Auto suistui ojaan Lepp\u00e4virralla \u2013 kyydiss\u00e4 ollut nuori mies kuoli<\/a>&nbsp;&nbsp;Savon Sanomat<\/li>\n<li><a href=\"https:\/\/news.google.com\/rss\/articles\/CBMinAFBVV95cUxQbUN2MTlBSkR4V09pZDhFQjFDcy1BcEpGMGZ4ODNQYVptSS05MjFJYTYwUnRScnp6dUdkNElSRVVKTVVWV1ZHRUNqc0RGbHRlQVlFZTRvWUFMTDRpVHpPeUFtMmRpWE41cUJUaFJjeVBHYi1ILXRJcE9OSDNwYVBxUGdVQndQSm9qNlktMTZuSkFIVmxDUmo0YThhV2o?oc=5\" target=\"_blank\" rel=\"nofollow noopener\">Auto kaatui katolleen ojaan \u2013 nuori mies kuoli liikenneonnettomuudessa<\/a>&nbsp;&nbsp;P\u00e4iv\u00e4n Lehti<\/li>\n<li><a href=\"https:\/\/news.google.com\/rss\/articles\/CBMilwFBVV95cUxQX0hLYTA2eHpZOXJsUFp4MXM2TE14bTV2OUhpVHBmaW03TWg3SXltcEZqRnBNcjdLbmgtYWdWYk9Va2pVZFp5NmVfdkhQNFBBQ3UtYlNfUkZZM0ZjYlRoWGM3RE1vaFFta1lnNWlBMy1TU3NmS1Raam5NXzJVQmFRS3dXQnlpMXNwNkZUM2hHZEhLSlpUREFF?oc=5\" target=\"_blank\" rel=\"nofollow noopener\">Nuori mies kuollut onnettomuudessa Lepp\u00e4virralla<\/a>&nbsp;&nbsp;mtvuutiset.fi<\/li>\n<\/ol>\n","protected":false},"excerpt":{"rendered":"Aurinko n\u00e4ytt\u00e4ytyy viikonloppuna&nbsp;&nbsp;Yle Poliisi ep\u00e4ilee, ettei Lepp\u00e4virran kuolonkolarissa menehtyneell\u00e4 ollut turvavy\u00f6t\u00e4 \u2013 autossa nelj\u00e4 16\u201318-vuotiasta nuorta&nbsp;&nbsp;Yle Auto suistui&hellip;\n","protected":false},"author":2,"featured_media":118637,"comment_status":"","ping_status":"","sticky":false,"template":"","format":"standard","meta":{"footnotes":""},"categories":[114],"tags":[453,33,31,30,118,452,32,119],"class_list":{"0":"post-118636","1":"post","2":"type-post","3":"status-publish","4":"format-standard","5":"has-post-thumbnail","7":"category-avaruus","8":"tag-avaruus","9":"tag-fi","10":"tag-finland","11":"tag-finnish","12":"tag-science","13":"tag-space","14":"tag-suomi","15":"tag-tiede"},"share_on_mastodon":{"url":"https:\/\/pubeurope.com\/@fi\/115734050396912135","error":""},"_links":{"self":[{"href":"https:\/\/www.europesays.com\/fi\/wp-json\/wp\/v2\/posts\/118636","targetHints":{"allow":["GET"]}}],"collection":[{"href":"https:\/\/www.europesays.com\/fi\/wp-json\/wp\/v2\/posts"}],"about":[{"href":"https:\/\/www.europesays.com\/fi\/wp-json\/wp\/v2\/types\/post"}],"author":[{"embeddable":true,"href":"https:\/\/www.europesays.com\/fi\/wp-json\/wp\/v2\/users\/2"}],"replies":[{"embeddable":true,"href":"https:\/\/www.europesays.com\/fi\/wp-json\/wp\/v2\/comments?post=118636"}],"version-history":[{"count":0,"href":"https:\/\/www.europesays.com\/fi\/wp-json\/wp\/v2\/posts\/118636\/revisions"}],"wp:featuredmedia":[{"embeddable":true,"href":"https:\/\/www.europesays.com\/fi\/wp-json\/wp\/v2\/media\/118637"}],"wp:attachment":[{"href":"https:\/\/www.europesays.com\/fi\/wp-json\/wp\/v2\/media?parent=118636"}],"wp:term":[{"taxonomy":"category","embeddable":true,"href":"https:\/\/www.europesays.com\/fi\/wp-json\/wp\/v2\/categories?post=118636"},{"taxonomy":"post_tag","embeddable":true,"href":"https:\/\/www.europesays.com\/fi\/wp-json\/wp\/v2\/tags?post=118636"}],"curies":[{"name":"wp","href":"https:\/\/api.w.org\/{rel}","templated":true}]}}