{"id":118642,"date":"2025-12-17T09:02:08","date_gmt":"2025-12-17T09:02:08","guid":{"rendered":"https:\/\/www.europesays.com\/fi\/118642\/"},"modified":"2025-12-17T09:02:08","modified_gmt":"2025-12-17T09:02:08","slug":"uuden-spider-man-elokuvan-traileri-vuoti-someen-studio-ryhtyi-toimenpiteisiin","status":"publish","type":"post","link":"https:\/\/www.europesays.com\/fi\/118642\/","title":{"rendered":"Uuden Spider-Man-elokuvan traileri vuoti someen &#8211; studio ryhtyi toimenpiteisiin"},"content":{"rendered":"<p>Avengers: Doomsdayn ensimm\u00e4inen videomainos valahti maailmalle ennenaikaisesti alkuviikosta. Nyt vaikuttaa silt\u00e4, ett\u00e4 tilanne on toistunut ensi vuoden toisen Marvel-elokuvan kohdalla.<\/p>\n<p>Somessa ja internetin eri alustoilla on kiert\u00e4nyt t\u00e4ll\u00e4 viikolla tuhnunen versio videosta, jonka on kerrottu olevan <a href=\"https:\/\/muropaketti.com\/avainsana\/spider-man-brand-new-day\/\" rel=\"nofollow noopener\" target=\"_blank\">Spider-Man: Brand New Dayn<\/a> ensimm\u00e4inen traileri.<\/p>\n<p>Koska el\u00e4mme teko\u00e4lyvillityksen keskell\u00e4, ei videon aitoudesta ole ollut varmuutta, eik\u00e4 luokaton kuvanlaatu ole ainakaan auttanut arvioimaan asiaa.<\/p>\n<p>Nyt vaikuttaa kuitenkin silt\u00e4, ett\u00e4 kyseess\u00e4 todellakin on uuden Spider-Man-elokuvan ennenaikaisesti vuotanut traileri, sill\u00e4 <a href=\"https:\/\/thedirect.com\/article\/spider-man-4-trailer-leak-online-sony\" target=\"_blank\" rel=\"noreferrer noopener nofollow\">The Directin<\/a> mukaan Sony Pictures on ryhtynyt toimiin videon levi\u00e4misen est\u00e4miseksi.<\/p>\n<p>Sony on l\u00e4hett\u00e4nyt viestin tekij\u00e4noikeusrikkomuksesta videon jakaneille ja pyrkinyt poistamaan sen X:n ja Redditin kaltaisista palveluista. <\/p>\n<p>The Directin mukaan jotkut k\u00e4ytt\u00e4j\u00e4t ovat my\u00f6s kertoneet somessa, ett\u00e4 heid\u00e4n tilins\u00e4 oli lukittu trailerin julkaisemisen j\u00e4lkeen ja ett\u00e4 Sony Pictures oli poiston takana. <\/p>\n<p>Asiaa on tietenkin vaikea osoittaa todeksi, ja t\u00e4ll\u00e4 hetkell\u00e4 koko kuvio on huhujen tasolla.<\/p>\n<p>Spider-Man: Brand New Day saa ensi-iltansa hein\u00e4kuussa 2026.<\/p>\n","protected":false},"excerpt":{"rendered":"Avengers: Doomsdayn ensimm\u00e4inen videomainos valahti maailmalle ennenaikaisesti alkuviikosta. Nyt vaikuttaa silt\u00e4, ett\u00e4 tilanne on toistunut ensi vuoden toisen&hellip;\n","protected":false},"author":2,"featured_media":24443,"comment_status":"","ping_status":"","sticky":false,"template":"","format":"standard","meta":{"footnotes":""},"categories":[131],"tags":[155,137,33,173,31,30,172,4626,6775,32,109],"class_list":{"0":"post-118642","1":"post","2":"type-post","3":"status-publish","4":"format-standard","5":"has-post-thumbnail","7":"category-elokuvat","8":"tag-elokuvat","9":"tag-entertainment","10":"tag-fi","11":"tag-film","12":"tag-finland","13":"tag-finnish","14":"tag-movies","15":"tag-spider-man","16":"tag-spider-man-brand-new-day","17":"tag-suomi","18":"tag-viihde"},"share_on_mastodon":{"url":"https:\/\/pubeurope.com\/@fi\/115734101562224975","error":""},"_links":{"self":[{"href":"https:\/\/www.europesays.com\/fi\/wp-json\/wp\/v2\/posts\/118642","targetHints":{"allow":["GET"]}}],"collection":[{"href":"https:\/\/www.europesays.com\/fi\/wp-json\/wp\/v2\/posts"}],"about":[{"href":"https:\/\/www.europesays.com\/fi\/wp-json\/wp\/v2\/types\/post"}],"author":[{"embeddable":true,"href":"https:\/\/www.europesays.com\/fi\/wp-json\/wp\/v2\/users\/2"}],"replies":[{"embeddable":true,"href":"https:\/\/www.europesays.com\/fi\/wp-json\/wp\/v2\/comments?post=118642"}],"version-history":[{"count":0,"href":"https:\/\/www.europesays.com\/fi\/wp-json\/wp\/v2\/posts\/118642\/revisions"}],"wp:featuredmedia":[{"embeddable":true,"href":"https:\/\/www.europesays.com\/fi\/wp-json\/wp\/v2\/media\/24443"}],"wp:attachment":[{"href":"https:\/\/www.europesays.com\/fi\/wp-json\/wp\/v2\/media?parent=118642"}],"wp:term":[{"taxonomy":"category","embeddable":true,"href":"https:\/\/www.europesays.com\/fi\/wp-json\/wp\/v2\/categories?post=118642"},{"taxonomy":"post_tag","embeddable":true,"href":"https:\/\/www.europesays.com\/fi\/wp-json\/wp\/v2\/tags?post=118642"}],"curies":[{"name":"wp","href":"https:\/\/api.w.org\/{rel}","templated":true}]}}