{"id":118647,"date":"2025-12-17T09:08:07","date_gmt":"2025-12-17T09:08:07","guid":{"rendered":"https:\/\/www.europesays.com\/fi\/118647\/"},"modified":"2025-12-17T09:08:07","modified_gmt":"2025-12-17T09:08:07","slug":"der-spiegel-suomalainen-satelliittiyhtio-iceye-saamassa-miljardikaupan-saksasta","status":"publish","type":"post","link":"https:\/\/www.europesays.com\/fi\/118647\/","title":{"rendered":"Der Spiegel: Suomalainen satelliittiyhti\u00f6 Iceye saamassa miljardikaupan Saksasta"},"content":{"rendered":"<p>HS Visio|Saksalaislehden hankkimien dokumenttien mukaan Saksa olisi tilaamassa Iceyen ja Rheinmetallin yhteisyritykselt\u00e4 jopa 1,7 miljardin arvoisen tutkasatelliittien j\u00e4rjestelm\u00e4n.<\/p>\n<p class=\"article-body mb-nof-24 px-nof-16\">Saksan liittop\u00e4ivien budjettivaliokunta k\u00e4sittelee t\u00e4n\u00e4\u00e4n laajaa puolustusinvestointien pakettia. Kyse on kymmenien miljardien eurojen kokonaisuudesta, joka on Saksan historian suurin puolustusvoimien modernisointiohjelma.<\/p>\n<p class=\"article-body mb-nof-24 px-nof-16\">Istunnossa k\u00e4sitell\u00e4\u00e4n my\u00f6s hankintoja, jotka voivat tuoda suomalaisille Patrialle ja Iceyelle miljardikaupat.<\/p>\n<p class=\"article-body mb-nof-24 px-nof-16\"><a class=\"article-genericlink\" href=\"https:\/\/www.bundestag.de\/ausschuesse\/a08_haushalt\/tagesordnungen\" rel=\"nofollow noopener\" target=\"_blank\">Esityslistalla on my\u00f6s tutkasatelliittij\u00e4rjestelm\u00e4n hankinta<\/a>. Kyse on osasta laajempaa avaruusohjelmaa.<\/p>\n<p class=\"article-body mb-nof-24 px-nof-16\">Saksan oman tutkasatelliittien t\u00e4hdist\u00f6n nimeksi on tulossa Spock, joka on lyhenne sanoista Space System for Persistent Operational Tracking. Siis operatiivisesti olennaisten tapahtumien seurantaj\u00e4rjestelm\u00e4.<\/p>\n<p class=\"article-body mb-nof-24 px-nof-16\"><a class=\"article-genericlink\" href=\"https:\/\/www.spiegel.de\/wissenschaft\/weltall\/bundeswehr-bekommt-radarsatelliten-und-schreibt-den-milliardenauftrag-nicht-aus-a-54fbd5c7-a430-40b3-ad77-ff450ef1262f?giftToken=f358d306-7f66-4981-b1d5-89512aba1eb4\" rel=\"nofollow noopener\" target=\"_blank\">Saksalainen sanomalehti Der Spiegel kertoi aiemmin<\/a> saamiensa dokumenttien perusteella, ett\u00e4 Iceyelt\u00e4 tilattavan j\u00e4rjestelm\u00e4n kokonaisarvo olisi 1,76 miljardia euroa. Tiedot k\u00e4yv\u00e4t ilmi valtiovarainministeri\u00f6n liittop\u00e4ivien budjettivaliokunnalle toimittamasta luottamuksellisesta asiakirjasta, jonka Der Spiegel on saanut haltuunsa.<\/p>\n<p class=\"article-body mb-nof-24 px-nof-16\"><a class=\"article-genericlink\" href=\"https:\/\/www.handelsblatt.com\/unternehmen\/industrie\/rheinmetall-ruestungskonzern-liefert-bundeswehr-offenbar-satelliten\/100182361.html\" rel=\"nofollow noopener\" target=\"_blank\">Asiasta kertoo my\u00f6s Handelsblatt<\/a>. Saksalaislehtien mukaan j\u00e4rjestelm\u00e4 on tarkoitettu tarjoamaan tiedustelutietoja Saksan armeijan uudelle Liettuassa sijaitsevalle panssariprikaatille.<\/p>\n<p class=\"article-body mb-nof-24 px-nof-16\">Jos Saksan asevoimat k\u00e4ytt\u00e4v\u00e4t sopimuksen mukaisia\u200b\u200b lis\u00e4optioita, sopimuksen kokonaisarvo voi nousta yli 2,7 miljardiin euroon viimeist\u00e4\u00e4n vuoteen 2033 menness\u00e4.<\/p>\n<p class=\"article-body mb-nof-24 px-nof-16\">Sopimuskumppani on Rheinmetall Iceye Space Solutions. Saksalainen puolustusalan yritys omistaa 60 prosentin enemmist\u00f6osuuden t\u00e4st\u00e4 marraskuussa perustetusta yhteisyrityksest\u00e4, ja suomalaisyritys omistaa loput.<\/p>\n<p class=\"article-body mb-nof-24 px-nof-16\">Toukokuussa Iceye ja saksalainen aseteollisuuden j\u00e4tti Rheinmetall kertoivat perustavansa Saksaan yhteisyrityksen satelliittituotantoa varten.<\/p>\n<p class=\"article-body mb-nof-24 px-nof-16\">Tavoitteena on luoda eurooppalainen ratkaisu, joka toimii sotilasliittouman kriittisen\u00e4 tiedustelu-, valvonta- ja tilannekuva\u00adinfrastruktuurina. Tuotanto on tarkoitus k\u00e4ynnist\u00e4\u00e4 kev\u00e4\u00e4ll\u00e4 2026 Rheinmetallin Neussin tehtaalla D\u00fcsseldorfin l\u00e4hell\u00e4.<\/p>\n<p class=\"article-body mb-nof-24 px-nof-16\">Rheinmetallin toimitusjohtaja <a class=\"article-personlink\" href=\"https:\/\/www.hs.fi\/haku\/?query=Armin%20Papperger\" rel=\"nofollow noopener\" target=\"_blank\">Armin Papperger<\/a> on kertonut Handelsblatt-lehdelle lokakuussa, ett\u00e4 h\u00e4nen yrityksens\u00e4 aikoo toimittaa asevoimille 40 satelliittia.<\/p>\n<p class=\"article-body mb-nof-24 px-nof-16\">Der Spiegelin mukaan sopimus on suunniteltu teht\u00e4v\u00e4ksi suoraan ilman tarjouskilpailua. Perusteluiden mukaan saksalais-suomalaisen yhteisyrityksen tarjous on \u201dainoa sopiva j\u00e4rjestelm\u00e4 ottaen huomioon vaatimukset ja aikataulun\u201d.<\/p>\n<p class=\"article-body mb-nof-24 px-nof-16\">Joulukuun alussa Iceye kertoi ker\u00e4nneens\u00e4 150 miljoonaa euroa uutta rahoitusta. Sijoittajat m\u00e4\u00e4ritteliv\u00e4t yhti\u00f6n jo 2,4 miljardin euron arvoiseksi.<\/p>\n<p class=\"article-body mb-nof-24 px-nof-16\">Avaruusteknologia, puolustus ja teko\u00e4lymarkkina ovat nyt superkuumia kasvualoja. T\u00e4n\u00e4 vuonna Iceyen liikevaihto on yhti\u00f6n kertomien ennakkotietojen mukaan kaksinkertaistumassa yli 200 miljoonaan euroon \u2013 kannattavasti.<\/p>\n<p class=\"article-body mb-nof-24 px-nof-16\">Yhti\u00f6 on laukaissut avaruuteen t\u00e4h\u00e4n menness\u00e4 62 satelliittia, jotka muodostavat maailman suurimman tutkasatelliittien verkoston.<\/p>\n<p class=\"article-body mb-nof-24 px-nof-16\">Iceyen tutkasatelliitit kykenev\u00e4t kuvaamaan my\u00f6s pime\u00e4ll\u00e4, ja tutkapulssit l\u00e4p\u00e4isev\u00e4t pilvet ja savun. Se tarjoaa jatkuvan n\u00e4kym\u00e4n maapallosta, mik\u00e4 tarjoaa reaaliaikaisen tilannekuvan puolustukseen, tiedusteluun tai esimerkiksi luonnonkatastrofeihin ja meriturvallisuuteen.<\/p>\n<p class=\"article-body mb-nof-24 px-nof-16\"><a class=\"article-genericlink\" href=\"https:\/\/www.hs.fi\/tutkiva\/art-2000011684301.html\" rel=\"nofollow noopener\" target=\"_blank\">HS kertoi aiemmin<\/a>, ett\u00e4 budjettivaliokunnan on m\u00e4\u00e4r\u00e4 hyv\u00e4ksy\u00e4 my\u00f6s yli miljardin euron tilaus suomalaisen Patrian panssariajoneuvoista.<\/p>\n<p class=\"article-body mb-nof-24 px-nof-16\">Helsingin Sanomien Saksasta hankkimien tietojen mukaan sopimus koskee 121 panssariajoneuvon tilaamista sek\u00e4 tilausvaltuuksien my\u00f6nt\u00e4mist\u00e4 248 lis\u00e4ajoneuvolle ensi vuonna. Kaupan arvo on yhteens\u00e4 1,1 miljardia euroa.<\/p>\n<p class=\"article-body mb-nof-24 px-nof-16\">Ajoneuvot on tarkoitus valmistaa p\u00e4\u00e4asiallisesti Saksassa Patrian yhteisty\u00f6kumppanien, KNDS:n ja FFG:n tuotantolaitoksissa. HS:n tietojen mukaan osa ajoneuvoista voidaan kuitenkin valmistaa kokonaan Suomessa.<\/p>\n","protected":false},"excerpt":{"rendered":"HS Visio|Saksalaislehden hankkimien dokumenttien mukaan Saksa olisi tilaamassa Iceyen ja Rheinmetallin yhteisyritykselt\u00e4 jopa 1,7 miljardin arvoisen tutkasatelliittien j\u00e4rjestelm\u00e4n.&hellip;\n","protected":false},"author":2,"featured_media":118648,"comment_status":"","ping_status":"","sticky":false,"template":"","format":"standard","meta":{"footnotes":""},"categories":[76],"tags":[79,77,33,31,30,46,32,78],"class_list":{"0":"post-118647","1":"post","2":"type-post","3":"status-publish","4":"format-standard","5":"has-post-thumbnail","7":"category-talous","8":"tag-business","9":"tag-economy","10":"tag-fi","11":"tag-finland","12":"tag-finnish","13":"tag-helsingin-sanomat","14":"tag-suomi","15":"tag-talous"},"share_on_mastodon":{"url":"https:\/\/pubeurope.com\/@fi\/115734125266018184","error":""},"_links":{"self":[{"href":"https:\/\/www.europesays.com\/fi\/wp-json\/wp\/v2\/posts\/118647","targetHints":{"allow":["GET"]}}],"collection":[{"href":"https:\/\/www.europesays.com\/fi\/wp-json\/wp\/v2\/posts"}],"about":[{"href":"https:\/\/www.europesays.com\/fi\/wp-json\/wp\/v2\/types\/post"}],"author":[{"embeddable":true,"href":"https:\/\/www.europesays.com\/fi\/wp-json\/wp\/v2\/users\/2"}],"replies":[{"embeddable":true,"href":"https:\/\/www.europesays.com\/fi\/wp-json\/wp\/v2\/comments?post=118647"}],"version-history":[{"count":0,"href":"https:\/\/www.europesays.com\/fi\/wp-json\/wp\/v2\/posts\/118647\/revisions"}],"wp:featuredmedia":[{"embeddable":true,"href":"https:\/\/www.europesays.com\/fi\/wp-json\/wp\/v2\/media\/118648"}],"wp:attachment":[{"href":"https:\/\/www.europesays.com\/fi\/wp-json\/wp\/v2\/media?parent=118647"}],"wp:term":[{"taxonomy":"category","embeddable":true,"href":"https:\/\/www.europesays.com\/fi\/wp-json\/wp\/v2\/categories?post=118647"},{"taxonomy":"post_tag","embeddable":true,"href":"https:\/\/www.europesays.com\/fi\/wp-json\/wp\/v2\/tags?post=118647"}],"curies":[{"name":"wp","href":"https:\/\/api.w.org\/{rel}","templated":true}]}}