{"id":118649,"date":"2025-12-17T09:09:08","date_gmt":"2025-12-17T09:09:08","guid":{"rendered":"https:\/\/www.europesays.com\/fi\/118649\/"},"modified":"2025-12-17T09:09:08","modified_gmt":"2025-12-17T09:09:08","slug":"tama-tiedetaan-ukrainan-tilanteesta-ilta-sanomat-2","status":"publish","type":"post","link":"https:\/\/www.europesays.com\/fi\/118649\/","title":{"rendered":"T\u00e4m\u00e4 tiedet\u00e4\u00e4n Ukrainan tilanteesta &#8211; Ilta-Sanomat"},"content":{"rendered":"<p>Samalla kun keskustelut Ukrainan rahoituksesta ja sodan lopettamisesta jatkuvat, my\u00f6s sota jatkuu.<\/p>\n<p class=\"article-body mb-nof-24 px-nof-16\">Ukrainan tulevaisuuden kannalta t\u00e4rke\u00e4 viikko ja sen neuvottelut jatkuvat. Berliiniss\u00e4 pidetyn johtajien tapaamisen j\u00e4lkeen seuraava t\u00e4rke\u00e4 etappi on EU:n torstainen p\u00e4\u00e4t\u00f6s Ven\u00e4j\u00e4n j\u00e4\u00e4dytettyjen varojen k\u00e4yt\u00f6st\u00e4.<\/p>\n<p class=\"article-body mb-nof-24 px-nof-16\">T\u00e4ss\u00e4 tilanne lyhyesti.<\/p>\n<p>Euroopassa neuvotellaan rahojen k\u00e4yt\u00f6st\u00e4<\/p>\n<p class=\"article-body mb-nof-24 px-nof-16\">EU-maat hiovat kantojaan ven\u00e4l\u00e4isvarojen k\u00e4yt\u00f6st\u00e4 Ukrainan tukemiseen. EU on edistynyt keskusteluissa siit\u00e4, kuinka Ukrainaa voitaisiin rahoittaa k\u00e4ytt\u00e4en j\u00e4\u00e4dytettyj\u00e4 ven\u00e4l\u00e4isvaroja, kertoivat diplomaattil\u00e4hteet uutistoimisto Reutersille.<\/p>\n<p class=\"article-body mb-nof-24 px-nof-16\">P\u00e4\u00e4t\u00f6ksi\u00e4 asiasta kuitenkin tehd\u00e4\u00e4n vasta huippukokouksessa, joka alkaa huomenna torstaina Brysseliss\u00e4.<\/p>\n<p class=\"article-body mb-nof-24 px-nof-16\">Euroopan komissio on ehdottanut, ett\u00e4 ven\u00e4l\u00e4isvaroja k\u00e4ytett\u00e4isiin sotakorvauslainaan, joka annettaisiin Ukrainalle.<\/p>\n<p class=\"article-body mb-nof-24 px-nof-16\">J\u00e4\u00e4dytettyj\u00e4 ven\u00e4l\u00e4isvaroja on EU:ssa noin 210 miljardia euroa. Niist\u00e4 ylivoimainen valtaosa on Belgiassa sijaitsevassa Euroclear-arvopaperikeskuksessa. Belgia on vastustanut ven\u00e4l\u00e4isvarojen k\u00e4ytt\u00f6\u00f6nottoa, koska se pelk\u00e4\u00e4 juridisia riskej\u00e4. Se on ehdottanut, ett\u00e4 riski\u00e4 jaettaisiin EU-maiden kesken.<\/p>\n<p>Keskustelut rauhansuunnitelmasta jatkuvat<\/p>\n<p class=\"article-body mb-nof-24 px-nof-16\">My\u00f6s Yhdysvaltojen v\u00e4litt\u00e4m\u00e4t keskustelut Ukrainan sodan lopettamiseksi jatkuvat. Seuraava neuvottelukierros Ukrainan ja Yhdysvaltojen v\u00e4lill\u00e4 on tiett\u00e4v\u00e4sti m\u00e4\u00e4r\u00e4 k\u00e4yd\u00e4 ensi viikonloppuna Yhdysvalloissa.<\/p>\n<p class=\"article-body mb-nof-24 px-nof-16\">N\u00e4iss\u00e4 neuvotteluissa on ratkaistavana esimerkiksi se, pit\u00e4\u00e4k\u00f6 Ukrainan luovuttaa alueita Ven\u00e4j\u00e4lle.<\/p>\n<p class=\"article-body mb-nof-24 px-nof-16\">Mik\u00e4li Euroopan johtajat saavat huippukokouksessaan rahoitusasian sovittua, my\u00f6s Euroopalla voi olla suurempi painoarvo sodan lopettamista koskevissa keskusteluissa.<\/p>\n<p>Sota jatkuu<\/p>\n<p class=\"article-body mb-nof-24 px-nof-16\">Samalla kun keskustelut rauhasta ja rahoista jatkuvat, my\u00f6s sota jatkuu. Keskiviikon vastaisena y\u00f6n\u00e4 raportoitiin lennokki-iskuista sek\u00e4 Kiovassa ett\u00e4 Ven\u00e4j\u00e4n sek\u00e4 Ukrainassa ett\u00e4 Ven\u00e4j\u00e4ll\u00e4 Krasnodarin alueella.<\/p>\n","protected":false},"excerpt":{"rendered":"Samalla kun keskustelut Ukrainan rahoituksesta ja sodan lopettamisesta jatkuvat, my\u00f6s sota jatkuu. Ukrainan tulevaisuuden kannalta t\u00e4rke\u00e4 viikko ja&hellip;\n","protected":false},"author":2,"featured_media":118650,"comment_status":"","ping_status":"","sticky":false,"template":"","format":"standard","meta":{"footnotes":""},"categories":[14],"tags":[22,23,26,27,33,31,30,17,34,24,25,28,29,15,18,21,32,19,20,56,16,59,60,61],"class_list":{"0":"post-118649","1":"post","2":"type-post","3":"status-publish","4":"format-standard","5":"has-post-thumbnail","7":"category-ulkomaat","8":"tag-breaking-news","9":"tag-breakingnews","10":"tag-featured-news","11":"tag-featurednews","12":"tag-fi","13":"tag-finland","14":"tag-finnish","15":"tag-headlines","16":"tag-ilta-sanomat","17":"tag-latest-news","18":"tag-latestnews","19":"tag-main-news","20":"tag-mainnews","21":"tag-news","22":"tag-otsikot","23":"tag-paauutiset","24":"tag-suomi","25":"tag-top-stories","26":"tag-topstories","27":"tag-ulkomaat","28":"tag-uutiset","29":"tag-world","30":"tag-world-news","31":"tag-worldnews"},"share_on_mastodon":{"url":"https:\/\/pubeurope.com\/@fi\/115734129208891690","error":""},"_links":{"self":[{"href":"https:\/\/www.europesays.com\/fi\/wp-json\/wp\/v2\/posts\/118649","targetHints":{"allow":["GET"]}}],"collection":[{"href":"https:\/\/www.europesays.com\/fi\/wp-json\/wp\/v2\/posts"}],"about":[{"href":"https:\/\/www.europesays.com\/fi\/wp-json\/wp\/v2\/types\/post"}],"author":[{"embeddable":true,"href":"https:\/\/www.europesays.com\/fi\/wp-json\/wp\/v2\/users\/2"}],"replies":[{"embeddable":true,"href":"https:\/\/www.europesays.com\/fi\/wp-json\/wp\/v2\/comments?post=118649"}],"version-history":[{"count":0,"href":"https:\/\/www.europesays.com\/fi\/wp-json\/wp\/v2\/posts\/118649\/revisions"}],"wp:featuredmedia":[{"embeddable":true,"href":"https:\/\/www.europesays.com\/fi\/wp-json\/wp\/v2\/media\/118650"}],"wp:attachment":[{"href":"https:\/\/www.europesays.com\/fi\/wp-json\/wp\/v2\/media?parent=118649"}],"wp:term":[{"taxonomy":"category","embeddable":true,"href":"https:\/\/www.europesays.com\/fi\/wp-json\/wp\/v2\/categories?post=118649"},{"taxonomy":"post_tag","embeddable":true,"href":"https:\/\/www.europesays.com\/fi\/wp-json\/wp\/v2\/tags?post=118649"}],"curies":[{"name":"wp","href":"https:\/\/api.w.org\/{rel}","templated":true}]}}