{"id":118654,"date":"2025-12-17T09:23:11","date_gmt":"2025-12-17T09:23:11","guid":{"rendered":"https:\/\/www.europesays.com\/fi\/118654\/"},"modified":"2025-12-17T09:23:11","modified_gmt":"2025-12-17T09:23:11","slug":"anna-milla-madetoja-sai-syopadiagnoosin-taysin-yllattaen-ei-aavistuksia-mistaan-vakavasta","status":"publish","type":"post","link":"https:\/\/www.europesays.com\/fi\/118654\/","title":{"rendered":"Anna: Milla Madetoja sai sy\u00f6p\u00e4diagnoosin t\u00e4ysin yll\u00e4tt\u00e4en: \u201dEi aavistuksia mist\u00e4\u00e4n vakavasta\u201d"},"content":{"rendered":"<p>Milla Madetoja kertoo toipumisestaan Anna-lehden haastattelussa. <\/p>\n<p><img decoding=\"async\" class=\"image image-show image-preview\" src=\"https:\/\/www.europesays.com\/fi\/wp-content\/uploads\/2025\/10\/95652458373db95afcaa565d6fe61a7d0e3b447af4f92597c328b5db0778de13.jpg\" alt=\"\"\/><img decoding=\"async\" class=\"image image-show\" src=\"https:\/\/www.europesays.com\/fi\/wp-content\/uploads\/2025\/10\/1761634209_647_95652458373db95afcaa565d6fe61a7d0e3b447af4f92597c328b5db0778de13.jpg\" alt=\"\"\/><\/p>\n<p>Milla Madetoja sai sy\u00f6p\u00e4diagnoosin helmikuussa 2025. Roosa Br\u00f6ijer<\/p>\n<p class=\"paragraph\">Leukemiaan sairastunut Ylen uutisankkuri <a href=\"https:\/\/www.iltalehti.fi\/henkilot\/Milla Madetoja\" class=\"article-link-person-page\" rel=\"nofollow noopener\" target=\"_blank\">Milla Madetoja<\/a> kertoo nyt toipumisestaan <a href=\"https:\/\/anna.fi\/ihmiset\/uutisankkuri-milla-madetoja-toipuu-leukemiasta\" rel=\"noopener nofollow\" target=\"_blank\">Anna<\/a>-lehden haastattelussa.<\/p>\n<p class=\"paragraph\">Madetoja kertoi sy\u00f6p\u00e4diagnoosistaan julkisuuteen <a href=\"https:\/\/www.iltalehti.fi\/viihdeuutiset\/14b9d6b3-5d5e-4a99-aea4-38d16f6514f1\" rel=\"nofollow noopener\" target=\"_blank\">hein\u00e4kuussa<\/a>. Noin vuosi sitten Madetojan verikokeiden tuloksista l\u00f6ytyi yll\u00e4tt\u00e4vi\u00e4 arvoja.<\/p>\n<p class=\"paragraph\">\u2013 Vointini oli t\u00e4ysin normaali. Ei aavistuksia mist\u00e4\u00e4n vakavasta, Madetoja kuvasi vointiaan ennen tulosten kuulemista.<\/p>\n<p class=\"paragraph\">Helmikuussa h\u00e4n sai diagnoosin: akuutti leukemia eli vakava ja nopeasti etenev\u00e4 verisy\u00f6p\u00e4.<\/p>\n<p class=\"paragraph\">43-vuotias Madetoja sai sytostaattihoitoja t\u00e4ydell\u00e4 teholla. Sairaalajaksoa Madetoja kuvaa haastattelussa pitk\u00e4ksi pime\u00e4ksi putkeksi. H\u00e4n itki huoneessaan ja k\u00e4sitteli itsekseen j\u00e4rkytt\u00e4v\u00e4\u00e4 tietoa.<\/p>\n<p class=\"paragraph\">Toukokuussa Madetojalle tehtiin kantasolusiirto. Sopivimmaksi luovuttajaksi todettiin Madetojan kolme vuotta vanhempi <strong>Kukka<\/strong>-sisko. Siirron j\u00e4lkeen j\u00e4nnitettiin, kuinka Madetoja reagoisi siihen.<\/p>\n<p class=\"paragraph\">Siirteen toimivuutta seurataan koko loppuel\u00e4m\u00e4 ja toipuminen jatkuu viel\u00e4. Er\u00e4\u00e4n p\u00e4iv\u00e4n Madetoja kuitenkin kokee uuden el\u00e4m\u00e4ns\u00e4 syntym\u00e4p\u00e4iv\u00e4ksi. P\u00e4iv\u00e4, jolloin sisaren kantasolut siirrettiin h\u00e4nen elimist\u00f6\u00f6ns\u00e4, on sattumalta sama kuin siskon syntym\u00e4p\u00e4iv\u00e4.<\/p>\n<p>Ennen diagnoosiaan Milla Madetoja voi hyvin. H\u00e4n urheili, teki t\u00f6it\u00e4 ja oli lastensa kanssa tavanomaiseen tapaan.  Roosa Br\u00f6ijer<\/p>\n<p class=\"paragraph\">Madetoja toteaa Annassa, ett\u00e4 lapset ovat h\u00e4nelle isoin asia, syy aivan kaikkeen.<\/p>\n<p class=\"paragraph\">\u2013 Yst\u00e4v\u00e4t ovat kannatelleet ja puoliso pit\u00e4nyt pystyss\u00e4, mutta mik\u00e4\u00e4n muu ei ole auttanut niin paljon kuin lapset. Heid\u00e4n merkityksens\u00e4 on ollut j\u00e4rkytt\u00e4v\u00e4n suuri ja valtava.<\/p>\n<p class=\"paragraph\">Arki on t\u00e4ynn\u00e4 hetki\u00e4, joita h\u00e4n kaipasi sairaalajaksolla. Madetoja on muun muassa iloinen, ett\u00e4 h\u00e4n p\u00e4\u00e4see taas liikkumaan. Pelosta ja huolesta huolimatta tulevaisuus ei n\u00e4yt\u00e4 en\u00e4\u00e4 synk\u00e4lt\u00e4. Madetojasta tuntuu, ett\u00e4 h\u00e4n on saanut uuden mahdollisuuden.<\/p>\n<p class=\"paragraph\">Madetoja on kertonut toipumisestaan my\u00f6s sosiaalisessa mediassa. <a href=\"https:\/\/www.iltalehti.fi\/viihdeuutiset\/5b37076d-d305-4281-bd17-b7686d043b49\" rel=\"nofollow noopener\" target=\"_blank\">Hiljattain h\u00e4n kertoi saaneensa hyvi\u00e4 uutisia<\/a>.<\/p>\n<p class=\"paragraph\">\u2013 Aamu-uinteja tuulessa ja h\u00e4m\u00e4r\u00e4ss\u00e4, kavereita, tanssikisoja, futista ja labroja. On tullut my\u00f6s ihan hyvi\u00e4 uutisia, h\u00e4n kuvaili arkip\u00e4ivi\u00e4\u00e4n.<\/p>\n<p class=\"paragraph\">Madetoja kertoi julkaisussa, ett\u00e4 h\u00e4nen sairauslomansa jatkuu \u201dviel\u00e4 hyv\u00e4n aikaa\u201d.<\/p>\n<p class=\"paragraph\">\u2013 Palaan t\u00f6ihin ja ruutuun sitten joskus, h\u00e4n kirjoitti.<\/p>\n","protected":false},"excerpt":{"rendered":"Milla Madetoja kertoo toipumisestaan Anna-lehden haastattelussa. Milla Madetoja sai sy\u00f6p\u00e4diagnoosin helmikuussa 2025. Roosa Br\u00f6ijer Leukemiaan sairastunut Ylen uutisankkuri&hellip;\n","protected":false},"author":2,"featured_media":78032,"comment_status":"","ping_status":"","sticky":false,"template":"","format":"standard","meta":{"footnotes":""},"categories":[136],"tags":[35,407,137,33,31,30,408,2461,764,32,765,502,516,167,109],"class_list":{"0":"post-118654","1":"post","2":"type-post","3":"status-publish","4":"format-standard","5":"has-post-thumbnail","7":"category-julkkikset","8":"tag-24h","9":"tag-celebrities","10":"tag-entertainment","11":"tag-fi","12":"tag-finland","13":"tag-finnish","14":"tag-julkkikset","15":"tag-sairaalat-ja-terveyskeskukset","16":"tag-sairaudet","17":"tag-suomi","18":"tag-taudit-ja-hairiot","19":"tag-terveydenhoito","20":"tag-terveydenhoitoala","21":"tag-terveys","22":"tag-viihde"},"share_on_mastodon":{"url":"https:\/\/pubeurope.com\/@fi\/115734184357393204","error":""},"_links":{"self":[{"href":"https:\/\/www.europesays.com\/fi\/wp-json\/wp\/v2\/posts\/118654","targetHints":{"allow":["GET"]}}],"collection":[{"href":"https:\/\/www.europesays.com\/fi\/wp-json\/wp\/v2\/posts"}],"about":[{"href":"https:\/\/www.europesays.com\/fi\/wp-json\/wp\/v2\/types\/post"}],"author":[{"embeddable":true,"href":"https:\/\/www.europesays.com\/fi\/wp-json\/wp\/v2\/users\/2"}],"replies":[{"embeddable":true,"href":"https:\/\/www.europesays.com\/fi\/wp-json\/wp\/v2\/comments?post=118654"}],"version-history":[{"count":0,"href":"https:\/\/www.europesays.com\/fi\/wp-json\/wp\/v2\/posts\/118654\/revisions"}],"wp:featuredmedia":[{"embeddable":true,"href":"https:\/\/www.europesays.com\/fi\/wp-json\/wp\/v2\/media\/78032"}],"wp:attachment":[{"href":"https:\/\/www.europesays.com\/fi\/wp-json\/wp\/v2\/media?parent=118654"}],"wp:term":[{"taxonomy":"category","embeddable":true,"href":"https:\/\/www.europesays.com\/fi\/wp-json\/wp\/v2\/categories?post=118654"},{"taxonomy":"post_tag","embeddable":true,"href":"https:\/\/www.europesays.com\/fi\/wp-json\/wp\/v2\/tags?post=118654"}],"curies":[{"name":"wp","href":"https:\/\/api.w.org\/{rel}","templated":true}]}}