{"id":118655,"date":"2025-12-17T09:27:11","date_gmt":"2025-12-17T09:27:11","guid":{"rendered":"https:\/\/www.europesays.com\/fi\/118655\/"},"modified":"2025-12-17T09:27:11","modified_gmt":"2025-12-17T09:27:11","slug":"suomalaisen-progen-legenda-palaa-lavoille-nyt-saatiin-tietoa-kokoonpanosta","status":"publish","type":"post","link":"https:\/\/www.europesays.com\/fi\/118655\/","title":{"rendered":"Suomalaisen progen legenda palaa lavoille \u2013\u00a0nyt saatiin tietoa kokoonpanosta"},"content":{"rendered":"<p>Musiikkiklubi G Livelab Tampere julkisti 15 uutta keikkaa kev\u00e4tkaudelle 2026. <\/p>\n<p>Uusia konsertteja t\u00e4hditt\u00e4v\u00e4t mm. <strong>Kaseva, Radiopuhelimet, Vilma J\u00e4\u00e4, Tasavallan Presidentti Complete, Sun-Mi Hong Quartet (KR\/NL)<\/strong> sek\u00e4<strong> King Crimsonia<\/strong> tulkitsevat<strong> Marko Hietala &amp; Sein\u00e4joen Kaupunginorkesteri.<\/strong><\/p>\n<p>Erityisen mielenkiintoinen oli julkistus siit\u00e4, ett\u00e4 suomiprogen j\u00e4ttil\u00e4inen <strong>Tasavallan Presidentti <\/strong>esiintyy Complete-kokoonpanollaan G Livelabissa. Tiedotteen mukaan b\u00e4ndiss\u00e4 soittavat ainakin \u201d<strong>Vesa Aaltonen<\/strong>, <strong>Jukka Tolonen<\/strong>, <strong>Jukka Gustavson<\/strong>, <strong>Ella Tepponen<\/strong> sek\u00e4 muita huippumuusikoita.\u201d Jo aiemmin Alvarin kes\u00e4juhla <a href=\"https:\/\/www.rumba.fi\/uutiset\/suomalaisen-progen-legenda-palaa-lavoille-ainakin-jossain-muodossa-uuden-espoolaisfestivaalin-esiintyjia-julki\/\" rel=\"nofollow noopener\" target=\"_blank\">kertoi <\/a>\u201dPressan\u201d keikasta, mutta tuossa julkistuksessa ei mainittu b\u00e4ndin kokoonpanosta mit\u00e4\u00e4n.<\/p>\n<p>Muista kev\u00e4\u00e4n uusi keikkanimi\u00e4 ovat <strong>Pelle Miljoona<\/strong>, <strong>Radiopuhelimet,<\/strong> <strong>Suistamon S\u00e4hk\u00f6<\/strong> ja <strong>Vilma J\u00e4\u00e4<\/strong> ja <strong>Stepa<\/strong>. Kaikki keikat l\u00f6yd\u00e4t <a href=\"https:\/\/glivelab.fi\/tampere\/\" rel=\"nofollow noopener\" target=\"_blank\">t\u00e4\u00e4lt\u00e4<\/a>.<\/p>\n<p>Lue my\u00f6s: <a href=\"https:\/\/www.rumba.fi\/uutiset\/suomalaisen-progen-legenda-palaa-lavoille-ainakin-jossain-muodossa-uuden-espoolaisfestivaalin-esiintyjia-julki\/\" title=\"Suomalaisen progen legenda palaa lavoille ainakin jossain muodossa \u2013\u00a0uuden espoolaisfestivaalin esiintyji\u00e4 julki\" class=\"underline-custom !font-montserrat !font-bold !underline-offset-4 !decoration-4 !decoration-tilt-light !text-md\" rel=\"nofollow noopener\" target=\"_blank\">Suomalaisen progen legenda palaa lavoille ainakin jossain muodossa \u2013\u00a0uuden espoolaisfestivaalin esiintyji\u00e4 julki<\/a><\/p>\n<p>Lue my\u00f6s: <a href=\"https:\/\/www.rumba.fi\/uutiskirje\/\" title=\"Tilaa Rumban uutiskirje\" class=\"underline-custom !font-montserrat !font-bold !underline-offset-4 !decoration-4 !decoration-red-600 !text-md\" rel=\"nofollow noopener\" target=\"_blank\">Tilaa Rumban uutiskirje ja tied\u00e4t mist\u00e4 kahvitauolla puhutaan! Nappaa ajankohtaiset musiikin uutiset ja puheenaiheet suoraan s\u00e4hk\u00f6postiin t\u00e4st\u00e4.<\/a><\/p>\n","protected":false},"excerpt":{"rendered":"Musiikkiklubi G Livelab Tampere julkisti 15 uutta keikkaa kev\u00e4tkaudelle 2026. Uusia konsertteja t\u00e4hditt\u00e4v\u00e4t mm. Kaseva, Radiopuhelimet, Vilma J\u00e4\u00e4,&hellip;\n","protected":false},"author":2,"featured_media":118656,"comment_status":"","ping_status":"","sticky":false,"template":"","format":"standard","meta":{"footnotes":""},"categories":[132],"tags":[137,33,31,30,195,47,32,109],"class_list":{"0":"post-118655","1":"post","2":"type-post","3":"status-publish","4":"format-standard","5":"has-post-thumbnail","7":"category-musiikki","8":"tag-entertainment","9":"tag-fi","10":"tag-finland","11":"tag-finnish","12":"tag-music","13":"tag-musiikki","14":"tag-suomi","15":"tag-viihde"},"share_on_mastodon":{"url":"https:\/\/pubeurope.com\/@fi\/115734199993229737","error":""},"_links":{"self":[{"href":"https:\/\/www.europesays.com\/fi\/wp-json\/wp\/v2\/posts\/118655","targetHints":{"allow":["GET"]}}],"collection":[{"href":"https:\/\/www.europesays.com\/fi\/wp-json\/wp\/v2\/posts"}],"about":[{"href":"https:\/\/www.europesays.com\/fi\/wp-json\/wp\/v2\/types\/post"}],"author":[{"embeddable":true,"href":"https:\/\/www.europesays.com\/fi\/wp-json\/wp\/v2\/users\/2"}],"replies":[{"embeddable":true,"href":"https:\/\/www.europesays.com\/fi\/wp-json\/wp\/v2\/comments?post=118655"}],"version-history":[{"count":0,"href":"https:\/\/www.europesays.com\/fi\/wp-json\/wp\/v2\/posts\/118655\/revisions"}],"wp:featuredmedia":[{"embeddable":true,"href":"https:\/\/www.europesays.com\/fi\/wp-json\/wp\/v2\/media\/118656"}],"wp:attachment":[{"href":"https:\/\/www.europesays.com\/fi\/wp-json\/wp\/v2\/media?parent=118655"}],"wp:term":[{"taxonomy":"category","embeddable":true,"href":"https:\/\/www.europesays.com\/fi\/wp-json\/wp\/v2\/categories?post=118655"},{"taxonomy":"post_tag","embeddable":true,"href":"https:\/\/www.europesays.com\/fi\/wp-json\/wp\/v2\/tags?post=118655"}],"curies":[{"name":"wp","href":"https:\/\/api.w.org\/{rel}","templated":true}]}}