{"id":118667,"date":"2025-12-17T09:36:07","date_gmt":"2025-12-17T09:36:07","guid":{"rendered":"https:\/\/www.europesays.com\/fi\/118667\/"},"modified":"2025-12-17T09:36:07","modified_gmt":"2025-12-17T09:36:07","slug":"tyottomille-tulee-uusi-kela-tuki-ilta-sanomat","status":"publish","type":"post","link":"https:\/\/www.europesays.com\/fi\/118667\/","title":{"rendered":"Ty\u00f6tt\u00f6mille tulee uusi Kela-tuki &#8211; Ilta-Sanomat"},"content":{"rendered":"<p>Uuden tuen maksaminen alkaa toukokuussa 2026.<\/p>\n<p>N\u00e4in ty\u00f6tt\u00f6myystuki muuttuu. Video julkaistu alun perin 2. joulukuuta 2025.<\/p>\n<p class=\"article-body mb-nof-24 px-nof-16\">Toukokuusta l\u00e4htien Kela alkaa maksaa ty\u00f6tt\u00f6mille yleistukea.<\/p>\n<p class=\"article-body mb-nof-24 px-nof-16\">Kyseess\u00e4 on uusi tuki, joka korvaa Kelan nykyiset ty\u00f6tt\u00f6myystuet eli ty\u00f6markkinatuen ja perusp\u00e4iv\u00e4rahan.<\/p>\n<p class=\"article-body mb-nof-24 px-nof-16\">Yleistuki on tarkoitettu ty\u00f6tt\u00f6mille, joilla ei ole oikeutta ansiop\u00e4iv\u00e4rahaan tai joiden ansiop\u00e4iv\u00e4raha\u00adkausi on p\u00e4\u00e4ttynyt.<\/p>\n<p class=\"article-body mb-nof-24 px-nof-16\">Eduskunta on hyv\u00e4ksynyt lakiesityksen yleistuesta. My\u00f6hemmin yleistukea on tarkoitus laajentaa niin, ett\u00e4 se korvaisi my\u00f6s muita tukia, mutta asiasta ei ole tehty viel\u00e4 p\u00e4\u00e4t\u00f6ksi\u00e4.<\/p>\n<p class=\"article-body mb-nof-24 px-nof-16\">Yleistuki m\u00e4\u00e4r\u00e4 on 37,21 euroa p\u00e4iv\u00e4ss\u00e4 eli keskim\u00e4\u00e4rin 800 euroa kuukaudessa vuonna 2026. M\u00e4\u00e4r\u00e4 on sama kuin nykyisen ty\u00f6markkinatuen ja perusp\u00e4iv\u00e4rahan m\u00e4\u00e4r\u00e4.<\/p>\n<p class=\"article-body mb-nof-24 px-nof-16\">Tuki on tarveharkintainen eli se edellytt\u00e4\u00e4 taloudellisen tuen tarvetta. Tulot pienent\u00e4v\u00e4t tuen m\u00e4\u00e4r\u00e4\u00e4.<\/p>\n<p class=\"article-body mb-nof-24 px-nof-16\">Palkkatulot sovitellaan yhteen yleistuen kanssa samalla tavalla kuin nykyisess\u00e4 mallissa. Osa-aikaty\u00f6st\u00e4 saadusta bruttopalkasta puolet v\u00e4hennet\u00e4\u00e4n yleistuesta. Jos ty\u00f6t\u00f6n saa esimerkiksi palkkaa 1000 euroa kuukaudessa, yleistuen m\u00e4\u00e4r\u00e4 pienenee 500 euroa.<\/p>\n<p class=\"article-body mb-nof-24 px-nof-16\">My\u00f6s esimerkiksi p\u00e4\u00e4omatulot, omaishoidon tuki, osittainen varhennettu vanhuusel\u00e4ke, perhehoitajan palkkiot ja tekij\u00e4noikeuskorvaukset voivat pienent\u00e4\u00e4 yleistukea. Jos muita kuin palkkatuloja saa yli 311 euroa kuukaudessa, niist\u00e4 puolet v\u00e4hennet\u00e4\u00e4n yleistuesta.<\/p>\n<p class=\"article-body mb-nof-24 px-nof-16\">S\u00e4\u00e4st\u00f6t tai omaisuus, kuten asunto, auto tai tilill\u00e4 olevat rahat eiv\u00e4t vaikuta yleistuen m\u00e4\u00e4r\u00e4\u00e4n, kuten eiv\u00e4t my\u00f6sk\u00e4\u00e4n puolison tai huonetoverin tulot.<\/p>\n<p class=\"article-body mb-nof-24 px-nof-16\">Kuitenkin jos yleistuen saaja asuu vanhempiensa kanssa, vanhempien tulot voivat vaikuttaa yleistuen m\u00e4\u00e4r\u00e4\u00e4n.<\/p>\n<p class=\"article-body mb-nof-24 px-nof-16\">Vuonna 2024 Kela maksoi ty\u00f6tt\u00f6myysturvaa yhteens\u00e4 1\u202f912 miljoonaa euroa.<\/p>\n<p class=\"article-body mb-nof-24 px-nof-16\">Vuoden 2024 aikana perusp\u00e4iv\u00e4rahaa sai yhteens\u00e4 80\u00a0726 ihmist\u00e4 ja ty\u00f6markkinatukea 241\u00a0449 ihmist\u00e4.<\/p>\n","protected":false},"excerpt":{"rendered":"Uuden tuen maksaminen alkaa toukokuussa 2026. N\u00e4in ty\u00f6tt\u00f6myystuki muuttuu. Video julkaistu alun perin 2. joulukuuta 2025. Toukokuusta l\u00e4htien&hellip;\n","protected":false},"author":2,"featured_media":118668,"comment_status":"","ping_status":"","sticky":false,"template":"","format":"standard","meta":{"footnotes":""},"categories":[12],"tags":[22,23,26,27,33,31,30,17,34,24,25,28,29,15,18,21,32,19,20,16],"class_list":{"0":"post-118667","1":"post","2":"type-post","3":"status-publish","4":"format-standard","5":"has-post-thumbnail","7":"category-suomi","8":"tag-breaking-news","9":"tag-breakingnews","10":"tag-featured-news","11":"tag-featurednews","12":"tag-fi","13":"tag-finland","14":"tag-finnish","15":"tag-headlines","16":"tag-ilta-sanomat","17":"tag-latest-news","18":"tag-latestnews","19":"tag-main-news","20":"tag-mainnews","21":"tag-news","22":"tag-otsikot","23":"tag-paauutiset","24":"tag-suomi","25":"tag-top-stories","26":"tag-topstories","27":"tag-uutiset"},"share_on_mastodon":{"url":"","error":""},"_links":{"self":[{"href":"https:\/\/www.europesays.com\/fi\/wp-json\/wp\/v2\/posts\/118667","targetHints":{"allow":["GET"]}}],"collection":[{"href":"https:\/\/www.europesays.com\/fi\/wp-json\/wp\/v2\/posts"}],"about":[{"href":"https:\/\/www.europesays.com\/fi\/wp-json\/wp\/v2\/types\/post"}],"author":[{"embeddable":true,"href":"https:\/\/www.europesays.com\/fi\/wp-json\/wp\/v2\/users\/2"}],"replies":[{"embeddable":true,"href":"https:\/\/www.europesays.com\/fi\/wp-json\/wp\/v2\/comments?post=118667"}],"version-history":[{"count":0,"href":"https:\/\/www.europesays.com\/fi\/wp-json\/wp\/v2\/posts\/118667\/revisions"}],"wp:featuredmedia":[{"embeddable":true,"href":"https:\/\/www.europesays.com\/fi\/wp-json\/wp\/v2\/media\/118668"}],"wp:attachment":[{"href":"https:\/\/www.europesays.com\/fi\/wp-json\/wp\/v2\/media?parent=118667"}],"wp:term":[{"taxonomy":"category","embeddable":true,"href":"https:\/\/www.europesays.com\/fi\/wp-json\/wp\/v2\/categories?post=118667"},{"taxonomy":"post_tag","embeddable":true,"href":"https:\/\/www.europesays.com\/fi\/wp-json\/wp\/v2\/tags?post=118667"}],"curies":[{"name":"wp","href":"https:\/\/api.w.org\/{rel}","templated":true}]}}