{"id":118694,"date":"2025-12-17T10:20:14","date_gmt":"2025-12-17T10:20:14","guid":{"rendered":"https:\/\/www.europesays.com\/fi\/118694\/"},"modified":"2025-12-17T10:20:14","modified_gmt":"2025-12-17T10:20:14","slug":"astrid-lindgrenin-veljeni-leijonamieli-saa-uuden-sovituksen-ohjaajana-thomas-vinterberg","status":"publish","type":"post","link":"https:\/\/www.europesays.com\/fi\/118694\/","title":{"rendered":"Astrid Lindgrenin Veljeni Leijonamieli saa uuden sovituksen \u2013 ohjaajana Thomas Vinterberg"},"content":{"rendered":"<p>\n            Veljeni Leijonamieli<br \/>\n            Yle\n        <\/p>\n<p class=\"subtitle \">Sarjan takana on yksi Tanskan arvostetuimmista elokuvantekij\u00f6ist\u00e4.<\/p>\n<p class=\"article-content article-content-width !bg-background\"> vuonna 1973 julkaisema Veljeni Leijonamieli (Br\u00f6derna Lejonhj\u00e4rta) on yksi juhlitun ruotsalaiskirjailijan kuuluisimmista ja rakastetuimmista romaaneista.<\/p>\n<p class=\"article-content article-content-width !bg-background\">Lastenkirjaksi poikkeuksellisen synk\u00e4n mutta syv\u00e4llisen ja lohdullisen tarinan teemoja ovat kuolema, kuoleman j\u00e4lkeinen el\u00e4m\u00e4 ja omien pelkojen voittaminen, sek\u00e4 yst\u00e4vyys, kunnioitus ja moraali.<\/p>\n<p class=\"article-content article-content-width !bg-background\">Kirja kertoo kahdesta veljeksest\u00e4, Joonatan ja Kaarle Leijonasta. Korppu eli Kaarle on sairas pieni poika, joka ihailee rohkeaa ja lempe\u00e4\u00e4 isovelje\u00e4\u00e4n Joonatania. Joonatan pelastaa Korpun palavasta talosta, mutta menehtyy itse.<\/p>\n<p class=\"article-content article-content-width !bg-background\">My\u00f6s Korppu kuolee pian veljens\u00e4 j\u00e4lkeen ja seuraa Joonatania kauniiseen maahan nimelt\u00e4 Nangijala. Nangijalan ihanuutta h\u00e4iritsev\u00e4t kuitenkin julmat valloittajat, jotka haluavat alistaa asukkaat hirmuvaltansa alle, ja veljekset joutuvat mukaan taisteluun.<\/p>\n<p>        <a itemprop=\"url\" href=\"https:\/\/www.seiska.fi\/katso\/nakokulma-tonttu-elokuva-hautaa-joulumielen\/1995408\" rel=\"nofollow noopener\" target=\"_blank\"><\/p>\n<p>\nN\u00e4k\u00f6kulma: Tonttu-elokuva h\u00e4mment\u00e4\u00e4\n<\/p>\n<p class=\"section-date\">\n        <strong class=\"article-section\" data-section=\"katso\"><br \/>\n            katso<br \/>\n        <\/strong><br \/>\n        21.11. 14:15\n    <\/p>\n<p>N\u00e4k\u00f6kulma: Tonttu-elokuva hautaa joulumielen\n    <\/p>\n<p itemprop=\"description\" class=\"subtitle \">\n    Kuolemaa k\u00e4sittelev\u00e4 lastenelokuva ei tied\u00e4, mille kohdeyleis\u00f6lle se on tehty.\n<\/p>\n<p>        <\/a><\/p>\n<p>                <img decoding=\"async\" src=\"https:\/\/www.europesays.com\/fi\/wp-content\/uploads\/2025\/12\/2022090.webp\" width=\"576\" height=\"356\" alt=\"Veljeni Leijonamieli (1977)\" loading=\"lazy\" \/>            <\/p>\n<p>\n            Veljeni Leijonamieli (1977)<br \/>\n            Yle\n        <\/p>\n<p class=\"article-content article-content-width !bg-background\">Lukuisia Lindgren-sovituksia tehnyt  ohjasi romaanin pohjalta pitk\u00e4n elokuvan, joka palkittiin Berliinin elokuvajuhlilla vuonna 1978. Kaksi vuotta my\u00f6hemmin Hellbomin kuvaamasta materiaalista leikattiin my\u00f6s viisiosainen tv-sarja.<\/p>\n<p>        <a itemprop=\"url\" href=\"https:\/\/www.seiska.fi\/katso\/charles-chaplinin-tyttarentytar-varastaa-uuden-avatar-elokuvan\/2011370\" rel=\"nofollow noopener\" target=\"_blank\"><\/p>\n<p>\nEnsi-illassa Avatar: Fire and Ash\n<\/p>\n<p class=\"section-date\">\n        <strong class=\"article-section\" data-section=\"katso\"><br \/>\n            katso<br \/>\n        <\/strong><br \/>\n        15.12. 07:15\n    <\/p>\n<p>Charles Chaplinin tytt\u00e4rentyt\u00e4r varastaa uuden Avatar-elokuvan\n    <\/p>\n<p itemprop=\"description\" class=\"subtitle \">\n    Avatar: Fire and Ash saa ensi-iltansa elokuvateattereissa keskiviikkona 17. joulukuuta.\n<\/p>\n<p>        <\/a><\/p>\n<p>Osaavissa k\u00e4siss\u00e4<\/p>\n<p class=\"article-content article-content-width !bg-background\">Uuden sarjaversion Veljeni Leijonamielest\u00e4 ohjaa ja k\u00e4sikirjoittaa yksi Tanskan juhlituimmista elokuvantekij\u00f6ist\u00e4 . Dogma 95 -liikkeen perustajiin kuuluva Vinterberg tunnetaan erityisesti elokuvista Juhlat (1998), Dear Wendy (2005), Submarino (2010), Jahti (2012), Kursk (2017) ja kansainv\u00e4lisen elokuvan Oscar-voittajasta Yhdet viel\u00e4 (2020).<\/p>\n<p>                <img decoding=\"async\" src=\"https:\/\/www.europesays.com\/fi\/wp-content\/uploads\/2025\/12\/2022076.webp\" width=\"576\" height=\"308\" alt=\"Thomas Vinterberg\" loading=\"lazy\" \/>            <\/p>\n<p>\n            Thomas Vinterberg<br \/>\n            Atlantic Film\n        <\/p>\n<p class=\"article-content article-content-width !bg-background\">Vinterbergin ensimm\u00e4inen tv-sarja on vuonna 2024 valmistunut ekokatastrofidraama Families Like Ours, joka on katsottavissa MTV Katsomo+ -palvelussa.<\/p>\n<p>        <a itemprop=\"url\" href=\"https:\/\/www.seiska.fi\/katso\/mads-mikkelsen-antaa-kullanarvoisen-vinkin-hollywoodiin-kinuaville-suomalaisille-tee-tyosi-kotona-hyvin-ja-puhtaalla-sydamella-ennen-rapakon-taakse-juoksemista\/1066929\" rel=\"nofollow noopener\" target=\"_blank\"><\/p>\n<p class=\"section-date\">\n        <strong class=\"article-section\" data-section=\"katso\"><br \/>\n            katso<br \/>\n        <\/strong><br \/>\n        2.7.2023 14:15\n    <\/p>\n<p>Mads Mikkelsen antaa kullanarvoisen vinkin Hollywoodiin kinuaville suomalaisille \u2013 &#8221;Tee ty\u00f6si kotona hyvin ja puhtaalla syd\u00e4mell\u00e4 ennen rapakon taakse juoksemista&#8221;\n    <\/p>\n<p itemprop=\"description\" class=\"subtitle \">\n    Tanskan menestynein elokuvan\u00e4yttelij\u00e4 Mads Mikkelsen sanoo, ettei Hollywoodille kannata v\u00e4kisin tyrkytt\u00e4\u00e4 itse\u00e4\u00e4n.\n<\/p>\n<p>        <\/a><\/p>\n<p class=\"article-content article-content-width !bg-background\">Vinterberg k\u00e4sikirjoittaa sarjan Tony-palkitun n\u00e4ytelm\u00e4kirjailijan  kanssa. Apple TV+ -palvelulle teht\u00e4v\u00e4n sarjan tuottaa Media Res -yhti\u00f6, jonka aiemmasta Apple-sarjasta The Morning Show on tekeill\u00e4 jo viides kausi. Lis\u00e4ksi yhti\u00f6lt\u00e4 on tulossa  ja  t\u00e4hditt\u00e4m\u00e4 uusi sarja The Dealer.<\/p>\n<p class=\"article-content article-content-width !bg-background\">Ennen Veljeni Leijonamielt\u00e4 Vinterbergilt\u00e4 ehtii ilmesty\u00e4 viel\u00e4 toinen sarja Kennedy, joka kertoo Yhdysvaltain kuuluisimmasta poliittisesta perheest\u00e4. Netflixill\u00e4 vuonna 2026 n\u00e4ht\u00e4v\u00e4n sarjan p\u00e4\u00e4osassa n\u00e4hd\u00e4\u00e4n .<\/p>\n","protected":false},"excerpt":{"rendered":"Veljeni Leijonamieli Yle Sarjan takana on yksi Tanskan arvostetuimmista elokuvantekij\u00f6ist\u00e4. vuonna 1973 julkaisema Veljeni Leijonamieli (Br\u00f6derna Lejonhj\u00e4rta) on&hellip;\n","protected":false},"author":2,"featured_media":118695,"comment_status":"","ping_status":"","sticky":false,"template":"","format":"standard","meta":{"footnotes":""},"categories":[131],"tags":[5097,17229,18128,155,137,21504,33,173,31,30,21503,21502,10390,11429,8890,10274,172,11589,217,21498,21500,32,21501,21497,109,21499],"class_list":{"0":"post-118694","1":"post","2":"type-post","3":"status-publish","4":"format-standard","5":"has-post-thumbnail","7":"category-elokuvat","8":"tag-apple-tv","9":"tag-astrid-lindgren","10":"tag-dogma95","11":"tag-elokuvat","12":"tag-entertainment","13":"tag-families-like-ours","14":"tag-fi","15":"tag-film","16":"tag-finland","17":"tag-finnish","18":"tag-jahti-elokuva","19":"tag-juhlat-elokuva","20":"tag-kennedy","21":"tag-kursk","22":"tag-mads-mikkelsen","23":"tag-michael-fassbender","24":"tag-movies","25":"tag-mtv-katsomo","26":"tag-netflix","27":"tag-olle-hellbom","28":"tag-simon-stephens","29":"tag-suomi","30":"tag-thomas-vinterberg","31":"tag-veljeni-leijonamieli","32":"tag-viihde","33":"tag-yhdet-viela"},"share_on_mastodon":{"url":"https:\/\/pubeurope.com\/@fi\/115734408477336471","error":""},"_links":{"self":[{"href":"https:\/\/www.europesays.com\/fi\/wp-json\/wp\/v2\/posts\/118694","targetHints":{"allow":["GET"]}}],"collection":[{"href":"https:\/\/www.europesays.com\/fi\/wp-json\/wp\/v2\/posts"}],"about":[{"href":"https:\/\/www.europesays.com\/fi\/wp-json\/wp\/v2\/types\/post"}],"author":[{"embeddable":true,"href":"https:\/\/www.europesays.com\/fi\/wp-json\/wp\/v2\/users\/2"}],"replies":[{"embeddable":true,"href":"https:\/\/www.europesays.com\/fi\/wp-json\/wp\/v2\/comments?post=118694"}],"version-history":[{"count":0,"href":"https:\/\/www.europesays.com\/fi\/wp-json\/wp\/v2\/posts\/118694\/revisions"}],"wp:featuredmedia":[{"embeddable":true,"href":"https:\/\/www.europesays.com\/fi\/wp-json\/wp\/v2\/media\/118695"}],"wp:attachment":[{"href":"https:\/\/www.europesays.com\/fi\/wp-json\/wp\/v2\/media?parent=118694"}],"wp:term":[{"taxonomy":"category","embeddable":true,"href":"https:\/\/www.europesays.com\/fi\/wp-json\/wp\/v2\/categories?post=118694"},{"taxonomy":"post_tag","embeddable":true,"href":"https:\/\/www.europesays.com\/fi\/wp-json\/wp\/v2\/tags?post=118694"}],"curies":[{"name":"wp","href":"https:\/\/api.w.org\/{rel}","templated":true}]}}