{"id":118704,"date":"2025-12-17T10:28:09","date_gmt":"2025-12-17T10:28:09","guid":{"rendered":"https:\/\/www.europesays.com\/fi\/118704\/"},"modified":"2025-12-17T10:28:09","modified_gmt":"2025-12-17T10:28:09","slug":"sarah-dzafcen-asianajajalta-kovia-vihjauksia-il-nain-sunneva-sjogren-vastaa","status":"publish","type":"post","link":"https:\/\/www.europesays.com\/fi\/118704\/","title":{"rendered":"Sarah Dzafcen asianajajalta kovia vihjauksia \u2013 IL: n\u00e4in Sunneva Sj\u00f6gren vastaa"},"content":{"rendered":"<p>Miss Suomi -tittelin menett\u00e4nyt Sarah Dzafce palkkasi hiljattain asianajajakseen Kari Uotin.<\/p>\n<p class=\"article-body mb-nof-24 px-nof-16\">Miss Suomen teht\u00e4vist\u00e4 vapautetun <a class=\"article-personlink\" href=\"https:\/\/www.is.fi\/haku\/?query=Sarah%20Dzafcen\" rel=\"nofollow noopener\" target=\"_blank\">Sarah Dzafcen<\/a> asianajaja julkaisi suorasanaisia p\u00e4ivityksi\u00e4 sosiaalisessa mediassa.<\/p>\n<p class=\"article-body mb-nof-24 px-nof-16\">Asianajaja <a class=\"article-personlink\" href=\"https:\/\/www.is.fi\/haku\/?query=Kari%20Uoti\" rel=\"nofollow noopener\" target=\"_blank\">Kari Uoti<\/a> julkaisi esimerkiksi LinkedIn-tilill\u00e4\u00e4n<a class=\"article-genericlink\" href=\"https:\/\/www.linkedin.com\/feed\/update\/urn:li:activity:7406015996945448960\/\" rel=\"nofollow noopener\" target=\"_blank\"> pitk\u00e4n tekstin<\/a>, jossa h\u00e4n ruotii Miss Suomi -organisaation toimintaa rajusti. H\u00e4n mainitsee tekstiss\u00e4\u00e4n nimelt\u00e4 my\u00f6s organisaatiota luotsaavan <a class=\"article-personlink\" href=\"https:\/\/www.is.fi\/haku\/?query=Sunneva%20Sj%C3%B6grenin\" rel=\"nofollow noopener\" target=\"_blank\">Sunneva Sj\u00f6grenin<\/a>.<\/p>\n<p class=\"article-body mb-nof-24 px-nof-16\">\u2013 Nuori nainen, tytt\u00f6, oli hymyillyt yst\u00e4v\u00e4ns\u00e4 kameralle, venytt\u00e4nyt kulmiaan, eik\u00e4 muuta. H\u00e4n ei postannut kuvaa, ei kirjoittanut siihen mit\u00e4\u00e4n, ei tehnyt muuta kuin ilmeili kaverilleen, Uoti kirjoittaa.<\/p>\n<p class=\"article-body mb-nof-24 px-nof-16\">\u2013 Onko t\u00e4m\u00e4 peruste purkaa sopimus, no ei ole. No miksi sitten purettiin, jaa a, sen tiet\u00e4v\u00e4t vain h\u00e4mmentynyt nuori nainen ja &#8221;missiorganisaatio&#8221;, joka k\u00e4velytti ja sanoitti missin tarinan medialle.<\/p>\n<p class=\"article-body mb-nof-24 px-nof-16\">Uoti vihjaa julkaisussaan, ett\u00e4 organisaation olisi pit\u00e4nyt pysy\u00e4 Dzafcen tukena kohun keskell\u00e4, sill\u00e4 h\u00e4nen n\u00e4kemyksens\u00e4 mukaan mit\u00e4\u00e4n pahaa ei ole tapahtunut. Asia on h\u00e4nen mielest\u00e4\u00e4n vain paisunut suuremmaksi kuin sen olisi pit\u00e4nyt. H\u00e4n my\u00f6s vihjaa, ett\u00e4 organisaatio osallistui kohun lietsomiseen tarkoituksella.<\/p>\n<p class=\"article-body mb-nof-24 px-nof-16\">\u2013 K\u00e4rp\u00e4sest\u00e4 on tehty h\u00e4rk\u00e4nen, &#8221;organisaatio&#8221; on tehnyt itsest\u00e4\u00e4n t\u00e4rke\u00e4n ja paavillisen uhraamalla sopimuskumppaninsa, nuoren naisen, joka vain katsoi kameraan, kun kaveri kuvasi.<\/p>\n<p class=\"article-body mb-nof-24 px-nof-16\">Uoti on julkaissut my\u00f6s julkisella <a class=\"article-genericlink\" href=\"https:\/\/www.facebook.com\/kari.uoti\" rel=\"nofollow noopener\" target=\"_blank\">Facebook-tilill\u00e4\u00e4n <\/a>useita p\u00e4ivityksi\u00e4 aiheesta.<\/p>\n<p class=\"article-body mb-nof-24 px-nof-16\"><a class=\"article-genericlink\" href=\"https:\/\/www.iltalehti.fi\/viihdeuutiset\/a\/e9d7f8e5-ef14-4eb1-9ece-f3b90ee2a060\" rel=\"nofollow noopener\" target=\"_blank\">IL <\/a>tavoitti Sunneva Sj\u00f6grenin kommentoimaan Uotin p\u00e4ivityksi\u00e4.<\/p>\n<p class=\"article-body mb-nof-24 px-nof-16\">\u2013 Kommentoimme t\u00e4t\u00e4 asiaa vain vahvistettujen faktojen osalta. Emme ota kantaa mielipiteisiin, tulkintoihin tai sosiaalisessa mediassa esitettyihin kirjoituksiin, Sj\u00f6gren vastasi Iltalehdelle s\u00e4hk\u00f6postitse.<\/p>\n","protected":false},"excerpt":{"rendered":"Miss Suomi -tittelin menett\u00e4nyt Sarah Dzafce palkkasi hiljattain asianajajakseen Kari Uotin. Miss Suomen teht\u00e4vist\u00e4 vapautetun Sarah Dzafcen asianajaja&hellip;\n","protected":false},"author":2,"featured_media":118705,"comment_status":"","ping_status":"","sticky":false,"template":"","format":"standard","meta":{"footnotes":""},"categories":[12],"tags":[22,23,26,27,33,31,30,17,34,24,25,28,29,15,18,21,32,19,20,16],"class_list":{"0":"post-118704","1":"post","2":"type-post","3":"status-publish","4":"format-standard","5":"has-post-thumbnail","7":"category-suomi","8":"tag-breaking-news","9":"tag-breakingnews","10":"tag-featured-news","11":"tag-featurednews","12":"tag-fi","13":"tag-finland","14":"tag-finnish","15":"tag-headlines","16":"tag-ilta-sanomat","17":"tag-latest-news","18":"tag-latestnews","19":"tag-main-news","20":"tag-mainnews","21":"tag-news","22":"tag-otsikot","23":"tag-paauutiset","24":"tag-suomi","25":"tag-top-stories","26":"tag-topstories","27":"tag-uutiset"},"share_on_mastodon":{"url":"https:\/\/pubeurope.com\/@fi\/115734439767146723","error":""},"_links":{"self":[{"href":"https:\/\/www.europesays.com\/fi\/wp-json\/wp\/v2\/posts\/118704","targetHints":{"allow":["GET"]}}],"collection":[{"href":"https:\/\/www.europesays.com\/fi\/wp-json\/wp\/v2\/posts"}],"about":[{"href":"https:\/\/www.europesays.com\/fi\/wp-json\/wp\/v2\/types\/post"}],"author":[{"embeddable":true,"href":"https:\/\/www.europesays.com\/fi\/wp-json\/wp\/v2\/users\/2"}],"replies":[{"embeddable":true,"href":"https:\/\/www.europesays.com\/fi\/wp-json\/wp\/v2\/comments?post=118704"}],"version-history":[{"count":0,"href":"https:\/\/www.europesays.com\/fi\/wp-json\/wp\/v2\/posts\/118704\/revisions"}],"wp:featuredmedia":[{"embeddable":true,"href":"https:\/\/www.europesays.com\/fi\/wp-json\/wp\/v2\/media\/118705"}],"wp:attachment":[{"href":"https:\/\/www.europesays.com\/fi\/wp-json\/wp\/v2\/media?parent=118704"}],"wp:term":[{"taxonomy":"category","embeddable":true,"href":"https:\/\/www.europesays.com\/fi\/wp-json\/wp\/v2\/categories?post=118704"},{"taxonomy":"post_tag","embeddable":true,"href":"https:\/\/www.europesays.com\/fi\/wp-json\/wp\/v2\/tags?post=118704"}],"curies":[{"name":"wp","href":"https:\/\/api.w.org\/{rel}","templated":true}]}}