{"id":118706,"date":"2025-12-17T10:29:09","date_gmt":"2025-12-17T10:29:09","guid":{"rendered":"https:\/\/www.europesays.com\/fi\/118706\/"},"modified":"2025-12-17T10:29:09","modified_gmt":"2025-12-17T10:29:09","slug":"ylivieskan-maria-sorvisto-seutukaupunkiverkoston-puheenjohtajaksi","status":"publish","type":"post","link":"https:\/\/www.europesays.com\/fi\/118706\/","title":{"rendered":"Ylivieskan Maria Sorvisto seutukaupunkiverkoston puheenjohtajaksi"},"content":{"rendered":"<p>Seutukaupunkiverkosto valitsi joulukuun kokouksessaan uuden puheenjohtajiston. V\u00e4istyv\u00e4n puheenjohtajan Sastamalan Jarkko Malmbergin tilalle valittiin Ylivieskan kaupunginjohtaja Maria Sorvisto. Ensimm\u00e4iseksi varapuheenjohtajaksi valittiin Forssan kaupunginjohtaja Jari Kes\u00e4niemi ja toiseksi varapuheenjohtajaksi Pieks\u00e4m\u00e4en kaupunginjohtaja Emilia Savolainen.<\/p>\n<p>Puheenjohtaja on valittu kahdeksi vuodeksi, varapuheenjohtajat valitaan vuosittain.<\/p>\n<p>Seutukaupunkeja ovat kaupungit, jotka ovat seutunsa ja talousalueensa keskuksia tai keskuspareja, mutta eiv\u00e4t ole maakuntien keskuksia. Seutukaupungit muodostavat kuntarakenteen perustan. Ne ovat sujuvan el\u00e4m\u00e4n keskuksia, joissa ty\u00f6n ja perheen sek\u00e4 monipuolisen ja laadukkaan vapaa-ajan yhdist\u00e4minen on helppoa ja mutkatonta.<\/p>\n<blockquote><p>Muualla Kuntaliitto.fiss\u00e4<\/p><\/blockquote>\n","protected":false},"excerpt":{"rendered":"Seutukaupunkiverkosto valitsi joulukuun kokouksessaan uuden puheenjohtajiston. V\u00e4istyv\u00e4n puheenjohtajan Sastamalan Jarkko Malmbergin tilalle valittiin Ylivieskan kaupunginjohtaja Maria Sorvisto. Ensimm\u00e4iseksi&hellip;\n","protected":false},"author":2,"featured_media":118707,"comment_status":"","ping_status":"","sticky":false,"template":"","format":"standard","meta":{"footnotes":""},"categories":[5],"tags":[22,23,26,27,33,31,30,17,21514,24,25,28,29,15,18,21,21515,32,19,20,16],"class_list":{"0":"post-118706","1":"post","2":"type-post","3":"status-publish","4":"format-standard","5":"has-post-thumbnail","7":"category-otsikot","8":"tag-breaking-news","9":"tag-breakingnews","10":"tag-featured-news","11":"tag-featurednews","12":"tag-fi","13":"tag-finland","14":"tag-finnish","15":"tag-headlines","16":"tag-johtaminen-ja-kehittaminen","17":"tag-latest-news","18":"tag-latestnews","19":"tag-main-news","20":"tag-mainnews","21":"tag-news","22":"tag-otsikot","23":"tag-paauutiset","24":"tag-seutukaupungit","25":"tag-suomi","26":"tag-top-stories","27":"tag-topstories","28":"tag-uutiset"},"share_on_mastodon":{"url":"https:\/\/pubeurope.com\/@fi\/115734443635024609","error":""},"_links":{"self":[{"href":"https:\/\/www.europesays.com\/fi\/wp-json\/wp\/v2\/posts\/118706","targetHints":{"allow":["GET"]}}],"collection":[{"href":"https:\/\/www.europesays.com\/fi\/wp-json\/wp\/v2\/posts"}],"about":[{"href":"https:\/\/www.europesays.com\/fi\/wp-json\/wp\/v2\/types\/post"}],"author":[{"embeddable":true,"href":"https:\/\/www.europesays.com\/fi\/wp-json\/wp\/v2\/users\/2"}],"replies":[{"embeddable":true,"href":"https:\/\/www.europesays.com\/fi\/wp-json\/wp\/v2\/comments?post=118706"}],"version-history":[{"count":0,"href":"https:\/\/www.europesays.com\/fi\/wp-json\/wp\/v2\/posts\/118706\/revisions"}],"wp:featuredmedia":[{"embeddable":true,"href":"https:\/\/www.europesays.com\/fi\/wp-json\/wp\/v2\/media\/118707"}],"wp:attachment":[{"href":"https:\/\/www.europesays.com\/fi\/wp-json\/wp\/v2\/media?parent=118706"}],"wp:term":[{"taxonomy":"category","embeddable":true,"href":"https:\/\/www.europesays.com\/fi\/wp-json\/wp\/v2\/categories?post=118706"},{"taxonomy":"post_tag","embeddable":true,"href":"https:\/\/www.europesays.com\/fi\/wp-json\/wp\/v2\/tags?post=118706"}],"curies":[{"name":"wp","href":"https:\/\/api.w.org\/{rel}","templated":true}]}}