{"id":118715,"date":"2025-12-17T10:49:09","date_gmt":"2025-12-17T10:49:09","guid":{"rendered":"https:\/\/www.europesays.com\/fi\/118715\/"},"modified":"2025-12-17T10:49:09","modified_gmt":"2025-12-17T10:49:09","slug":"prinsessa-ines-ensimmaisissa-joulukuvissa-kuningatar-silvia-ikuistettiin-huvittavaan-kuvaan-nuorimmaisen-kanssa","status":"publish","type":"post","link":"https:\/\/www.europesays.com\/fi\/118715\/","title":{"rendered":"Prinsessa Ines ensimm\u00e4isiss\u00e4 joulukuvissa \u2013 Kuningatar Silvia ikuistettiin huvittavaan kuvaan nuorimmaisen kanssa"},"content":{"rendered":"<p>Ruotsin kuningasperhe on saanut joulukuusia perinteiseen tapaan.<\/p>\n<p><img decoding=\"async\" class=\"image image-show image-preview\" src=\"https:\/\/www.europesays.com\/fi\/wp-content\/uploads\/2025\/12\/b27fa2aa5f3af495f66e4849d651d7240ca0ca632df9d3194512bd1e800e0235.jpg\" alt=\"\"\/><img decoding=\"async\" class=\"image image-show\" src=\"https:\/\/www.europesays.com\/fi\/wp-content\/uploads\/2025\/12\/1765968548_295_b27fa2aa5f3af495f66e4849d651d7240ca0ca632df9d3194512bd1e800e0235.jpg\" alt=\"\"\/><\/p>\n<p>Kuningatar Silvia poseerasi jouluisissa tunnelmissa lastenlastensa kanssa. HENRIC WAUGE<\/p>\n<p class=\"paragraph\">Ruotsin kuningasperheen jouluvalmisteluista on julkaistu tuoreita kuvia.<\/p>\n<p class=\"paragraph\"><a href=\"https:\/\/www.aftonbladet.se\/kungligt\/a\/K8vxaX\/drottning-silvia-och-barnbarnen-klader-granen-pa-slottet\" rel=\"noopener nofollow\" target=\"_blank\">Aftonbladetin<\/a> mukaan kuninkaallisen perheen joulukuuset on t\u00e4n\u00e4 vuonna luovuttanut Ruotsin maalataloustieteellisen yliopiston (SLU) mets\u00e4tieteen opiskelijat Ume\u00e5sta. Joulukuusiperinne on lehden mukaan jatkunut kuninkaallisessa perheess\u00e4 jo 1960-luvulta l\u00e4htien.<\/p>\n<p class=\"paragraph\">Kuninkaalliseen joulunviettoon p\u00e4\u00e4see nyt ensimm\u00e4ist\u00e4 kertaa osallistumaan my\u00f6s helmikuussa syntynyt prinsessa <a href=\"https:\/\/www.iltalehti.fi\/henkilot\/Ines\" class=\"article-link-person-page\" rel=\"nofollow noopener\" target=\"_blank\">Ines<\/a>. H\u00e4n esiintyy jouluisissa kuvissa punaruudullinen mekko yll\u00e4\u00e4n.<\/p>\n<p class=\"paragraph\">Kuvissa Ines tutkii itsekin kuuseen kuuluvia koristeita. Selv\u00e4sti suurempaa roolia kuusenkoristelussa kuitenkin n\u00e4yttelev\u00e4t kuitenkin kuningasperheen muut lapset.<\/p>\n<p>Lapsenlapset koristelivat kuusta. HENRIC WAUGE<\/p>\n<p class=\"paragraph\">Kuusenkoristeluun osallistuivat siis kruununprinsessa <a href=\"https:\/\/www.iltalehti.fi\/henkilot\/Victoria\" class=\"article-link-person-page\" rel=\"nofollow noopener\" target=\"_blank\">Victorian<\/a>, prinssi <a href=\"https:\/\/www.iltalehti.fi\/henkilot\/Carl Philip\" class=\"article-link-person-page\" rel=\"nofollow noopener\" target=\"_blank\">Carl Philipin<\/a> ja prinsessa <a href=\"https:\/\/www.iltalehti.fi\/henkilot\/Sofia\" class=\"article-link-person-page\" rel=\"nofollow noopener\" target=\"_blank\">Sofian<\/a> sek\u00e4 prinsessa <a href=\"https:\/\/www.iltalehti.fi\/henkilot\/Madeleine\" class=\"article-link-person-page\" rel=\"nofollow noopener\" target=\"_blank\">Madeleinen<\/a> ja <a href=\"https:\/\/www.iltalehti.fi\/henkilot\/Christopher O\u2019Neill\" class=\"article-link-person-page\" rel=\"nofollow noopener\" target=\"_blank\">Chris O&#8217;Neillin<\/a> j\u00e4lkikasvu. Apuna kuusenkoristelussa toimi lasten iso\u00e4iti, kuningatar <a href=\"https:\/\/www.iltalehti.fi\/henkilot\/Silvia\" class=\"article-link-person-page\" rel=\"nofollow noopener\" target=\"_blank\">Silvia<\/a>.<\/p>\n<p class=\"paragraph\">Prinsessa Ines esiintyy kuvissa monenlaisissa tunnetiloissa. Osassa kuvista kuningasperheen nuorimmainen esiintyy h\u00e4mm\u00e4stynyt ilme kasvoillaan ja osassa prinsessan kasvoilla pilkehtii hymy.<\/p>\n<p>Ines tutki joulukoristeitaan h\u00e4mm\u00e4styneen\u00e4. HENRIC WAUGE<\/p>\n<p class=\"paragraph\">Yhdess\u00e4 kuvassa Ines n\u00e4ytt\u00e4\u00e4 nyrpist\u00e4v\u00e4n nen\u00e4\u00e4ns\u00e4 samalla, kun kuningatar pitelee h\u00e4nt\u00e4 k\u00e4rsiv\u00e4llisesti.<\/p>\n<p>V\u00e4lill\u00e4 Ineksen k\u00e4rsiv\u00e4llisyys herpaantui. HENRIC WAUGE<\/p>\n","protected":false},"excerpt":{"rendered":"Ruotsin kuningasperhe on saanut joulukuusia perinteiseen tapaan. Kuningatar Silvia poseerasi jouluisissa tunnelmissa lastenlastensa kanssa. HENRIC WAUGE Ruotsin kuningasperheen&hellip;\n","protected":false},"author":2,"featured_media":118716,"comment_status":"","ping_status":"","sticky":false,"template":"","format":"standard","meta":{"footnotes":""},"categories":[130],"tags":[35,137,33,31,30,101,3674,99,100,98,32,109],"class_list":{"0":"post-118715","1":"post","2":"type-post","3":"status-publish","4":"format-standard","5":"has-post-thumbnail","7":"category-viihde","8":"tag-24h","9":"tag-entertainment","10":"tag-fi","11":"tag-finland","12":"tag-finnish","13":"tag-ihmissuhteet","14":"tag-juhla-ja-vapaapaivat","15":"tag-lapset","16":"tag-lapset-ja-nuoret","17":"tag-perhe","18":"tag-suomi","19":"tag-viihde"},"share_on_mastodon":{"url":"https:\/\/pubeurope.com\/@fi\/115734522437420108","error":""},"_links":{"self":[{"href":"https:\/\/www.europesays.com\/fi\/wp-json\/wp\/v2\/posts\/118715","targetHints":{"allow":["GET"]}}],"collection":[{"href":"https:\/\/www.europesays.com\/fi\/wp-json\/wp\/v2\/posts"}],"about":[{"href":"https:\/\/www.europesays.com\/fi\/wp-json\/wp\/v2\/types\/post"}],"author":[{"embeddable":true,"href":"https:\/\/www.europesays.com\/fi\/wp-json\/wp\/v2\/users\/2"}],"replies":[{"embeddable":true,"href":"https:\/\/www.europesays.com\/fi\/wp-json\/wp\/v2\/comments?post=118715"}],"version-history":[{"count":0,"href":"https:\/\/www.europesays.com\/fi\/wp-json\/wp\/v2\/posts\/118715\/revisions"}],"wp:featuredmedia":[{"embeddable":true,"href":"https:\/\/www.europesays.com\/fi\/wp-json\/wp\/v2\/media\/118716"}],"wp:attachment":[{"href":"https:\/\/www.europesays.com\/fi\/wp-json\/wp\/v2\/media?parent=118715"}],"wp:term":[{"taxonomy":"category","embeddable":true,"href":"https:\/\/www.europesays.com\/fi\/wp-json\/wp\/v2\/categories?post=118715"},{"taxonomy":"post_tag","embeddable":true,"href":"https:\/\/www.europesays.com\/fi\/wp-json\/wp\/v2\/tags?post=118715"}],"curies":[{"name":"wp","href":"https:\/\/api.w.org\/{rel}","templated":true}]}}