{"id":118717,"date":"2025-12-17T10:50:11","date_gmt":"2025-12-17T10:50:11","guid":{"rendered":"https:\/\/www.europesays.com\/fi\/118717\/"},"modified":"2025-12-17T10:50:11","modified_gmt":"2025-12-17T10:50:11","slug":"tutkijat-jaakarhunaaras-adoptoi-yksinaisen-pennun-kanadassa-uutisia-lyhyesti","status":"publish","type":"post","link":"https:\/\/www.europesays.com\/fi\/118717\/","title":{"rendered":"Tutkijat: J\u00e4\u00e4karhunaaras adoptoi yksin\u00e4isen pennun Kanadassa | Uutisia lyhyesti"},"content":{"rendered":"<p class=\"aw-1gybjub aw-5vja16 kEtdKx kmuxyA yle__article__paragraph\">Tutkijoilla ei t\u00e4ll\u00e4 hetkell\u00e4 ole tietoa siit\u00e4, mit\u00e4 adoptoidun pennun biologiselle emolle tapahtui. <\/p>\n<p><img decoding=\"async\" alt=\"J\u00e4\u00e4karhunpennuilla on edess\u00e4\u00e4n suuri seikkailu. Ne l\u00e4htev\u00e4t emonsa kanssa pitk\u00e4lle vaellukselle.\" src=\"https:\/\/www.europesays.com\/fi\/wp-content\/uploads\/2025\/12\/39-5315425c151b00bfbe0.jpeg\" class=\"aw-1l9m598 hKVVvP\"\/><\/p>\n<p>Avaa kuvien katselu<\/p>\n<p>Kuvituskuva ohjelmasta Avara luonto: J\u00e4\u00e4karhuperheen vuosi. Kuva: John Downer Productions<\/p>\n<p class=\"aw-1gybjub aw-1p7kakr kEtdKx cEmitX yle__article__paragraph\">Pohjois-Kanadassa ty\u00f6skentelev\u00e4t j\u00e4\u00e4karhututkijat ovat havainneet harvinaisen adoption: villi j\u00e4\u00e4karhunaaras huolehtii pennusta, joka ei ole sen oma.<\/p>\n<p class=\"aw-1gybjub aw-1p7kakr kEtdKx cEmitX yle__article__paragraph\">\u2013 Pennun adoptointi on j\u00e4\u00e4karhujen keskuudessa melko harvinaista. Olemme dokumentoineet 13 tapausta tutkimuspopulaatiossamme 45 viime vuoden aikana, Kanadan ymp\u00e4rist\u00f6- ja ilmastonmuutosministeri\u00f6n tutkija <strong class=\"aw-ak79eh KyCXm yle__article__strong\">Evan Richardson<\/strong> sanoi uutistoimisto AFP:lle.<\/p>\n<p class=\"aw-1gybjub aw-1p7kakr kEtdKx cEmitX yle__article__paragraph\">Tutkijat tapasivat j\u00e4\u00e4karhuemon kev\u00e4\u00e4ll\u00e4, kun t\u00e4m\u00e4 l\u00e4hti pes\u00e4st\u00e4\u00e4n. Emolla oli yksi pentu, jonka tutkijat merkitsiv\u00e4t.<\/p>\n<p class=\"aw-1gybjub aw-1p7kakr kEtdKx cEmitX yle__article__paragraph\">Sama emo tavattiin uudelleen joitakin viikkoja sitten Hudsoninlahden l\u00e4nsiosassa Churchillissa Manitobassa. Nyt sill\u00e4 oli mukanaan toinenkin pentu, eik\u00e4 sill\u00e4 ollut korvamerkint\u00e4\u00e4, Richardson kertoi AFP:lle.<\/p>\n<p class=\"aw-1gybjub aw-1p7kakr kEtdKx cEmitX yle__article__paragraph\">Molemmat pennut ovat 10\u201311 kuukauden ik\u00e4isi\u00e4, ja ne pysyv\u00e4t emon kanssa todenn\u00e4k\u00f6isesti noin 2,5-vuotiaiksi asti.<\/p>\n<p class=\"aw-1gybjub aw-1p7kakr kEtdKx cEmitX yle__article__paragraph\">Tutkijoilla ei t\u00e4ll\u00e4 hetkell\u00e4 ole tietoa siit\u00e4, mit\u00e4 adoptoidun pennun biologiselle emolle tapahtui.<\/p>\n<p class=\"aw-1gybjub aw-1p7kakr kEtdKx cEmitX yle__article__paragraph\">Adoptio-emo parantaa pennun mahdollisuuksia selviyty\u00e4 aikuiseksi, Richardson sanoi.<\/p>\n<p class=\"aw-1gybjub aw-1p7kakr kEtdKx cEmitX yle__article__paragraph\">\u2013 On todellinen hyv\u00e4n mielen tarina, ett\u00e4 t\u00e4m\u00e4 naaras huolehtii pennusta, h\u00e4n sanoi.<\/p>\n<p class=\"aw-1gybjub aw-1p7kakr kEtdKx cEmitX yle__article__paragraph\">L\u00e4hde: AFP<\/p>\n","protected":false},"excerpt":{"rendered":"Tutkijoilla ei t\u00e4ll\u00e4 hetkell\u00e4 ole tietoa siit\u00e4, mit\u00e4 adoptoidun pennun biologiselle emolle tapahtui. Avaa kuvien katselu Kuvituskuva ohjelmasta&hellip;\n","protected":false},"author":2,"featured_media":118718,"comment_status":"","ping_status":"","sticky":false,"template":"","format":"standard","meta":{"footnotes":""},"categories":[112],"tags":[404,33,31,30,21519,3847,118,32,119,56],"class_list":{"0":"post-118717","1":"post","2":"type-post","3":"status-publish","4":"format-standard","5":"has-post-thumbnail","7":"category-tiede","8":"tag-elaimet","9":"tag-fi","10":"tag-finland","11":"tag-finnish","12":"tag-jaakarhu","13":"tag-kanada","14":"tag-science","15":"tag-suomi","16":"tag-tiede","17":"tag-ulkomaat"},"share_on_mastodon":{"url":"","error":""},"_links":{"self":[{"href":"https:\/\/www.europesays.com\/fi\/wp-json\/wp\/v2\/posts\/118717","targetHints":{"allow":["GET"]}}],"collection":[{"href":"https:\/\/www.europesays.com\/fi\/wp-json\/wp\/v2\/posts"}],"about":[{"href":"https:\/\/www.europesays.com\/fi\/wp-json\/wp\/v2\/types\/post"}],"author":[{"embeddable":true,"href":"https:\/\/www.europesays.com\/fi\/wp-json\/wp\/v2\/users\/2"}],"replies":[{"embeddable":true,"href":"https:\/\/www.europesays.com\/fi\/wp-json\/wp\/v2\/comments?post=118717"}],"version-history":[{"count":0,"href":"https:\/\/www.europesays.com\/fi\/wp-json\/wp\/v2\/posts\/118717\/revisions"}],"wp:featuredmedia":[{"embeddable":true,"href":"https:\/\/www.europesays.com\/fi\/wp-json\/wp\/v2\/media\/118718"}],"wp:attachment":[{"href":"https:\/\/www.europesays.com\/fi\/wp-json\/wp\/v2\/media?parent=118717"}],"wp:term":[{"taxonomy":"category","embeddable":true,"href":"https:\/\/www.europesays.com\/fi\/wp-json\/wp\/v2\/categories?post=118717"},{"taxonomy":"post_tag","embeddable":true,"href":"https:\/\/www.europesays.com\/fi\/wp-json\/wp\/v2\/tags?post=118717"}],"curies":[{"name":"wp","href":"https:\/\/api.w.org\/{rel}","templated":true}]}}