{"id":118723,"date":"2025-12-17T10:54:10","date_gmt":"2025-12-17T10:54:10","guid":{"rendered":"https:\/\/www.europesays.com\/fi\/118723\/"},"modified":"2025-12-17T10:54:10","modified_gmt":"2025-12-17T10:54:10","slug":"suora-lahetys-poliisilta-tiedotustilaisuus-paakaupunkiseudun-turvallisuudesta","status":"publish","type":"post","link":"https:\/\/www.europesays.com\/fi\/118723\/","title":{"rendered":"Suora l\u00e4hetys: Poliisilta tiedotustilaisuus p\u00e4\u00e4kaupunkiseudun turvallisuudesta"},"content":{"rendered":"<p>Poliisi kertoo p\u00e4\u00e4kaupunkiseudun haastavasta turvallisuustilanteesta pahentuneen huumeongelman vuoksi.<\/p>\n<p>Suora l\u00e4hetys alkaa kello 13.Video: Paula Kaskimaa<\/p>\n<p class=\"article-body mb-nof-24 px-nof-16\">P\u00e4\u00e4kaupunkiseudun poliisilaitokset pit\u00e4v\u00e4t tiedotustilaisuuden alueen turvallisuus\u00adtilanteesta ja pahentuneesta huumeongelmasta.<\/p>\n<p class=\"article-body mb-nof-24 px-nof-16\">IS seuraa tiedotustilaisuutta Pasilan poliisitalolla keskiviikkona noin kello 13 alkaen.<\/p>\n<ul class=\"mb-nof-16 px-nof-16 article-unordered-list unordered-list\">\n<li class=\"unordered-list-item\">\n<p class=\"article-body\">IS l\u00e4hett\u00e4\u00e4 tilaisuuden suorana l\u00e4hetyksen\u00e4. Hetki hetkelt\u00e4 -tekstiseuranta l\u00f6ytyy artikkelin lopusta.<\/p>\n<\/li>\n<\/ul>\n<p class=\"article-body mb-nof-24 px-nof-16\">Poliisin mukaan teht\u00e4v\u00e4m\u00e4\u00e4r\u00e4t p\u00e4\u00e4kaupunkiseudulla ovat lis\u00e4\u00e4ntyneet ja huumetilanne on pahentunut. Poliisin on tarkoitus kertoa, millaista yhteisty\u00f6t\u00e4 se on tehnyt eri tahojen kanssa ongelman suitsimiseksi.<\/p>\n<p class=\"article-body mb-nof-24 px-nof-16\">P\u00e4\u00e4kaupunkiseudun poliisit ovat joulukuussa tehneet yhteist\u00e4 tehovalvontaa erityisesti joukkoliikenneasemille ja kauppakeskuksissa Helsingin, Espoon ja Vantaan alueella.<\/p>\n<p class=\"article-body mb-nof-24 px-nof-16\">Erityisvalvonnassa ovat nuoret.<\/p>\n<p class=\"article-body mb-nof-24 px-nof-16\">\u2013 Yhteisvalvonnassa erityisen\u00e4 painopisteen\u00e4 on ollut p\u00e4ihteiden k\u00e4yt\u00f6st\u00e4 aiheutuvien h\u00e4iri\u00f6iden torjunta sek\u00e4 lapsiin ja nuoriin kohdistuvan rikollisuuden sek\u00e4 nuorten tekemien rikosten torjunta.<\/p>\n<p class=\"article-body mb-nof-24 px-nof-16\">Tilaisuudessa kuullaan Helsingin, It\u00e4-Uudenmaan ja L\u00e4nsi-Uudenmaan poliisilaitosten lis\u00e4ksi my\u00f6s Kaupunkiliikenteen turvallisuusp\u00e4\u00e4llikk\u00f6\u00e4 <a class=\"article-personlink\" href=\"https:\/\/www.is.fi\/haku\/?query=Juhana%20Hietarantaa\" rel=\"nofollow noopener\" target=\"_blank\">Juhana Hietarantaa<\/a> ja Pasilassa sijaitsevan kauppakeskus Triplan toimitusjohtajaa <a class=\"article-personlink\" href=\"https:\/\/www.is.fi\/haku\/?query=P%C3%A4ivi%20Salosta\" rel=\"nofollow noopener\" target=\"_blank\">P\u00e4ivi Salosta<\/a>.<\/p>\n","protected":false},"excerpt":{"rendered":"Poliisi kertoo p\u00e4\u00e4kaupunkiseudun haastavasta turvallisuustilanteesta pahentuneen huumeongelman vuoksi. Suora l\u00e4hetys alkaa kello 13.Video: Paula Kaskimaa P\u00e4\u00e4kaupunkiseudun poliisilaitokset pit\u00e4v\u00e4t&hellip;\n","protected":false},"author":2,"featured_media":118724,"comment_status":"","ping_status":"","sticky":false,"template":"","format":"standard","meta":{"footnotes":""},"categories":[12],"tags":[22,23,26,27,33,31,30,17,34,24,25,28,29,15,18,21,32,19,20,16],"class_list":{"0":"post-118723","1":"post","2":"type-post","3":"status-publish","4":"format-standard","5":"has-post-thumbnail","7":"category-suomi","8":"tag-breaking-news","9":"tag-breakingnews","10":"tag-featured-news","11":"tag-featurednews","12":"tag-fi","13":"tag-finland","14":"tag-finnish","15":"tag-headlines","16":"tag-ilta-sanomat","17":"tag-latest-news","18":"tag-latestnews","19":"tag-main-news","20":"tag-mainnews","21":"tag-news","22":"tag-otsikot","23":"tag-paauutiset","24":"tag-suomi","25":"tag-top-stories","26":"tag-topstories","27":"tag-uutiset"},"share_on_mastodon":{"url":"https:\/\/pubeurope.com\/@fi\/115734542065774553","error":""},"_links":{"self":[{"href":"https:\/\/www.europesays.com\/fi\/wp-json\/wp\/v2\/posts\/118723","targetHints":{"allow":["GET"]}}],"collection":[{"href":"https:\/\/www.europesays.com\/fi\/wp-json\/wp\/v2\/posts"}],"about":[{"href":"https:\/\/www.europesays.com\/fi\/wp-json\/wp\/v2\/types\/post"}],"author":[{"embeddable":true,"href":"https:\/\/www.europesays.com\/fi\/wp-json\/wp\/v2\/users\/2"}],"replies":[{"embeddable":true,"href":"https:\/\/www.europesays.com\/fi\/wp-json\/wp\/v2\/comments?post=118723"}],"version-history":[{"count":0,"href":"https:\/\/www.europesays.com\/fi\/wp-json\/wp\/v2\/posts\/118723\/revisions"}],"wp:featuredmedia":[{"embeddable":true,"href":"https:\/\/www.europesays.com\/fi\/wp-json\/wp\/v2\/media\/118724"}],"wp:attachment":[{"href":"https:\/\/www.europesays.com\/fi\/wp-json\/wp\/v2\/media?parent=118723"}],"wp:term":[{"taxonomy":"category","embeddable":true,"href":"https:\/\/www.europesays.com\/fi\/wp-json\/wp\/v2\/categories?post=118723"},{"taxonomy":"post_tag","embeddable":true,"href":"https:\/\/www.europesays.com\/fi\/wp-json\/wp\/v2\/tags?post=118723"}],"curies":[{"name":"wp","href":"https:\/\/api.w.org\/{rel}","templated":true}]}}