{"id":118725,"date":"2025-12-17T10:55:13","date_gmt":"2025-12-17T10:55:13","guid":{"rendered":"https:\/\/www.europesays.com\/fi\/118725\/"},"modified":"2025-12-17T10:55:13","modified_gmt":"2025-12-17T10:55:13","slug":"operaatio-pirkanmaa-loi-kohtaamisia-20-kuntaan-tarjoten-lukuisia-tyotilaisuuksia-kulttuurin-ammattilaisille-tampereen-kaupunki","status":"publish","type":"post","link":"https:\/\/www.europesays.com\/fi\/118725\/","title":{"rendered":"Operaatio Pirkanmaa loi kohtaamisia 20 kuntaan tarjoten lukuisia ty\u00f6tilaisuuksia kulttuurin ammattilaisille [Tampereen kaupunki"},"content":{"rendered":"<p>                                                                  Taide- ja kulttuuritoimijoiden palvelut tilattiin valtakunnallisesta Kulttuuripankista<\/p>\n<p>Yhteens\u00e4 kulttuuritempauksien hankintaan k\u00e4ytettiin 120 000 euroa, joka ohjautui suoraan taiteen ja kulttuurin tekij\u00f6ille. Toteutuneet tapahtumat lis\u00e4siv\u00e4t hyvinvointia, vahvistivat yhteis\u00f6llisyytt\u00e4 ja toivat kulttuurin osaksi arkea ja juhlaa.<\/p>\n<p>Kuluneena vuonna kunnilla oli k\u00e4yt\u00f6ss\u00e4 verkoston mahdollistama kuntakohtainen budjetti kulttuuritempauksille. Kunnat hankkivat palveluja Kulttuuripankkiin rekister\u00f6ityneilt\u00e4 taiteen ja kulttuurin ammattilaisilta, mik\u00e4 varmisti toteutusten taiteellisen tason, laadun sek\u00e4 ajankohtaiset sis\u00e4ll\u00f6t.<\/p>\n<p>Uudistunut ja valtakunnalliseksi laajentunut Kulttuuripankki sai erityist\u00e4 kiitosta kuntien kulttuurivastaavilta muun muassa helposta tilaamisesta, hinnoittelusta, sis\u00e4ll\u00f6n monipuolisuudesta sek\u00e4 ammattimaisuudesta.<br \/>\u201dPalvelun kautta kunnille oli mahdollista tilata toteutuksia, jotka sopivat erikokoisten kuntien budjetteihin. T\u00e4m\u00e4 on keskeist\u00e4 nykytilanteessa, jossa kunnissa joudutaan priorisoimaan ja s\u00e4\u00e4st\u00e4m\u00e4\u00e4n. Kulttuuripankin avulla l\u00f6ytyi ratkaisuja, joilla voitiin parantaa saavutettavuutta ja tehd\u00e4 kulttuurista aidosti kaikkien asiaa\u201d, perustelee verkoston koordinaattori Saija Mustaniemi Kulttuuripankki-yhteisty\u00f6t\u00e4.<\/p>\n<p>Esimerkkej\u00e4 syksyll\u00e4 2025 toteutetuista kulttuuritempauksista<\/p>\n<p>\u2022 Ikaalinen: Flamma Fire Groupin tuliesitys Toivolan rannassa.<br \/>\u2022 Lemp\u00e4\u00e4l\u00e4: Yhteis\u00f6taideprojekti Innil\u00e4ss\u00e4 kasvoi ty\u00f6pajasta n\u00e4yttelyksi kaupunkitilassa, ja Kyl\u00e4taideillat kiersiv\u00e4t kyli\u00e4 pitkin vuotta. Tuottajana Piritta Suominen \/ Next Level Street Art Oy.<br \/>\u2022 Nokia &amp; H\u00e4meenkyr\u00f6: Yhteistuotanto Pinsi\u00f6n \u201cYlt\u00e4 ja alta\u201d -maataideteoksen ymp\u00e4rill\u00e4 yhdisti maataiteen, musiikin ja valon uuteen tapahtumakonseptiin kun SW\u00c4G ry ja Siirtym\u00e4-kollektiivi lanseerasivat Pinsi\u00f6ss\u00e4 uudenlaisen Up and Under: Unordinary Series \u2013 elektronisen musiikin ja valotaiteen festivaalin.<br \/>\u2022 Pirkkala: Esityksi\u00e4 Pirkkalasalissa: Tonton Triet -nykysirkusta sek\u00e4 Ritvalaiset-kollektiivin Naisten sauna -esitys.<br \/>\u2022 Tampere: Yhteis\u00f6taide levisi kaupunginosiin yhteisty\u00f6ss\u00e4 paikallisten toimijoiden kanssa Hervannassa, Multisillassa, Peltolammilla ja Tesomalla. Teemoina valotaidetta, roskartelua ja L\u00e4hi\u00f6lovee. Yhteis\u00f6taiteilijat toimivat alueilla syyskuusta joulukuuhun.<br \/>\u2022 Valkeakoski: Miska Allosen valokuvapohjainen installaatio Katseen kest\u00e4v\u00e4 toi taiteen osaksi kaupunkikuvaa Valtakadun ikkunoissa.<br \/>\u2022 Vesilahti: Kulttuuri integroitiin Vanhusten viikon ohjelmaan musiikin ja runojen voimin, mm. Leinoa sanoin ja s\u00e4velin, Pasi Repo.<br \/>\u2022 Kulttuuritempauksia tuotettiin my\u00f6s muissa mukana olevissa kunnissa:<br \/>Juupajoki, Kangasala, Kuhmoinen, M\u00e4ntt\u00e4-Vilppula, Orivesi, P\u00e4lk\u00e4ne, Punkalaidun, Ruovesi, Sastamala, Urjala, Virrat ja Yl\u00f6j\u00e4rvi.\u00a0<\/p>\n<p>Vaikuttavuus n\u00e4kyi osallistujam\u00e4\u00e4rien lis\u00e4ksi my\u00f6s kulttuuritempausten kohdennuksessa: monessa kunnassa sis\u00e4ll\u00f6t suunnattiin tarvepohjaisesti erityisesti lapsille, lapsiperheille ja ik\u00e4ihmisille. Samalla huolehdittiin taiteen monilajisuudesta \u2013 sirkus, musiikki ja visuaaliset taiteet saivat kunnista tilauksia.<\/p>\n","protected":false},"excerpt":{"rendered":"Taide- ja kulttuuritoimijoiden palvelut tilattiin valtakunnallisesta Kulttuuripankista Yhteens\u00e4 kulttuuritempauksien hankintaan k\u00e4ytettiin 120 000 euroa, joka ohjautui suoraan taiteen&hellip;\n","protected":false},"author":2,"featured_media":118726,"comment_status":"","ping_status":"","sticky":false,"template":"","format":"standard","meta":{"footnotes":""},"categories":[5],"tags":[22,23,26,27,33,31,30,17,24,25,28,29,15,18,21,32,19,20,16],"class_list":{"0":"post-118725","1":"post","2":"type-post","3":"status-publish","4":"format-standard","5":"has-post-thumbnail","7":"category-otsikot","8":"tag-breaking-news","9":"tag-breakingnews","10":"tag-featured-news","11":"tag-featurednews","12":"tag-fi","13":"tag-finland","14":"tag-finnish","15":"tag-headlines","16":"tag-latest-news","17":"tag-latestnews","18":"tag-main-news","19":"tag-mainnews","20":"tag-news","21":"tag-otsikot","22":"tag-paauutiset","23":"tag-suomi","24":"tag-top-stories","25":"tag-topstories","26":"tag-uutiset"},"share_on_mastodon":{"url":"https:\/\/pubeurope.com\/@fi\/115734545869541686","error":""},"_links":{"self":[{"href":"https:\/\/www.europesays.com\/fi\/wp-json\/wp\/v2\/posts\/118725","targetHints":{"allow":["GET"]}}],"collection":[{"href":"https:\/\/www.europesays.com\/fi\/wp-json\/wp\/v2\/posts"}],"about":[{"href":"https:\/\/www.europesays.com\/fi\/wp-json\/wp\/v2\/types\/post"}],"author":[{"embeddable":true,"href":"https:\/\/www.europesays.com\/fi\/wp-json\/wp\/v2\/users\/2"}],"replies":[{"embeddable":true,"href":"https:\/\/www.europesays.com\/fi\/wp-json\/wp\/v2\/comments?post=118725"}],"version-history":[{"count":0,"href":"https:\/\/www.europesays.com\/fi\/wp-json\/wp\/v2\/posts\/118725\/revisions"}],"wp:featuredmedia":[{"embeddable":true,"href":"https:\/\/www.europesays.com\/fi\/wp-json\/wp\/v2\/media\/118726"}],"wp:attachment":[{"href":"https:\/\/www.europesays.com\/fi\/wp-json\/wp\/v2\/media?parent=118725"}],"wp:term":[{"taxonomy":"category","embeddable":true,"href":"https:\/\/www.europesays.com\/fi\/wp-json\/wp\/v2\/categories?post=118725"},{"taxonomy":"post_tag","embeddable":true,"href":"https:\/\/www.europesays.com\/fi\/wp-json\/wp\/v2\/tags?post=118725"}],"curies":[{"name":"wp","href":"https:\/\/api.w.org\/{rel}","templated":true}]}}