{"id":118727,"date":"2025-12-17T11:07:08","date_gmt":"2025-12-17T11:07:08","guid":{"rendered":"https:\/\/www.europesays.com\/fi\/118727\/"},"modified":"2025-12-17T11:07:08","modified_gmt":"2025-12-17T11:07:08","slug":"mikael-unohti-termoksen-pihalle-pommiryhma-tuli-drooneineen","status":"publish","type":"post","link":"https:\/\/www.europesays.com\/fi\/118727\/","title":{"rendered":"Mikael unohti termoksen pihalle \u2013 pommiryhm\u00e4 tuli drooneineen"},"content":{"rendered":"<p>Kahvitermoksen unohtaminen johtaa harvoin yht\u00e4 \u00e4\u00e4rimm\u00e4isiin seurauksiin.<\/p>\n<p class=\"article-body mb-nof-24 px-nof-16\">Ruotsalainen maalari <a class=\"article-personlink\" href=\"https:\/\/www.is.fi\/haku\/?query=Mikael%20Bard\" rel=\"nofollow noopener\" target=\"_blank\">Mikael Bard<\/a> unohti termoskuppinsa ja syntyi suurempi v\u00e4likohtaus kuin luultavasti kukaan olisi osannut arvata.<\/p>\n<p class=\"article-body mb-nof-24 px-nof-16\">Asiasta uutisoi ruotsalainen <a class=\"article-genericlink\" href=\"https:\/\/www.svt.se\/nyheter\/lokalt\/skane\/mikael-glomde-kaffet-da-kom-nationella-bombskyddet\" rel=\"nofollow noopener\" target=\"_blank\">SVT. <\/a><\/p>\n<p class=\"article-body mb-nof-24 px-nof-16\">Bard oli maanantaiaamuna maalauskeikalla Slottsstadenin kaupunginosassa Malm\u00f6ss\u00e4 sijaitsevalla talolla. Noin aamuyhdeks\u00e4lt\u00e4 h\u00e4n ajatteli pit\u00e4v\u00e4ns\u00e4 tauon ja h\u00f6rppiv\u00e4ns\u00e4 kahvia termoksesta.<\/p>\n<p class=\"article-body mb-nof-24 px-nof-16\">\u2013 Sitten ajattelin: miss\u00e4 on termospulloni? Bard kertoo SVT:lle.<\/p>\n<p class=\"article-body mb-nof-24 px-nof-16\">Bard mietti hetken, oliko h\u00e4n unohtanut ottaa termoksen mukaansa. Sitten h\u00e4n muisti j\u00e4tt\u00e4neens\u00e4 sen ulos maalauskohteen rapun eteen.<\/p>\n<p class=\"article-body mb-nof-24 px-nof-16\">Bard k\u00e4vi ulko-ovella, nappasi termoksen mukaansa ja meni takaisin sis\u00e4\u00e4n. Siell\u00e4 h\u00e4n otti voileiv\u00e4n ja istuutui lukemaan sanomalehte\u00e4 sumppia h\u00f6rppien.<\/p>\n<p class=\"article-body mb-nof-24 px-nof-16\">\u2013 Yht\u00e4kki\u00e4 kuulin droonin, joka alkoi surista ulkona. Sitten n\u00e4in pommiryhm\u00e4n, kun nousin yl\u00f6s. Mietin, ett\u00e4 mit\u00e4 helvetti\u00e4 tuo on, Bard kertoo lehdelle.<\/p>\n<p class=\"article-body mb-nof-24 px-nof-16\">Termoksen unohtaminen oli kohtalokasta. Joku oli luullut sit\u00e4 pommiksi ja soittanut poliisit.<\/p>\n<p class=\"article-body mb-nof-24 px-nof-16\">Poliisioperaatiossa oli mukana drooneja ja pommiryhm\u00e4. Laaja alue eristettiin ja asukkaat m\u00e4\u00e4r\u00e4ttiin pysym\u00e4\u00e4n sis\u00e4tiloissa, SVT kertoo.<\/p>\n<p class=\"article-body mb-nof-24 px-nof-16\">Hetken p\u00e4\u00e4st\u00e4 poliisi tuli sis\u00e4\u00e4n ja kysyi, mit\u00e4 Bard puuhasi.<\/p>\n<p class=\"article-body mb-nof-24 px-nof-16\">\u2013 T\u00e4ss\u00e4 min\u00e4 maalaan, Bard oli kertonut.<\/p>\n<p class=\"article-body mb-nof-24 px-nof-16\">Poliisi kysyi Bardilta, tiet\u00e4\u00e4k\u00f6 h\u00e4n, miss\u00e4 ulkona ollut termos oli. Bard kertoi, ett\u00e4 oli juuri h\u00f6rppinyt siit\u00e4 kahvia. Poliisi avasi termoksen, katsoi sis\u00e4\u00e4n ja tarkisti, ett\u00e4 siell\u00e4 todella oli kahvia.<\/p>\n<p class=\"article-body mb-nof-24 px-nof-16\">\u2013 Poliisi sanoi, ett\u00e4 se taisi olla hyv\u00e4\u00e4 ja sanoin, ett\u00e4 niin oli, Bard vastaa nauraen.<\/p>\n<p class=\"article-body mb-nof-24 px-nof-16\">V\u00e4\u00e4rink\u00e4sitys oli selvitetty ja poliisioperaatio p\u00e4\u00e4ttyi. Voisi kuvitella, ett\u00e4 jatkossa termos pysyy visusti Bardin k\u00e4den ulottuvilla.<\/p>\n","protected":false},"excerpt":{"rendered":"Kahvitermoksen unohtaminen johtaa harvoin yht\u00e4 \u00e4\u00e4rimm\u00e4isiin seurauksiin. Ruotsalainen maalari Mikael Bard unohti termoskuppinsa ja syntyi suurempi v\u00e4likohtaus kuin&hellip;\n","protected":false},"author":2,"featured_media":118728,"comment_status":"","ping_status":"","sticky":false,"template":"","format":"standard","meta":{"footnotes":""},"categories":[136],"tags":[407,137,33,31,30,34,408,32,109],"class_list":{"0":"post-118727","1":"post","2":"type-post","3":"status-publish","4":"format-standard","5":"has-post-thumbnail","7":"category-julkkikset","8":"tag-celebrities","9":"tag-entertainment","10":"tag-fi","11":"tag-finland","12":"tag-finnish","13":"tag-ilta-sanomat","14":"tag-julkkikset","15":"tag-suomi","16":"tag-viihde"},"share_on_mastodon":{"url":"https:\/\/pubeurope.com\/@fi\/115734593068832772","error":""},"_links":{"self":[{"href":"https:\/\/www.europesays.com\/fi\/wp-json\/wp\/v2\/posts\/118727","targetHints":{"allow":["GET"]}}],"collection":[{"href":"https:\/\/www.europesays.com\/fi\/wp-json\/wp\/v2\/posts"}],"about":[{"href":"https:\/\/www.europesays.com\/fi\/wp-json\/wp\/v2\/types\/post"}],"author":[{"embeddable":true,"href":"https:\/\/www.europesays.com\/fi\/wp-json\/wp\/v2\/users\/2"}],"replies":[{"embeddable":true,"href":"https:\/\/www.europesays.com\/fi\/wp-json\/wp\/v2\/comments?post=118727"}],"version-history":[{"count":0,"href":"https:\/\/www.europesays.com\/fi\/wp-json\/wp\/v2\/posts\/118727\/revisions"}],"wp:featuredmedia":[{"embeddable":true,"href":"https:\/\/www.europesays.com\/fi\/wp-json\/wp\/v2\/media\/118728"}],"wp:attachment":[{"href":"https:\/\/www.europesays.com\/fi\/wp-json\/wp\/v2\/media?parent=118727"}],"wp:term":[{"taxonomy":"category","embeddable":true,"href":"https:\/\/www.europesays.com\/fi\/wp-json\/wp\/v2\/categories?post=118727"},{"taxonomy":"post_tag","embeddable":true,"href":"https:\/\/www.europesays.com\/fi\/wp-json\/wp\/v2\/tags?post=118727"}],"curies":[{"name":"wp","href":"https:\/\/api.w.org\/{rel}","templated":true}]}}