{"id":118736,"date":"2025-12-17T11:20:11","date_gmt":"2025-12-17T11:20:11","guid":{"rendered":"https:\/\/www.europesays.com\/fi\/118736\/"},"modified":"2025-12-17T11:20:11","modified_gmt":"2025-12-17T11:20:11","slug":"aistiyliherkkyys-voi-olla-varhainen-merkki-lapsen-kehityksen-muista-ongelmista-kotimaa","status":"publish","type":"post","link":"https:\/\/www.europesays.com\/fi\/118736\/","title":{"rendered":"Aistiyliherkkyys voi olla varhainen merkki lapsen kehityksen muista ongelmista | Kotimaa"},"content":{"rendered":"<p class=\"aw-1gybjub aw-5vja16 kEtdKx kmuxyA yle__article__paragraph\">Kun hermoston reagointi aistimuksiin on yliherkk\u00e4\u00e4, kynnys havaita aisti\u00e4rsykkeit\u00e4 on tavanomaista matalampi.<\/p>\n<p><img decoding=\"async\" alt=\"Aistiyliherkille oppilaille tarkoitettuja kuulosuojaimia luokan sein\u00e4ll\u00e4.\" src=\"https:\/\/www.europesays.com\/fi\/wp-content\/uploads\/2025\/12\/39-116319964eb2680c1071.jpeg\" class=\"aw-1l9m598 hKVVvP\"\/><\/p>\n<p>Avaa kuvien katselu<\/p>\n<p>Aistiyliherkkyyden ja neurokirjon vaikeuksien v\u00e4lill\u00e4 on vahva yhteys. Kuvituskuva. Kuva: M\u00e5rten Lamp\u00e9n \/ Yle<\/p>\n<p class=\"aw-1gybjub aw-1p7kakr kEtdKx cEmitX yle__article__paragraph\">Oulun yliopiston tuore tutkimus osoittaa, ett\u00e4 aistiyliherkkyydet liittyv\u00e4t laajaan joukkoon neurokehityksellisi\u00e4 haasteita. Perinteisesti aistiyliherkkyydet on liitetty autismikirjoon ja ADHD:hen.<\/p>\n<p class=\"aw-1gybjub aw-1p7kakr kEtdKx cEmitX yle__article__paragraph\">Uudessa tutkimuksessa todetaan, ett\u00e4 yliherk\u00e4n aistimuksiin reagoinnin ja neurokirjon vaikeuksien v\u00e4lill\u00e4 on vahva yhteys.<\/p>\n<p class=\"aw-1gybjub aw-1p7kakr kEtdKx cEmitX yle__article__paragraph\">Lapsilla, joilla oli aistiyliherkkyyksi\u00e4, oli selv\u00e4sti kohonnut riski kaikkiin tutkittuihin neurokehityksellisiin haasteisiin. Niill\u00e4 lapsilla, joilla oli todettu neurokehityksellisi\u00e4 vaikeuksia, aistiyliherkkyyksien todenn\u00e4k\u00f6isyys oli l\u00e4hes viisinkertainen.<\/p>\n<p class=\"aw-1gybjub aw-1p7kakr kEtdKx cEmitX yle__article__paragraph\">Tulokset viittaavat siihen, ett\u00e4 aistiyliherkkyys on yhteinen tekij\u00e4 kaikille neurokehityksellisille vaikeuksille. Ne ovat t\u00e4rkeit\u00e4 neurokehityksellisten vaikeuksien varhaisemman tunnistamisen kannalta.<\/p>\n<p class=\"aw-1gybjub aw-1p7kakr kEtdKx cEmitX yle__article__paragraph\">\u2013 Aistimuksiin liittyv\u00e4t haasteet ilmenev\u00e4t usein jo ennen kuin oppimisen tai tarkkaavuuden vaikeudet tulevat n\u00e4kyviksi. Sen sijaan, ett\u00e4 aistiyliherkkyys n\u00e4ht\u00e4isiin vain autismikirjon ja ADHD:n piirteen\u00e4, se tulisi tunnistaa varhaisena merkkin\u00e4 yleisest\u00e4 kehityksellisest\u00e4 haavoittuvuudesta, yliopistonlehtori <strong class=\"aw-ak79eh KyCXm yle__article__strong\">Katja Jussila<\/strong> kertoo tiedotteessa.<\/p>\n<p>Varhaisella tunnistamisella voidaan est\u00e4\u00e4 tulevat ongelmat<\/p>\n<p class=\"aw-1gybjub aw-1p7kakr kEtdKx cEmitX yle__article__paragraph\">Kun hermoston reagointi aistimuksiin on yliherkk\u00e4\u00e4, kynnys havaita aisti\u00e4rsykkeit\u00e4 on tavanomaista matalampi. My\u00f6s kyky tottua aisti\u00e4rsykkeisiin voi olla heikentynyt.<\/p>\n<p class=\"aw-1gybjub aw-1p7kakr kEtdKx cEmitX yle__article__paragraph\">Pienetkin tausta\u00e4\u00e4net, kirkas valaistus, vaatemateriaalien ja -saumojen tuntu iholla tai ruokien ep\u00e4miellytt\u00e4v\u00e4 koostumus voivat tehd\u00e4 tavallisesta arjesta raskasta ihmiselle, jolla on aistiyliherkkyyksi\u00e4.<\/p>\n<p class=\"aw-1gybjub aw-1p7kakr kEtdKx cEmitX yle__article__paragraph\">\u2013 Jos neurokehitykselliset vaikeudet j\u00e4\u00e4v\u00e4t tunnistamatta, lapsi j\u00e4\u00e4 herk\u00e4sti ilman asianmukaisia tukitoimia. T\u00e4m\u00e4 voi johtaa pitk\u00e4ll\u00e4 aikav\u00e4lill\u00e4 erilaisiin toissijaisiin ongelmiin, kuten k\u00e4ytt\u00e4ytymisen, tunne-el\u00e4m\u00e4n ja mielenterveyden haasteisiin, v\u00e4it\u00f6skirjatutkija <strong class=\"aw-ak79eh KyCXm yle__article__strong\">Anna Korkiakoski<\/strong> korostaa Oulun yliopiston tiedotteessa.<\/p>\n<p class=\"aw-1gybjub aw-1p7kakr kEtdKx cEmitX yle__article__paragraph\">Varhaisella tunnistamisella ja tukitoimilla voidaan mahdollisesti ehk\u00e4ist\u00e4 n\u00e4iden toissijaisten ongelmien kehittymist\u00e4.<\/p>\n<p class=\"aw-1gybjub aw-1p7kakr kEtdKx cEmitX yle__article__paragraph\">Tutkimus perustuu aineistoon, joka kattaa 4\u00a0424 suomalaista kahdeksanvuotiasta lasta Pohjois-Pohjanmaan sairaanhoitopiirin, nykyisin Pohteen, alueelta.<\/p>\n","protected":false},"excerpt":{"rendered":"Kun hermoston reagointi aistimuksiin on yliherkk\u00e4\u00e4, kynnys havaita aisti\u00e4rsykkeit\u00e4 on tavanomaista matalampi. Avaa kuvien katselu Aistiyliherkkyyden ja neurokirjon&hellip;\n","protected":false},"author":2,"featured_media":118737,"comment_status":"","ping_status":"","sticky":false,"template":"","format":"standard","meta":{"footnotes":""},"categories":[12],"tags":[21520,22,23,26,27,33,31,30,17,71,24,25,28,29,15,18,952,756,21,728,32,167,19,20,472,16],"class_list":{"0":"post-118736","1":"post","2":"type-post","3":"status-publish","4":"format-standard","5":"has-post-thumbnail","7":"category-suomi","8":"tag-aistiyliherkkyys","9":"tag-breaking-news","10":"tag-breakingnews","11":"tag-featured-news","12":"tag-featurednews","13":"tag-fi","14":"tag-finland","15":"tag-finnish","16":"tag-headlines","17":"tag-kotimaa","18":"tag-latest-news","19":"tag-latestnews","20":"tag-main-news","21":"tag-mainnews","22":"tag-news","23":"tag-otsikot","24":"tag-oulu","25":"tag-oulun-yliopisto","26":"tag-paauutiset","27":"tag-pohjois-pohjanmaa","28":"tag-suomi","29":"tag-terveys","30":"tag-top-stories","31":"tag-topstories","32":"tag-tutkimus","33":"tag-uutiset"},"share_on_mastodon":{"url":"https:\/\/pubeurope.com\/@fi\/115734644384313505","error":""},"_links":{"self":[{"href":"https:\/\/www.europesays.com\/fi\/wp-json\/wp\/v2\/posts\/118736","targetHints":{"allow":["GET"]}}],"collection":[{"href":"https:\/\/www.europesays.com\/fi\/wp-json\/wp\/v2\/posts"}],"about":[{"href":"https:\/\/www.europesays.com\/fi\/wp-json\/wp\/v2\/types\/post"}],"author":[{"embeddable":true,"href":"https:\/\/www.europesays.com\/fi\/wp-json\/wp\/v2\/users\/2"}],"replies":[{"embeddable":true,"href":"https:\/\/www.europesays.com\/fi\/wp-json\/wp\/v2\/comments?post=118736"}],"version-history":[{"count":0,"href":"https:\/\/www.europesays.com\/fi\/wp-json\/wp\/v2\/posts\/118736\/revisions"}],"wp:featuredmedia":[{"embeddable":true,"href":"https:\/\/www.europesays.com\/fi\/wp-json\/wp\/v2\/media\/118737"}],"wp:attachment":[{"href":"https:\/\/www.europesays.com\/fi\/wp-json\/wp\/v2\/media?parent=118736"}],"wp:term":[{"taxonomy":"category","embeddable":true,"href":"https:\/\/www.europesays.com\/fi\/wp-json\/wp\/v2\/categories?post=118736"},{"taxonomy":"post_tag","embeddable":true,"href":"https:\/\/www.europesays.com\/fi\/wp-json\/wp\/v2\/tags?post=118736"}],"curies":[{"name":"wp","href":"https:\/\/api.w.org\/{rel}","templated":true}]}}