{"id":118738,"date":"2025-12-17T11:21:08","date_gmt":"2025-12-17T11:21:08","guid":{"rendered":"https:\/\/www.europesays.com\/fi\/118738\/"},"modified":"2025-12-17T11:21:08","modified_gmt":"2025-12-17T11:21:08","slug":"jyvaskylan-nuorten-mielenterveys-ja-paihdepalveluiden-walk-in-vastaanottotoiminta-paattyy-18-12-muut-nuorten-palvelut-jatkuvat-normaalisti","status":"publish","type":"post","link":"https:\/\/www.europesays.com\/fi\/118738\/","title":{"rendered":"Jyv\u00e4skyl\u00e4n nuorten mielenterveys- ja p\u00e4ihdepalveluiden walk in -vastaanottotoiminta p\u00e4\u00e4ttyy 18.12. \u2013 muut nuorten palvelut jatkuvat normaalisti"},"content":{"rendered":"<p>\n      Jyv\u00e4skyl\u00e4n nuorten mielenterveys- ja p\u00e4ihdepalveluiden\u00a0vastaanottotoiminta walk in -palveluna\u00a0Jyv\u00e4skyl\u00e4n Nuorten talolla (Asemakatu 4) p\u00e4\u00e4ttyy 18.12.2025.\n  <\/p>\n<p>Muut Nuorten talon walk in -palvelut sek\u00e4 muut Keski-Suomen hyvinvointialueen nuorten mielenterveys- ja p\u00e4ihdepalvelut, kuten ajanvarauksella toimivat vastaanotot, jatkuvat normaalisti.\u00a0<\/p>\n<p>\u2013 Nuorten mielenterveys- ja p\u00e4ihdehoidon palvelua on kehitetty ty\u00f6njakoa ja hoidon sis\u00e4lt\u00f6j\u00e4 kirkastamalla. Muutoksen my\u00f6t\u00e4 pystymme vastaamaan paremmin lasten ja nuorten mielenterveyden hoitotakuuseen sek\u00e4 lasten ja nuorten terapiatakuulain mukaisiin psykososiaalisten menetelmien toteuttamiseen, toteaa palvelup\u00e4\u00e4llikk\u00f6 <strong>Hanna H\u00e4m\u00e4l\u00e4inen<\/strong> Keski-Suomen hyvinvointialueelta.\u00a0<\/p>\n<p>Joutsan, Jyv\u00e4skyl\u00e4n, Luhangan, Muuramen, Toivakan ja Uuraisten 13\u201322-vuotiaat saavat yhteyden nuorten mielenterveys- ja p\u00e4ihdepalveluihin arkip\u00e4ivisin kello 8\u201314 puhelimitse numerosta 014 266 0150. K\u00e4yt\u00f6ss\u00e4 on takaisinsoittopalvelu.\u00a0<\/p>\n<p>Nuorten talolla edelleen jatkavasta Nuorten talon walk in -palvelusta saa neuvontaa, ohjausta ja tukea erilaisiin asioihin joka arkip\u00e4iv\u00e4. Palvelu on suunnattu 13\u201329-vuotiaille ja se on t\u00e4ysin maksutonta. Nuorten talolla voi tulla k\u00e4ym\u00e4\u00e4n ilman ajanvarausta arki-iltap\u00e4ivisin. Lis\u00e4tietoja l\u00f6ytyy osoitteesta <a href=\"https:\/\/nuortentalo.jyvaskyla.fi\/nuorten-talo\/tutustu-nuorten-taloon\/walk-palvelu\" rel=\"nofollow noopener\" target=\"_blank\">https:\/\/nuortentalo.jyvaskyla.fi\/nuorten-talo\/tutustu-nuorten-taloon\/walk-palvelu<\/a>.\u00a0<\/p>\n<p>Lis\u00e4ksi koululaisille ja opiskelijoille on saatavilla koulup\u00e4iv\u00e4n aikana ajanvarauksettomia vastaanottoaikoja oppilaitoksissa. Jyv\u00e4skyl\u00e4n toisen asteen opiskelijoilla on mahdollisuus asioida keskitetyss\u00e4 opiskeluterveydenhuollon palvelussa ajanvarauksettomilla vastaanottoajoilla.\u00a0<\/p>\n<p>Yli 23-vuotiaiden nuorten aikuisten mielenterveys- ja p\u00e4ihdepalveluiden yhteydenotot tapahtuvat aikuisten mielenterveys- ja p\u00e4ihdepalveluiden kautta, johon on soittoaika\u202fmaanantaista torstaihin kello 8\u201316, perjantaisin kello 8\u201315, p. 014 266 9038.\u00a0<\/p>\n","protected":false},"excerpt":{"rendered":"Jyv\u00e4skyl\u00e4n nuorten mielenterveys- ja p\u00e4ihdepalveluiden\u00a0vastaanottotoiminta walk in -palveluna\u00a0Jyv\u00e4skyl\u00e4n Nuorten talolla (Asemakatu 4) p\u00e4\u00e4ttyy 18.12.2025. Muut Nuorten talon walk&hellip;\n","protected":false},"author":2,"featured_media":118739,"comment_status":"","ping_status":"","sticky":false,"template":"","format":"standard","meta":{"footnotes":""},"categories":[5],"tags":[22,23,26,27,33,31,30,17,24,25,28,29,15,18,21,32,19,20,16],"class_list":{"0":"post-118738","1":"post","2":"type-post","3":"status-publish","4":"format-standard","5":"has-post-thumbnail","7":"category-otsikot","8":"tag-breaking-news","9":"tag-breakingnews","10":"tag-featured-news","11":"tag-featurednews","12":"tag-fi","13":"tag-finland","14":"tag-finnish","15":"tag-headlines","16":"tag-latest-news","17":"tag-latestnews","18":"tag-main-news","19":"tag-mainnews","20":"tag-news","21":"tag-otsikot","22":"tag-paauutiset","23":"tag-suomi","24":"tag-top-stories","25":"tag-topstories","26":"tag-uutiset"},"share_on_mastodon":{"url":"https:\/\/pubeurope.com\/@fi\/115734648151441860","error":""},"_links":{"self":[{"href":"https:\/\/www.europesays.com\/fi\/wp-json\/wp\/v2\/posts\/118738","targetHints":{"allow":["GET"]}}],"collection":[{"href":"https:\/\/www.europesays.com\/fi\/wp-json\/wp\/v2\/posts"}],"about":[{"href":"https:\/\/www.europesays.com\/fi\/wp-json\/wp\/v2\/types\/post"}],"author":[{"embeddable":true,"href":"https:\/\/www.europesays.com\/fi\/wp-json\/wp\/v2\/users\/2"}],"replies":[{"embeddable":true,"href":"https:\/\/www.europesays.com\/fi\/wp-json\/wp\/v2\/comments?post=118738"}],"version-history":[{"count":0,"href":"https:\/\/www.europesays.com\/fi\/wp-json\/wp\/v2\/posts\/118738\/revisions"}],"wp:featuredmedia":[{"embeddable":true,"href":"https:\/\/www.europesays.com\/fi\/wp-json\/wp\/v2\/media\/118739"}],"wp:attachment":[{"href":"https:\/\/www.europesays.com\/fi\/wp-json\/wp\/v2\/media?parent=118738"}],"wp:term":[{"taxonomy":"category","embeddable":true,"href":"https:\/\/www.europesays.com\/fi\/wp-json\/wp\/v2\/categories?post=118738"},{"taxonomy":"post_tag","embeddable":true,"href":"https:\/\/www.europesays.com\/fi\/wp-json\/wp\/v2\/tags?post=118738"}],"curies":[{"name":"wp","href":"https:\/\/api.w.org\/{rel}","templated":true}]}}