{"id":118742,"date":"2025-12-17T11:38:15","date_gmt":"2025-12-17T11:38:15","guid":{"rendered":"https:\/\/www.europesays.com\/fi\/118742\/"},"modified":"2025-12-17T11:38:15","modified_gmt":"2025-12-17T11:38:15","slug":"arvostelu-kolmas-avatar-elokuva-on-sieluton-tekniikkademo-johon-kyllastyy-jo-kauan-ennen-lopputaistelua","status":"publish","type":"post","link":"https:\/\/www.europesays.com\/fi\/118742\/","title":{"rendered":"Arvostelu | Kolmas Avatar-elokuva on sieluton tekniikkademo, johon kyll\u00e4styy jo kauan ennen lopputaistelua"},"content":{"rendered":"<p><img fetchpriority=\"high\" decoding=\"async\" width=\"692\" height=\"1024\" alt=\"Avatar: Fire and Ash\" class=\"wp-image-895862 size-full awpo-lazy\"  data- src=\"https:\/\/www.europesays.com\/fi\/wp-content\/uploads\/2025\/10\/avatar-fire-and-ash-juliste-692x1024.jpg\"\/><\/p>\n<p class=\"has-small-font-size\"><strong>AVATAR: FIRE AND ASH<br \/><\/strong>Ensi-ilta: 17.12.2025.<br \/>Alkuper\u00e4isnimi: Avatar &amp; Fire and Ash<br \/>Ohjaus: James Cameron<br \/>K\u00e4sikirjoitus: James Cameron &amp; Rick Jaffa &amp; Amanda Silver<br \/>P\u00e4\u00e4osissa: Sam Worthington, Zoe Salda\u00f1a, Sigourney Weaver, Stephen Lang, Oona Chaplin &amp; Kate Winslet<br \/>Pituus: 197 minuuttia<br \/>Ik\u00e4raja: K12<\/p>\n<p class=\"has-drop-cap\">Ihan ensimm\u00e4iseksi kehut: <strong>James Cameronin<\/strong> kolmas <a href=\"https:\/\/muropaketti.com\/avainsana\/avatar\/\" rel=\"nofollow noopener\" target=\"_blank\">Avatar<\/a>-elokuva liittyy siihen harvojen leffojen joukkoon, joissa 3D on oleellinen osa kokemusta, eik\u00e4 pelkk\u00e4 syy l\u00e4tk\u00e4ist\u00e4 lippuun useamman euron lis\u00e4maksu. Lyhyt lista sis\u00e4lt\u00e4\u00e4 aiempien Avatarien lis\u00e4ksi esimerkiksi useamman Pixar-animaation, Gravity-avaruusseikkailun ja <strong>Werner Herzogin<\/strong> vuoden 2010 Cave of Forgotten Dreams -luolamaalausdokumentin.<\/p>\n<p>Kukaan ei uskalla, osaa tai pysty edelleenk\u00e4\u00e4n sanomaan parikymment\u00e4 vuotta Avatar-elokuvien parissa viett\u00e4neelle Cameronille ei. Syyt\u00e4 olisi, sill\u00e4 melkein kolmen ja puolen tunnin mittaisen Avatar: Fire and Ashin j\u00e4lkeenk\u00e4\u00e4n ohjaajan avaruussaagan tarina ei ole edennyt juuri mihink\u00e4\u00e4n.<\/p>\n<p>Elokuvasarjan kolmas osa toistaa jo aiemmin n\u00e4hty\u00e4 ja erityisesti <a href=\"https:\/\/muropaketti.com\/elokuvat\/elokuva-arvostelut\/arvostelu-avatar-the-way-of-waterin-ongelmat-alkavat-kun-elokuva-nousee-vedesta-maalle\/\" target=\"_blank\" rel=\"noreferrer noopener nofollow\">Avatar: The Way of Wateria<\/a> niin reippaasti, ett\u00e4 periaatteessa t\u00e4h\u00e4n voisi copy-pasteta kolmen vuoden takaisen kakkososan arvion liki sanasta sanaan.<\/p>\n<p>Avatar: Fire and Ash on omituisella tavoin sek\u00e4 edelt\u00e4j\u00e4\u00e4ns\u00e4 huonompi ett\u00e4 parempi elokuva, vain viel\u00e4 pidemp\u00e4n\u00e4 patetiapaisutteluna. Jostain 197 minuutin mittaisen, itse\u00e4\u00e4n loputtomiin toistavan mekastuksen sis\u00e4lt\u00e4 voisi l\u00f6yty\u00e4 reilun 1,5 tunnin mittainen, ihan ok -tason tehostespektaakkeli.<\/p>\n<p>Nyt sellainen j\u00e4\u00e4 vain haaveeksi.<\/p>\n<p>Silm\u00e4karkkia tarjoillaan taas yliannostus, mutta Avatar: Fire and Ash ei onnistu en\u00e4\u00e4 saamaan aikaan vau-efekti\u00e4. Vaikka yli 400 miljoonan dollarin budjetilla tehdyn seikkailun tehosteet ovat parasta mit\u00e4 j\u00e4ttibudjetilla saa, niin kliinisen digitaalinen Pandora-kuun luonto ei en\u00e4\u00e4 her\u00e4\u00e4 eloon.<\/p>\n<p><a href=\"https:\/\/www.europesays.com\/fi\/wp-content\/uploads\/2025\/11\/avatar-fire-and-ash-2.jpg\"><img loading=\"lazy\" decoding=\"async\" width=\"1920\" height=\"1005\" alt=\"Avatar\" class=\"wp-image-908287 awpo-lazy\"  data- src=\"https:\/\/www.europesays.com\/fi\/wp-content\/uploads\/2025\/11\/avatar-fire-and-ash-2.jpg\"\/><\/a>Kuva: \u00a9 20th Century Studios<\/p>\n<p>Perinteisen\u00e4 animaationa s\u00e4\u00e4st\u00e4isi miljoonia<\/p>\n<p>James Cameron on taas tuhlannut j\u00e4rjett\u00f6mi\u00e4 summia liikkeenkaappaustekniikkaan, mutta Avatar: Fire and Ash ei imaise sis\u00e4\u00e4n fantasiamaailmaansa. Toimintaseikkailu ei periaatteessa edes t\u00e4yt\u00e4 n\u00e4ytelm\u00e4elokuvan m\u00e4\u00e4reit\u00e4. Avatar: Fire and Ash on suurilta osin tietokonetehosteilla toteutettu animaatioelokuva, jonka muutamassa kohtauksessa n\u00e4hd\u00e4\u00e4n oikeita ihmisn\u00e4yttelij\u00f6it\u00e4.<\/p>\n<p>Ennen Fire and Ashia suosittelen katsomaan Disney+:ssa marraskuun alussa julkaistun kaksiosaisen Fire and Water: Making the Avatar Films -dokumentin. Sit\u00e4 varten tarjolla on ollut valtava m\u00e4\u00e4r\u00e4 kulissien takaista materiaalia. Dokumentti ei silti tahdo l\u00f6yt\u00e4\u00e4 ties kuinka monen sadan tunnin seasta lainkaan materiaalia, jossa Cameron ei olisi pahalla p\u00e4\u00e4ll\u00e4 tai v\u00e4hint\u00e4\u00e4n tutun ylimielinen oma itsens\u00e4.<\/p>\n<p>Tahattoman komedian puolelle lipsahtava mainosmainen dokkari vahvistaa Cameronin olevan nykyhetken itseriittoisempia ja todellisuudesta vieraantuneimpia miljon\u00e4\u00e4riohjaajia. Eksentrinen kusip\u00e4isyys on ilmeisen sallittua maailman menestyneimpien elokuvien ohjaajalle, vaikkei lopputuloksena ole mit\u00e4\u00e4n omaper\u00e4ist\u00e4.<\/p>\n<p>Kolmososasta huomaa, ett\u00e4 sen ja edelt\u00e4v\u00e4n leffan oli alun perin tarkoitus olla yksi elokuva. Cameronin p\u00e4\u00e4t\u00f6s jakaa teos kahtia on t\u00e4ysin j\u00e4rjet\u00f6n. Yhteens\u00e4 liki seitsem\u00e4n tunnin mittaisen m\u00f6hk\u00e4leen liki olemattomat juonikuviot saisi tiivistetty\u00e4 yhteen parin tunnin elokuvaan.<\/p>\n<p>Kakkos- ja kolmososa my\u00f6s kuvattiin samaan aikaan. Osa uutuuden kohtauksista on selv\u00e4sti ollut alun perin osa edelt\u00e4v\u00e4\u00e4 elokuvaa. Silti Fire and Ash toistaa jo aiemmin n\u00e4htyj\u00e4 juonenk\u00e4\u00e4nteit\u00e4 ja kohtauksia. Touhussa ei ole na\u2019vien suippop\u00e4\u00e4t\u00e4 tai pitk\u00e4\u00e4 h\u00e4nt\u00e4\u00e4.<\/p>\n<p><a href=\"https:\/\/www.europesays.com\/fi\/wp-content\/uploads\/2025\/12\/avatar-fire-and-ash-10.jpg\"><img loading=\"lazy\" decoding=\"async\" width=\"1750\" height=\"727\" alt=\"Avatar: Fire and Ash\" class=\"wp-image-912117 awpo-lazy\"  data- src=\"https:\/\/www.europesays.com\/fi\/wp-content\/uploads\/2025\/12\/avatar-fire-and-ash-10.jpg\"\/><\/a>Kuva: \u00a9 2025 20th Century Studios<\/p>\n<p>Jatkaa suoraan siit\u00e4 mihin j\u00e4\u00e4tiin<\/p>\n<p>Viel\u00e4 Avatar: The Way of Waterissa immersio toimi ja Pandoran fantasiamaailma imaisi sis\u00e4\u00e4ns\u00e4. Vaikka tehostetekniikka on kehittynyt muutamassa vuodessa j\u00e4lleen j\u00e4ttiloikin, niin nyt na\u2019vi-j\u00e4ttismurffien mielikuvituksellinen kotimaailma n\u00e4ytt\u00e4\u00e4 omituisella tavoin vanhentuneelta.<\/p>\n<p>Vaikka IMAX-j\u00e4ttikankaalle isket\u00e4\u00e4n toinen toistaan massiivisempia avaruusvalaita, psykedeelisi\u00e4 luontokuvia ja ihmispahisten tappokoneita, niin liki kaikki elokuvassa tuntuu luotaanty\u00f6nt\u00e4v\u00e4n keinotekoiselta.<\/p>\n<p>Uutuus on kuin remix-versio kahdesta edellisest\u00e4 elokuvasta.<\/p>\n<p>Olematon juoni, aiemmista osista tuttu kammodialogi ja identtisin\u00e4 toistuvat toimintakohtaukset ovat silkkaa taust\u00e4h\u00e4ly\u00e4 jopa IMAX-salin j\u00e4ttikankaalla py\u00f6riess\u00e4\u00e4n. 3D-versio on silti ainoa formaatti jossa elokuva kannattaa katsoa. Kotisohvalta k\u00e4sin tuijotettuna Fire and Ash tulee todenn\u00e4k\u00f6isesti muistuttamaan maailman kalleinta n\u00e4yt\u00f6ns\u00e4\u00e4st\u00e4j\u00e4\u00e4.<\/p>\n<p>Vaikka elokuva  jatkuu suoraan siit\u00e4 mihin edellinen j\u00e4i, niin leffan lent\u00e4vien ja liit\u00e4vien otusten kyydist\u00e4 uhkaa tipahtaa saman tien. <strong>Sam Worthingtonin<\/strong> esitt\u00e4m\u00e4 Jake Sully perheineen suree kuollutta Neteyam-poikaansa (<strong>Jamie Flatters<\/strong>). Mist\u00e4\u00e4n ei tule selville onko tragediasta kulunut p\u00e4ivi\u00e4 vai kuukausia. Kuolema ei tunnu vaikuttavan perheen sis\u00e4iseen dynamiikkaan tai k\u00e4yt\u00f6kseen juuri lainkaan \u2013 mit\u00e4 nyt Jake on v\u00e4h\u00e4n aiempaa vihaisempi.<\/p>\n<p>Ihmispahiksesta na\u2019vi-muotoon edellisess\u00e4 elokuvassa keikautettu Quaritch (<strong>Stephen Lang<\/strong>) jahtaa taas Sullyn perhett\u00e4. RDA-korporaatio haluaa edelleen k\u00e4ytt\u00e4\u00e4 Pandora-kuun luonnonvaroja h\u00e4ik\u00e4ilem\u00e4tt\u00e4 hyv\u00e4kseen. Kohteena ovat muun muassa \u00e4lykk\u00e4\u00e4t Tulkun-valaankaltaiset. N\u00e4m\u00e4 j\u00e4ttiotukset ovat kakkososan tavoin ainoita hahmoja joiden kohtalo kiinnostaa.<\/p>\n<p>Selkeimp\u00e4n\u00e4 erona aikaisempaan rauhaa rakastavat ja symbioosissa Pandoran luonnon kanssa el\u00e4v\u00e4t na\u2019vi-heimot ovat t\u00e4ll\u00e4 kertaa aiempaa halukkaampia tarttumaan aseisiin.<\/p>\n<p><a href=\"https:\/\/www.europesays.com\/fi\/wp-content\/uploads\/2025\/12\/avatar-fire-and-ash-2.jpg\"><img loading=\"lazy\" decoding=\"async\" width=\"1800\" height=\"753\" alt=\"Avatar: Fire and Ash\" class=\"wp-image-912118 awpo-lazy\"  data- src=\"https:\/\/www.europesays.com\/fi\/wp-content\/uploads\/2025\/12\/avatar-fire-and-ash-2.jpg\"\/><\/a>Kuva: \u00a9 2025 20th Century Studios<\/p>\n<p>Korkea kuvataajuus ja Hobitti-ilmi\u00f6<\/p>\n<p>Avatar: Fire and Ashin mukaansatempaavin osuus ei sijoitu lsd-trippim\u00e4isiin luontomaisemiin, vaan keskivaiheille sijoitettuun vankilapakoon ihmisten kylm\u00e4nkolkosta tukikohdasta. Jake Sullyn Spider-ihmisottopoika (<strong>Jack Champion<\/strong>) hokee yh\u00e4 hey bro -vuorosanojaan. Juniori on silti leffan v\u00e4hiten \u00e4rsytt\u00e4vi\u00e4 hahmoja ja nousee tavallaan jopa p\u00e4\u00e4osaan.<\/p>\n<p>Ihmisten linnoituksesta pakeneminen tekee vaikutuksen simppelisti siksi, ettei se toista jo aikaisemmissa Avatareissa n\u00e4hty\u00e4. Betonibunkkerin ja ter\u00e4srakennelman kiilt\u00e4v\u00e4t k\u00e4yt\u00e4v\u00e4t ja sateenpiiskaamat ulkopihat tuntuvat aidoilta paikoilta. Kolkko kompleksi on kuin eri elokuvasta.<\/p>\n<p>Fire and Ashin muiden lokaatioiden mets\u00e4t, leijuvat vuoret, meret, tulivuoret, oliot ja kaikki muu ovat teknisesti huippuluokkaa. Satojen miljoonien dollarien budjetilla render\u00f6idyist\u00e4 CGI-tehosteista tulee silti edelleen mieleen videopelin v\u00e4lianimaatiot. Irrallisen identtisin\u00e4 kohtauksesta toiseen toistuva mekastus puuduttaa pahasti jo ennen puoltav\u00e4li\u00e4. Olemattoman juonen ansiosta ajatus alkaa harhailla. Vaikka usea komea kuva vakuuttaakin, niin suurilta osin Fire and Ash on kuin katsoisi vierest\u00e4 jonkun toisen pelaamaa peli\u00e4.<\/p>\n<p>James Cameron toistaa my\u00f6s edellisen elokuvan teknisen typeryyden. Uutuus hyppii jatkuvasti eri kuvataajuuksien v\u00e4lill\u00e4, jopa yhden ja saman kohtauksen sis\u00e4ll\u00e4. Toisin kuin ohjaaja v\u00e4itt\u00e4\u00e4, niin HFR ja sen 48 kuvaa sekunnissa perinteisen 24 kuvan sijaan ei tee elokuvasta realistisempaa. <\/p>\n<p>P\u00e4invastoin.<\/p>\n<p>Korkeampi kuvataajuus n\u00e4ytt\u00e4\u00e4 edelleen yht\u00e4 kamalalta kuin ensimm\u00e4isess\u00e4 Hobitti-elokuvassa 13 vuotta sitten. Erityisesti kohtaukset joissa on mukana oikeita ihmishahmoja muistuttavat saippuaoopperasarjaa. Liki puolen miljardin taalan tuotantobudjetilla tehty toimintaseikkailu on paikoin kuin videokameralla kuvattu. Ihmishahmot hilluvat animaation keskell\u00e4 irrallisina kuin teatterilavasteissa.<\/p>\n<p><a href=\"https:\/\/www.europesays.com\/fi\/wp-content\/uploads\/2025\/12\/avatar-fire-and-ash-5.jpg\"><img loading=\"lazy\" decoding=\"async\" width=\"1800\" height=\"744\" alt=\"Avatar: Fire and Ash\" class=\"wp-image-912119 awpo-lazy\"  data- src=\"https:\/\/www.europesays.com\/fi\/wp-content\/uploads\/2025\/12\/avatar-fire-and-ash-5.jpg\"\/><\/a>Kuva: \u00a9 2025 20th Century Studios<\/p>\n<p>Ongelmallisen yksiulotteiset alkuper\u00e4isasukkaat<\/p>\n<p>Avatar: Fire and Ashin uusiin tulokkaisiin kuuluu Mangkwan-tuliklaani. Muiden na\u2019vi-heimojen el\u00e4ess\u00e4 kesken\u00e4\u00e4n sovussa kasvonsa verenpunaisiksi v\u00e4rj\u00e4\u00e4v\u00e4t klaanin j\u00e4senet ovat ry\u00f6v\u00e4reit\u00e4 ja kliseisen yksiulotteisia pahiksia. Tuhkaksi palaneen maan keskell\u00e4 el\u00e4v\u00e4n porukan v\u00e4kivaltaan uskovaa Varang-heimojohtajaa n\u00e4yttelee <strong>Oona Chaplin<\/strong>.<\/p>\n<p>Tulik\u00f6\u00f6ri ly\u00f6 hynttyyt yhteen ihmisilki\u00f6iden kanssa aseiden toivossa. Perinteisen luonnonsuojeluteeman lis\u00e4ksi elokuvan ainoa hitusen syv\u00e4llisempi pohdinta liittyy muiden rauhaarakastavien na\u2019vien tarttumiseen aseisiin.<\/p>\n<p>Mangkwan-heimon esitt\u00e4minen ik\u00e4\u00e4n kuin kohtalonsa ansaitsevina pahiksina on ongelmallista. Molempia osapuolia hy\u00f6dytt\u00e4v\u00e4\u00e4n romanttiseen suhteeseen Quaritchin kanssa p\u00e4\u00e4tyv\u00e4 Varang-p\u00e4\u00e4llikk\u00f6 avaa entiselle ihmiselle heimonsa historiaa.<\/p>\n<p>Pandora-kuun Eywa-jumalhahmo ei vastannut heimon rukouksiin ja aneluihin tulivuorenpurkauksen tuhotessa heid\u00e4n kotinsa, pakottaen Mangkwanit el\u00e4m\u00e4\u00e4n roistoina. Leffa n\u00e4ytt\u00e4\u00e4 Eywan olevan aktiivisesti Pandoran tapahtumiin vaikuttava entiteetti.<\/p>\n<p>Jumala ei siis nakkaa paskan vertaa yhden palvojaheimonsa kohtalosta, vaan antaa heid\u00e4n k\u00e4rsi\u00e4 tahallaan. Cameron ja k\u00e4sikirjoittajat eiv\u00e4t puolestaan v\u00e4lit\u00e4 vied\u00e4 ideaa yht\u00e4\u00e4n sen pidemm\u00e4lle. Mangkwanit ovat muiden alkuper\u00e4isasukkaiden keskell\u00e4 primitiivisi\u00e4 pahiksia, jotka ansaitsevat vain kuolla sankarien toimesta.<\/p>\n<p><a href=\"https:\/\/www.europesays.com\/fi\/wp-content\/uploads\/2025\/12\/avatar-fire-and-ash-4.jpg\"><img loading=\"lazy\" decoding=\"async\" width=\"1800\" height=\"747\" alt=\"Avatar: Fire and Ash\" class=\"wp-image-912120 awpo-lazy\"  data- src=\"https:\/\/www.europesays.com\/fi\/wp-content\/uploads\/2025\/12\/avatar-fire-and-ash-4.jpg\"\/><\/a>Kuva: \u00a9 2025 20th Century Studios<\/p>\n<p>Digitaalisen kliininen kliseepaketti <\/p>\n<p>Avatar: Fire and Ashia on hankala suositella muille kuin leffasarjan kovimmille faneille. Lopputaisteluaan my\u00f6ten edelt\u00e4v\u00e4n elokuvan kohtauksia toistavasta m\u00e4iskeest\u00e4 ei toisaalta saa mit\u00e4\u00e4n irti kuin parhaalla tekniikalla varustetussa elokuvateatterissa.<\/p>\n<p>James Cameronin luonnonsuojelupintaraapaisu on orgaanisen vastakohta \u2013 digitaalisen sieluton ja kliinisten kuvien kautta kerrottu kliseepaketti. Pandora-kuun liki jokainen komea herkuttelukohtaus on my\u00f6s mahtipontisen nolo.<\/p>\n<p>Patetiapaisuttelu toimii itse asiassa sit\u00e4 paremmin mit\u00e4 v\u00e4hemm\u00e4n edellisest\u00e4 elokuvasta muistaa. Juuri kakkososan katsoneelle Avatar: Fire and Ash n\u00e4ytt\u00e4ytyy \u00e4lytt\u00f6m\u00e4n pitk\u00e4ksi venytettyn\u00e4 tekniikkademona.<\/p>\n<p>Megaproduktio on juuri ja juuri kahden t\u00e4hden arvoinen kaavamainen toimintaseikkailu, joista toisen se saa vain elokuvan parissa vuosikausia intohimoisesti ahertaneen, ties kuinka monen sadan ihmisen ty\u00f6ryhm\u00e4n ansiosta.<\/p>\n<p>James Cameronin olisi todellakin aika tehd\u00e4 seuraavaksi jotain ihan muuta.<\/p>\n<p><a href=\"https:\/\/www.europesays.com\/fi\/wp-content\/uploads\/2025\/11\/elokuva-arvostelu-tahdet-2.png\"><img loading=\"lazy\" decoding=\"async\" width=\"180\" height=\"33\" alt=\"2\/5\" class=\"wp-image-373470 awpo-lazy\" src=\"https:\/\/www.europesays.com\/fi\/wp-content\/uploads\/2025\/11\/elokuva-arvostelu-tahdet-2.png\"\/><\/a><\/p>\n","protected":false},"excerpt":{"rendered":"AVATAR: FIRE AND ASHEnsi-ilta: 17.12.2025.Alkuper\u00e4isnimi: Avatar &amp; Fire and AshOhjaus: James CameronK\u00e4sikirjoitus: James Cameron &amp; Rick Jaffa &amp;&hellip;\n","protected":false},"author":2,"featured_media":118743,"comment_status":"","ping_status":"","sticky":false,"template":"","format":"standard","meta":{"footnotes":""},"categories":[131],"tags":[1092,1093,155,137,33,173,31,30,434,11801,172,21316,8891,4468,32,109],"class_list":{"0":"post-118742","1":"post","2":"type-post","3":"status-publish","4":"format-standard","5":"has-post-thumbnail","7":"category-elokuvat","8":"tag-avatar","9":"tag-avatar-fire-and-ash","10":"tag-elokuvat","11":"tag-entertainment","12":"tag-fi","13":"tag-film","14":"tag-finland","15":"tag-finnish","16":"tag-james-cameron","17":"tag-kate-winslet","18":"tag-movies","19":"tag-sam-worthington","20":"tag-sigourney-weaver","21":"tag-stephen-lang","22":"tag-suomi","23":"tag-viihde"},"share_on_mastodon":{"url":"https:\/\/pubeurope.com\/@fi\/115734715423796097","error":""},"_links":{"self":[{"href":"https:\/\/www.europesays.com\/fi\/wp-json\/wp\/v2\/posts\/118742","targetHints":{"allow":["GET"]}}],"collection":[{"href":"https:\/\/www.europesays.com\/fi\/wp-json\/wp\/v2\/posts"}],"about":[{"href":"https:\/\/www.europesays.com\/fi\/wp-json\/wp\/v2\/types\/post"}],"author":[{"embeddable":true,"href":"https:\/\/www.europesays.com\/fi\/wp-json\/wp\/v2\/users\/2"}],"replies":[{"embeddable":true,"href":"https:\/\/www.europesays.com\/fi\/wp-json\/wp\/v2\/comments?post=118742"}],"version-history":[{"count":0,"href":"https:\/\/www.europesays.com\/fi\/wp-json\/wp\/v2\/posts\/118742\/revisions"}],"wp:featuredmedia":[{"embeddable":true,"href":"https:\/\/www.europesays.com\/fi\/wp-json\/wp\/v2\/media\/118743"}],"wp:attachment":[{"href":"https:\/\/www.europesays.com\/fi\/wp-json\/wp\/v2\/media?parent=118742"}],"wp:term":[{"taxonomy":"category","embeddable":true,"href":"https:\/\/www.europesays.com\/fi\/wp-json\/wp\/v2\/categories?post=118742"},{"taxonomy":"post_tag","embeddable":true,"href":"https:\/\/www.europesays.com\/fi\/wp-json\/wp\/v2\/tags?post=118742"}],"curies":[{"name":"wp","href":"https:\/\/api.w.org\/{rel}","templated":true}]}}