{"id":118756,"date":"2025-12-17T11:47:07","date_gmt":"2025-12-17T11:47:07","guid":{"rendered":"https:\/\/www.europesays.com\/fi\/118756\/"},"modified":"2025-12-17T11:47:07","modified_gmt":"2025-12-17T11:47:07","slug":"tyoelakkeisiin-ensi-vuonna-vajaan-prosentin-korotus-uutisia-lyhyesti","status":"publish","type":"post","link":"https:\/\/www.europesays.com\/fi\/118756\/","title":{"rendered":"Ty\u00f6el\u00e4kkeisiin ensi vuonna vajaan prosentin korotus | Uutisia lyhyesti"},"content":{"rendered":"<p class=\"aw-1gybjub aw-1p7kakr kEtdKx cEmitX yle__article__paragraph\">Ty\u00f6el\u00e4kkeisiin on tulossa vuodenvaihteessa 0,9 prosentin korotus ty\u00f6el\u00e4keindeksin mukaisesti, <a class=\"aw-iao6s4 iHOxEa yle__article__link\" href=\"https:\/\/www.etk.fi\/ajankohtaista\/nain-tyoelakkeet-muuttuvat-vuonna-2026\/\" role=\"link\" rel=\"nofollow noopener\" target=\"_blank\">kertoo El\u00e4keturvakeskus ETK<\/a>. Se tarkoittaa noin 18 euron korotusta el\u00e4kkeensaajalle, joka nyt saa 2\u00a0000 euron ty\u00f6el\u00e4kett\u00e4.<\/p>\n<p class=\"aw-1gybjub aw-1p7kakr kEtdKx cEmitX yle__article__paragraph\">Ty\u00f6el\u00e4kemaksuihin tulee my\u00f6s muutoksia. Ensi vuonna ty\u00f6ntekij\u00e4n ty\u00f6el\u00e4kemaksu on kaikille sama 7,3 prosenttia ja el\u00e4kett\u00e4 kertyy 1,5 prosenttia vuosiansiosta, i\u00e4st\u00e4 riippumatta.<\/p>\n<p class=\"aw-1gybjub aw-1p7kakr kEtdKx cEmitX yle__article__paragraph\">Aiemmin 53\u201362-vuotiaiden karttumisprosentti on ollut 1,7 prosenttia ja ty\u00f6el\u00e4kemaksu 8,65 prosenttia.<\/p>\n","protected":false},"excerpt":{"rendered":"Ty\u00f6el\u00e4kkeisiin on tulossa vuodenvaihteessa 0,9 prosentin korotus ty\u00f6el\u00e4keindeksin mukaisesti, kertoo El\u00e4keturvakeskus ETK. Se tarkoittaa noin 18 euron korotusta&hellip;\n","protected":false},"author":2,"featured_media":118757,"comment_status":"","ping_status":"","sticky":false,"template":"","format":"standard","meta":{"footnotes":""},"categories":[5],"tags":[22,23,16248,26,27,33,31,30,17,71,24,25,28,29,15,18,21,32,78,19,20,16250,16],"class_list":{"0":"post-118756","1":"post","2":"type-post","3":"status-publish","4":"format-standard","5":"has-post-thumbnail","7":"category-otsikot","8":"tag-breaking-news","9":"tag-breakingnews","10":"tag-elakkeet","11":"tag-featured-news","12":"tag-featurednews","13":"tag-fi","14":"tag-finland","15":"tag-finnish","16":"tag-headlines","17":"tag-kotimaa","18":"tag-latest-news","19":"tag-latestnews","20":"tag-main-news","21":"tag-mainnews","22":"tag-news","23":"tag-otsikot","24":"tag-paauutiset","25":"tag-suomi","26":"tag-talous","27":"tag-top-stories","28":"tag-topstories","29":"tag-tyoelakkeet","30":"tag-uutiset"},"share_on_mastodon":{"url":"https:\/\/pubeurope.com\/@fi\/115734750338000105","error":""},"_links":{"self":[{"href":"https:\/\/www.europesays.com\/fi\/wp-json\/wp\/v2\/posts\/118756","targetHints":{"allow":["GET"]}}],"collection":[{"href":"https:\/\/www.europesays.com\/fi\/wp-json\/wp\/v2\/posts"}],"about":[{"href":"https:\/\/www.europesays.com\/fi\/wp-json\/wp\/v2\/types\/post"}],"author":[{"embeddable":true,"href":"https:\/\/www.europesays.com\/fi\/wp-json\/wp\/v2\/users\/2"}],"replies":[{"embeddable":true,"href":"https:\/\/www.europesays.com\/fi\/wp-json\/wp\/v2\/comments?post=118756"}],"version-history":[{"count":0,"href":"https:\/\/www.europesays.com\/fi\/wp-json\/wp\/v2\/posts\/118756\/revisions"}],"wp:featuredmedia":[{"embeddable":true,"href":"https:\/\/www.europesays.com\/fi\/wp-json\/wp\/v2\/media\/118757"}],"wp:attachment":[{"href":"https:\/\/www.europesays.com\/fi\/wp-json\/wp\/v2\/media?parent=118756"}],"wp:term":[{"taxonomy":"category","embeddable":true,"href":"https:\/\/www.europesays.com\/fi\/wp-json\/wp\/v2\/categories?post=118756"},{"taxonomy":"post_tag","embeddable":true,"href":"https:\/\/www.europesays.com\/fi\/wp-json\/wp\/v2\/tags?post=118756"}],"curies":[{"name":"wp","href":"https:\/\/api.w.org\/{rel}","templated":true}]}}