{"id":118763,"date":"2025-12-17T12:06:09","date_gmt":"2025-12-17T12:06:09","guid":{"rendered":"https:\/\/www.europesays.com\/fi\/118763\/"},"modified":"2025-12-17T12:06:09","modified_gmt":"2025-12-17T12:06:09","slug":"oulusta-kajahti-tiukka-protesti-karppien-fanit-saivat-tarpeekseen-urheilua-lyhyesti","status":"publish","type":"post","link":"https:\/\/www.europesays.com\/fi\/118763\/","title":{"rendered":"Oulusta kajahti tiukka protesti \u2013 K\u00e4rppien fanit saivat tarpeekseen | Urheilua lyhyesti"},"content":{"rendered":"<p class=\"aw-1gybjub aw-5vja16 kEtdKx kmuxyA yle__article__paragraph\">SM-liigassa viimeist\u00e4 edellisen\u00e4, sijalla 15 kynt\u00e4v\u00e4n Oulun K\u00e4rppien kannattaja\u00adryhm\u00e4 sai tarpeekseen. Se julkaisi protestinsa Kiekko-Espoo-ottelun alla.<\/p>\n<p><img decoding=\"async\" alt=\"Kuvassa valmentaja Toni Sihvonen ja p\u00e4\u00e4valmentaja Petri Karjalainen.\" src=\"https:\/\/www.europesays.com\/fi\/wp-content\/uploads\/2025\/12\/39-157117369428a76738b4.jpeg\" class=\"aw-1l9m598 hKVVvP\"\/><\/p>\n<p>Avaa kuvien katselu<\/p>\n<p>Oulun K\u00e4rpill\u00e4 ei kulje. Penkin takana valmentaja Toni Sihvonen (vas.) ja p\u00e4\u00e4valmentaja Petri Karjalainen. Kuva: Elmeri Elo \/ All Over Press<\/p>\n<p class=\"aw-1gybjub aw-1p7kakr kEtdKx cEmitX yle__article__paragraph\">K\u00e4rppien kannattajaryhm\u00e4 Poromafia kertoo sosiaalisen median ulostulossaan, ett\u00e4 j\u00e4\u00e4 pois keskiviikkoiltana pelattavasta K\u00e4rppien kotiottelusta Kiekko-Espoota vastaan.<\/p>\n<p class=\"aw-1gybjub aw-1p7kakr kEtdKx cEmitX yle__article__paragraph\">K\u00e4rppien kannattajaryhm\u00e4 avautuu, ett\u00e4 entinen suomalaisen j\u00e4\u00e4kiekon lippulaiva on pystynyt j\u00e4lleen alittamaan jopa alimmatkin odotukset.<\/p>\n<p class=\"aw-1gybjub aw-1p7kakr kEtdKx cEmitX yle__article__paragraph\">Jo viime kaudella K\u00e4rp\u00e4t j\u00e4i isoista panostuksistaan huolimatta 13:nneksi, eli ulos pudotuspeleist\u00e4.<\/p>\n<p class=\"aw-1gybjub aw-1p7kakr kEtdKx cEmitX yle__article__paragraph\">Uusi urheilujohtaja <strong class=\"aw-ak79eh KyCXm yle__article__strong\">Kimmo Kapanen<\/strong> ja KalPasta siirtynyt mestarivalmentaja <strong class=\"aw-ak79eh KyCXm yle__article__strong\">Petri Karjalainen<\/strong> eiv\u00e4t ole onnistuneet t\u00e4ll\u00e4 kaudella toistaiseksi kurssin korjaamisessa.<\/p>\n<p><img decoding=\"async\" alt=\"Oulun K\u00e4rppien pelaajia SM-liigassa joulukuussa 2025.\" src=\"https:\/\/www.europesays.com\/fi\/wp-content\/uploads\/2025\/12\/1765973169_323_39-1568681693bf5767ef36.jpeg\" class=\"aw-1l9m598 hKVVvP\"\/><\/p>\n<p class=\"aw-1gybjub aw-1p7kakr kEtdKx cEmitX yle__article__paragraph\">Poromafian mukaan yleis\u00f6 on jo \u00e4\u00e4nest\u00e4nyt jaloillaan ja yleis\u00f6m\u00e4\u00e4r\u00e4t ovat pudonneet s\u00e4\u00e4litt\u00e4viksi. K\u00e4rppien t\u00e4m\u00e4n kauden yleis\u00f6keskiarvo on 4\u00a0400.<\/p>\n<p class=\"aw-1gybjub aw-1p7kakr kEtdKx cEmitX yle__article__paragraph\">Poromafian mielest\u00e4 lukemaa huolestuttavampaa on tieto, ett\u00e4 k\u00e4rsimysn\u00e4ytelm\u00e4 jatkuu.<\/p>\n<p class=\"aw-1gybjub aw-1p7kakr kEtdKx cEmitX yle__article__paragraph\">Kannattajaryhm\u00e4 osoittaa syytt\u00e4v\u00e4n sormensa seurajohtoon. Sen mielest\u00e4 seuraan on tuotu uusia valmentajia ja urheilujohtajia sek\u00e4 kalliita pelaajia, mutta urheilullinen menestys ei ole muuttunut. Sen sijaan kunnianhimoinen strategia liiketoiminnan kasvattamisesta on onnistunut.<\/p>\n<p class=\"aw-1gybjub aw-1p7kakr kEtdKx cEmitX yle__article__paragraph\">\u2013 Seuran ylimp\u00e4\u00e4n johtoon on saatava ihmisi\u00e4, jotka saavat aikaan muutakin kuin voitokasta ravintola- ja musiikkitapahtumatoimintaa.<\/p>\n<p class=\"aw-1gybjub aw-1p7kakr kEtdKx cEmitX yle__article__paragraph\">Poromafian mielest\u00e4 joukkueen rakennus on taas ep\u00e4onnistunut, mutta ryhm\u00e4st\u00e4 pit\u00e4isi saada enemm\u00e4n irti kuin 15. sija.<\/p>\n<p class=\"aw-1gybjub aw-1p7kakr kEtdKx cEmitX yle__article__paragraph\">\u2013 Kes\u00e4ll\u00e4 kerrotut korulauseet ovat osoittautuneet taas kerran turhaksi PR-puheeksi ja kent\u00e4ll\u00e4 on illasta toiseen alistunut ja sekavasti pelaava joukkue, jolle nauraa koko muu kiekkoileva Suomi.<\/p>\n<p class=\"aw-1gybjub aw-1p7kakr kEtdKx cEmitX yle__article__paragraph\">Poromafia haluaa osoittaa huolensa seuran tilasta ja j\u00e4tt\u00e4ytyy sivuun illan pelist\u00e4. Paikalle menevi\u00e4 ihmisi\u00e4 kannattajaryhm\u00e4 kehottaa liittym\u00e4\u00e4n protestiin olemalla kannustamatta ja reagoimatta ottelutapahtumiin.<\/p>\n<p class=\"aw-1gybjub aw-1p7kakr kEtdKx cEmitX yle__article__paragraph\">Keskiviikon SM-liigaotteluiden tulosseuranta teksti-tv:n <a class=\"aw-iao6s4 iHOxEa yle__article__link\" href=\"https:\/\/yle.fi\/aihe\/tekstitv?P=221\" role=\"link\" rel=\"nofollow noopener\" target=\"_blank\">sivulla 221<\/a> ja sarjataulukko <a class=\"aw-iao6s4 iHOxEa yle__article__link\" href=\"https:\/\/yle.fi\/aihe\/tekstitv?P=223\" role=\"link\" rel=\"nofollow noopener\" target=\"_blank\">sivulla 223<\/a>.<\/p>\n","protected":false},"excerpt":{"rendered":"SM-liigassa viimeist\u00e4 edellisen\u00e4, sijalla 15 kynt\u00e4v\u00e4n Oulun K\u00e4rppien kannattaja\u00adryhm\u00e4 sai tarpeekseen. Se julkaisi protestinsa Kiekko-Espoo-ottelun alla. Avaa kuvien&hellip;\n","protected":false},"author":2,"featured_media":118764,"comment_status":"","ping_status":"","sticky":false,"template":"","format":"standard","meta":{"footnotes":""},"categories":[158],"tags":[33,31,30,1143,952,9081,728,2973,159,4686,32,160],"class_list":{"0":"post-118763","1":"post","2":"type-post","3":"status-publish","4":"format-standard","5":"has-post-thumbnail","7":"category-urheilu","8":"tag-fi","9":"tag-finland","10":"tag-finnish","11":"tag-jaakiekko","12":"tag-oulu","13":"tag-oulun-karpat-jaakiekon-miesten-liiga","14":"tag-pohjois-pohjanmaa","15":"tag-sm-liiga","16":"tag-sports","17":"tag-suomen-jaakiekko","18":"tag-suomi","19":"tag-urheilu"},"share_on_mastodon":{"url":"https:\/\/pubeurope.com\/@fi\/115734825327829320","error":""},"_links":{"self":[{"href":"https:\/\/www.europesays.com\/fi\/wp-json\/wp\/v2\/posts\/118763","targetHints":{"allow":["GET"]}}],"collection":[{"href":"https:\/\/www.europesays.com\/fi\/wp-json\/wp\/v2\/posts"}],"about":[{"href":"https:\/\/www.europesays.com\/fi\/wp-json\/wp\/v2\/types\/post"}],"author":[{"embeddable":true,"href":"https:\/\/www.europesays.com\/fi\/wp-json\/wp\/v2\/users\/2"}],"replies":[{"embeddable":true,"href":"https:\/\/www.europesays.com\/fi\/wp-json\/wp\/v2\/comments?post=118763"}],"version-history":[{"count":0,"href":"https:\/\/www.europesays.com\/fi\/wp-json\/wp\/v2\/posts\/118763\/revisions"}],"wp:featuredmedia":[{"embeddable":true,"href":"https:\/\/www.europesays.com\/fi\/wp-json\/wp\/v2\/media\/118764"}],"wp:attachment":[{"href":"https:\/\/www.europesays.com\/fi\/wp-json\/wp\/v2\/media?parent=118763"}],"wp:term":[{"taxonomy":"category","embeddable":true,"href":"https:\/\/www.europesays.com\/fi\/wp-json\/wp\/v2\/categories?post=118763"},{"taxonomy":"post_tag","embeddable":true,"href":"https:\/\/www.europesays.com\/fi\/wp-json\/wp\/v2\/tags?post=118763"}],"curies":[{"name":"wp","href":"https:\/\/api.w.org\/{rel}","templated":true}]}}