{"id":118771,"date":"2025-12-17T12:12:08","date_gmt":"2025-12-17T12:12:08","guid":{"rendered":"https:\/\/www.europesays.com\/fi\/118771\/"},"modified":"2025-12-17T12:12:08","modified_gmt":"2025-12-17T12:12:08","slug":"nuorten-tyollistymistuki-avaa-nuorille-ovia-tyoelamaan","status":"publish","type":"post","link":"https:\/\/www.europesays.com\/fi\/118771\/","title":{"rendered":"Nuorten ty\u00f6llistymistuki avaa nuorille ovia ty\u00f6el\u00e4m\u00e4\u00e4n"},"content":{"rendered":"<p>Ty\u00f6- ja elinkeinoministeri\u00f6 valmistelee nuorten ty\u00f6llistymistuen k\u00e4ytt\u00f6\u00f6nottoa alkuvuonna 2026. Tuen tavoitteena on tukea nuorten ty\u00f6llistymist\u00e4 yksityisille ty\u00f6markkinoille alentamalla m\u00e4\u00e4r\u00e4aikaisesti rekrytoinnin kustannuksia.<\/p>\n<p>\n          17.12.2025\n      <\/p>\n<p>TEM valmistelee tukea, jossa ty\u00f6voimaviranomainen voisi my\u00f6nt\u00e4\u00e4 harkinnanvaraista rekrytointitukea yritykselle, joka ty\u00f6llist\u00e4\u00e4 18\u201329-vuotiaan nuoren v\u00e4hint\u00e4\u00e4n kuudeksi kuukaudeksi. Tuen my\u00f6nt\u00e4misen edellytyksen\u00e4 olisi, ett\u00e4 nuori on ollut ty\u00f6tt\u00f6m\u00e4n\u00e4 v\u00e4hint\u00e4\u00e4n kuusi kuukautta. Poikkeuksena ovat nuoret, jotka ovat suorittaneet vain peruskoulun oppim\u00e4\u00e4r\u00e4n. Heid\u00e4n osaltaan edellytyksen\u00e4 olisi v\u00e4hint\u00e4\u00e4n kolmen kuukauden ty\u00f6tt\u00f6myys.<\/p>\n<p>Ty\u00f6llistymistuen on tarkoitus kattaa 50 % palkkakuluista. Kulut voivat olla puolen vuoden tukijaksolla enint\u00e4\u00e4n 9000 euroa eli 1500 euroa kuukaudessa. Laskennallisesti tuen piiriin voidaan saada 3300\u20134400 kohderyhm\u00e4\u00e4n kuuluvaa nuorta koko maassa.<\/p>\n<p>Nuorten ty\u00f6llistymistuki on tulossa k\u00e4ytt\u00f6\u00f6n my\u00f6s Oulun seudun ty\u00f6llisyysalueella. Tuen k\u00e4ytt\u00f6\u00f6notosta ja sen hakemisesta viestit\u00e4\u00e4n tarkemmin yksityiskohtien selvitty\u00e4.<\/p>\n","protected":false},"excerpt":{"rendered":"Ty\u00f6- ja elinkeinoministeri\u00f6 valmistelee nuorten ty\u00f6llistymistuen k\u00e4ytt\u00f6\u00f6nottoa alkuvuonna 2026. Tuen tavoitteena on tukea nuorten ty\u00f6llistymist\u00e4 yksityisille ty\u00f6markkinoille alentamalla&hellip;\n","protected":false},"author":2,"featured_media":118772,"comment_status":"","ping_status":"","sticky":false,"template":"","format":"standard","meta":{"footnotes":""},"categories":[12],"tags":[22,23,26,27,33,31,30,17,24,25,28,29,15,18,21,32,19,20,16],"class_list":{"0":"post-118771","1":"post","2":"type-post","3":"status-publish","4":"format-standard","5":"has-post-thumbnail","7":"category-suomi","8":"tag-breaking-news","9":"tag-breakingnews","10":"tag-featured-news","11":"tag-featurednews","12":"tag-fi","13":"tag-finland","14":"tag-finnish","15":"tag-headlines","16":"tag-latest-news","17":"tag-latestnews","18":"tag-main-news","19":"tag-mainnews","20":"tag-news","21":"tag-otsikot","22":"tag-paauutiset","23":"tag-suomi","24":"tag-top-stories","25":"tag-topstories","26":"tag-uutiset"},"share_on_mastodon":{"url":"https:\/\/pubeurope.com\/@fi\/115734848779459135","error":""},"_links":{"self":[{"href":"https:\/\/www.europesays.com\/fi\/wp-json\/wp\/v2\/posts\/118771","targetHints":{"allow":["GET"]}}],"collection":[{"href":"https:\/\/www.europesays.com\/fi\/wp-json\/wp\/v2\/posts"}],"about":[{"href":"https:\/\/www.europesays.com\/fi\/wp-json\/wp\/v2\/types\/post"}],"author":[{"embeddable":true,"href":"https:\/\/www.europesays.com\/fi\/wp-json\/wp\/v2\/users\/2"}],"replies":[{"embeddable":true,"href":"https:\/\/www.europesays.com\/fi\/wp-json\/wp\/v2\/comments?post=118771"}],"version-history":[{"count":0,"href":"https:\/\/www.europesays.com\/fi\/wp-json\/wp\/v2\/posts\/118771\/revisions"}],"wp:featuredmedia":[{"embeddable":true,"href":"https:\/\/www.europesays.com\/fi\/wp-json\/wp\/v2\/media\/118772"}],"wp:attachment":[{"href":"https:\/\/www.europesays.com\/fi\/wp-json\/wp\/v2\/media?parent=118771"}],"wp:term":[{"taxonomy":"category","embeddable":true,"href":"https:\/\/www.europesays.com\/fi\/wp-json\/wp\/v2\/categories?post=118771"},{"taxonomy":"post_tag","embeddable":true,"href":"https:\/\/www.europesays.com\/fi\/wp-json\/wp\/v2\/tags?post=118771"}],"curies":[{"name":"wp","href":"https:\/\/api.w.org\/{rel}","templated":true}]}}