{"id":118777,"date":"2025-12-17T12:24:08","date_gmt":"2025-12-17T12:24:08","guid":{"rendered":"https:\/\/www.europesays.com\/fi\/118777\/"},"modified":"2025-12-17T12:24:08","modified_gmt":"2025-12-17T12:24:08","slug":"jattiraportti-tulevista-iphoneista-tata-applelta-on-luvassa-seuraavien-kahden-vuoden-aikana","status":"publish","type":"post","link":"https:\/\/www.europesays.com\/fi\/118777\/","title":{"rendered":"J\u00e4ttiraportti tulevista iPhoneista: t\u00e4t\u00e4 Applelta on luvassa seuraavien kahden vuoden aikana"},"content":{"rendered":"<p><a href=\"https:\/\/mobiili.fi\/wp-content\/uploads\/2021\/12\/apple_silicon.png\" data-lightbox=\"image\" rel=\"nofollow noopener\" target=\"_blank\"><img fetchpriority=\"high\" decoding=\"async\" class=\"aligncenter size-large wp-image-186410\" src=\"data:image\/svg+xml,%3Csvg%20xmlns=\" http:=\"\" alt=\"Apple Silicon logo.\" width=\"800\" height=\"435\" data-lazy- data-lazy- data-lazy-src=\"https:\/\/www.europesays.com\/fi\/wp-content\/uploads\/2025\/12\/apple_silicon-800x435.png\"\/><\/a><\/p>\n<p>Applen tulevista iPhone-suunnitelmista on kuultu kattava katsaus, jossa on mukana muutamia mielenkiintoisia uusia tiedonmurusia.<\/p>\n<p>Yleens\u00e4 luotettavista paljastuksistaan tunnettu <a href=\"https:\/\/www.theinformation.com\/articles\/inside-apples-iphone-road-map-foldable-screens-curved-glass-cases\" rel=\"nofollow noopener\" target=\"_blank\">The Information raportoi<\/a> l\u00e4hteisiins\u00e4 perustuen yhteens\u00e4 per\u00e4ti kahdeksasta Applen parhaillaan ty\u00f6st\u00e4m\u00e4st\u00e4 iPhone-mallista tuleville vuosille.<\/p>\n<p style=\"width: 98%; text-align: center; font-size:13px; border-bottom: 1px solid #C8C8C8; line-height: 0.1em; margin: 8px 1% 16px 1%;\">MAINOS (ARTIKKELI JATKUU ALLA)<\/p>\n<p>Ensimm\u00e4isen\u00e4 iPhoneista tulossa on iPhone 17e kev\u00e4\u00e4ll\u00e4 2026. <a href=\"https:\/\/mobiili.fi\/2025\/12\/16\/yllattava-paljastus-tulevasta-iphone-17esta-saamassa-merkittavan-parannuksen\/\" rel=\"nofollow noopener\" target=\"_blank\">Kuten jo aiemmin erillisess\u00e4 artikkelissa kerroimme<\/a>, The Informationin mukaan iPhone 17e tulee sis\u00e4lt\u00e4m\u00e4\u00e4n tuen my\u00f6s magneettisella langattomalle lataukselle eli MagSafelle ja Qi2:lle, kun edelt\u00e4v\u00e4ss\u00e4 iPhone 16e:ss\u00e4 oli tuki vasta vanhalle langattomalle Qi-lataukselle. Lis\u00e4ksi iPhone 17e tulee sis\u00e4lt\u00e4m\u00e4\u00e4n Applen viimeisimm\u00e4n C1X-modeemin, joka on suorituskykyisempi kuin iPhone 16e:ss\u00e4 ensimm\u00e4isen\u00e4 Applen modeemina esitelty C1.<\/p>\n<p>Syksyll\u00e4 2026 tulossa on aiemmin paljastuneella tavalla kolme iPhone-uutuutta: uudet huippumallit iPhone 18 Pro ja iPhone 18 Pro Max sek\u00e4 Applen ensimm\u00e4inen taittuvan\u00e4ytt\u00f6inen iPhone.<\/p>\n<p>The Information vahvistaa nyt <a href=\"https:\/\/mobiili.fi\/2025\/12\/10\/vuotaja-face-id-siirtyy-naytonalaiseksi-tulevissa-iphone-18-puhelimissa\/\" rel=\"nofollow noopener\" target=\"_blank\">aiempia huhuja<\/a> kertomalla iPhone 18 Pro -puhelinten sis\u00e4lt\u00e4v\u00e4n n\u00e4yt\u00f6nalaisena Face ID -kasvojentunnistuksen vaatimat komponentit. Samalla etukamera siirtyy n\u00e4yt\u00f6n vasempaan yl\u00e4kulmaan.<\/p>\n<p style=\"width: 98%; text-align: center; font-size:13px; border-bottom: 1px solid #C8C8C8; line-height: 0.1em; margin: 8px 1% 16px 1%;\">MAINOS (ARTIKKELI JATKUU ALLA)<\/p>\n<p>Lis\u00e4ksi iPhone 18 Pro -puhelimissa tulee tapahtumaan uudistuksia kameroissa, kun ainakin yksi kamera saa vaihtuvan aukon koon. The Informationin mukaan t\u00e4m\u00e4 mahdollistaa Applen ottavan k\u00e4ytt\u00f6\u00f6n uuden kamerakennon, joka tallentaa enemm\u00e4n valoa y\u00f6ll\u00e4, mutta est\u00e4\u00e4 liian valottuneet kuvat p\u00e4iv\u00e4ll\u00e4. Tuleva kameramuutos on merkitt\u00e4v\u00e4, sill\u00e4 Apple on nyt useamman vuoden k\u00e4ytt\u00e4nyt samanlaista p\u00e4\u00e4kameraa iPhone-huippumalleissaan.<\/p>\n<p>Muuten kuin etupuolen muutosten osalta iPhone 18 Pro -puhelinten muotoilu on samankaltainen iPhone 17 Pro -puhelinten kanssa. Sisuksiin puhelimet ovat saamassa uuden j\u00e4rjestelm\u00e4piirin, ja The Information toteaa k\u00e4yt\u00f6ss\u00e4 olevan uuden teknologian TSMC:lt\u00e4, jonka my\u00f6t\u00e4 muisti on sijoitettu l\u00e4hemm\u00e4ksi suoritinta. Kyse lienee sen paketoinnista osaksi samaa kokonaisuutta.<\/p>\n<p>Vaikka iPhone 18 Pro -puhelimiinkin on luvassa kiinnostavia uudistuksia, p\u00e4\u00e4huomion syksyll\u00e4 2026 varastanee ensimm\u00e4inen taittuvan\u00e4ytt\u00f6inen iPhone.<\/p>\n<p>The Information vahvistaa odotuksia, joiden mukaan taittuva iPhone poikkeaa kuvasuhteeltaan useimmista muista kirjamallin taittuvan\u00e4ytt\u00f6isist\u00e4 puhelimista. Taittuvan\u00e4ytt\u00f6inen iPhone tulee olemaan suhteessa leve\u00e4mpi. Taittuvan n\u00e4yt\u00f6n koon mainitaan olevan 7,7 tuumaa ja kansin\u00e4yt\u00f6n koon 5,3 tuumaa \u2013 ja puhelin on avattuna suurempi leveys- kuin korkeussuunnassa.<\/p>\n<p style=\"width: 98%; text-align: center; font-size:13px; border-bottom: 1px solid #C8C8C8; line-height: 0.1em; margin: 8px 1% 16px 1%;\">MAINOS (ARTIKKELI JATKUU ALLA)<\/p>\n<p>Aiemmat raportit ovat kertoneet, ett\u00e4 Apple pyrkii erottautumaan taittuvan\u00e4ytt\u00f6isten puhelinten joukossa erityisesti n\u00e4yt\u00f6n taitoskohdan juovattomuudella.<\/p>\n<p>Taittuvan iPhonen kehityksen ja koetuotannon aikana The Informationin mukaan n\u00e4yt\u00f6ist\u00e4 suuri osa on osoittautunut virheellisiksi, mutta t\u00e4m\u00e4n olleen odotettua t\u00e4ss\u00e4 vaiheessa.<\/p>\n<p>Syksyn 2026 kolmen huippuluokan iPhonen j\u00e4lkeen kev\u00e4\u00e4ll\u00e4 2027 Apple on esittelem\u00e4ss\u00e4 iPhone 18 -perusmallin. <a href=\"https:\/\/mobiili.fi\/2025\/08\/18\/huhut-voimistuvat-applen-syksyn-2026-iphone-lanseerauksesta-tulossa-taysin-poikkeuksellinen-iphone-18-saapuu-vasta-myohemmin\/\" rel=\"nofollow noopener\" target=\"_blank\">iPhone-julkaisuaikatauluun tulee n\u00e4in huomattava muutos, kun perusmalli esitell\u00e4\u00e4n vasta my\u00f6hemmin<\/a>.<\/p>\n<p>iPhone 18:n The Information kuvailee olevan v\u00e4h\u00e4inen p\u00e4ivitys. Todenn\u00e4k\u00f6isen uuden piirin ja sen mahdollitaman paremman suorituskyvyn lis\u00e4ksi Applen odotetaan iPhone 18 -puhelimissa muun muassa yksinkertaistavan kamerapainiketta poistamalla kosketustunnistuksen ja haptisen palautteen.i<\/p>\n<p style=\"width: 98%; text-align: center; font-size:13px; border-bottom: 1px solid #C8C8C8; line-height: 0.1em; margin: 8px 1% 16px 1%;\">MAINOS (ARTIKKELI JATKUU ALLA)<\/p>\n<p>iPhone 18:n lis\u00e4ksi kev\u00e4\u00e4ll\u00e4 2027 odotetaan my\u00f6s iPhone 18e -mallia, josta ei viel\u00e4 tiedet\u00e4 paljoa.<\/p>\n<p>My\u00f6s aiemmin syksyksi 2026 odotettu, mutta <a href=\"https:\/\/mobiili.fi\/2025\/11\/17\/apple-reportteri-tama-on-tilanne-toisen-sukupolven-iphone-airin-osalta\/\" rel=\"nofollow noopener\" target=\"_blank\">kenties alkuper\u00e4isen iPhone Airin heikon menekin vuoksi suunnittelup\u00f6yd\u00e4lle palautettu<\/a>, iPhone Air 2 on suunnitelmissa kev\u00e4\u00e4ll\u00e4 2027. Applen kerrotaan harkitsevan toisen takakameran lis\u00e4\u00e4mist\u00e4 sek\u00e4 edullisempaa hintaa toisen sukupolven iPhone Airille.<\/p>\n<p>Syksyll\u00e4 2027 odotuksissa on merkitt\u00e4v\u00e4 iPhone-uudistus, kun alkuper\u00e4isen iPhonen julkaisusta vuonna 2007 tulee kuluneeksi 20 vuotta.<\/p>\n<p>Jo aiemmat raportit ovat kertoneet Applen valmistelevan \u201d20-vuotisjuhlamalliin\u201d merkitt\u00e4v\u00e4\u00e4 uudistusta, jossa lasin m\u00e4\u00e4r\u00e4 rakenteessa lis\u00e4\u00e4ntyy. The Information kertoi Applen suunnitelmista nyt tarkemmin.<\/p>\n<p>\u201dKaareva lasirakenne edess\u00e4 ja takana sek\u00e4 kaikissa nelj\u00e4ss\u00e4 reunassa mahdollistaa n\u00e4yt\u00f6n ilman \u00e4lypuhelimissa n\u00e4ytt\u00f6jen reunoilla tyypillisesti n\u00e4kyv\u00e4\u00e4 mustaa kehyst\u00e4\u201d, taustoittaa The Information. Toistaiseksi ep\u00e4selv\u00e4\u00e4 on viel\u00e4, kaartuuko my\u00f6s n\u00e4ytt\u00f6 sivuille. \u201dKokometallisen kehyksen sijaan laitteen reunan keskikohdassa, jossa painikkeet sijaitsevat, kulkee vain kapea metallinauha. Apple aikoo sijoittaa puhelimen selfie-kameran n\u00e4yt\u00f6n alle, jolloin siit\u00e4 tulisi ensimm\u00e4inen iPhone, jossa on t\u00e4ysi reunasta reunaan ulottuva n\u00e4ytt\u00f6 ilman aukkoja.\u201d<\/p>\n<p>Huhuissa vuoden 2027 iPhone-mallit on povattu nimett\u00e4v\u00e4n iPhone 20:ksi, eli Apple hypp\u00e4isi iPhone 19:n yli numeroinnissa.<\/p>\n<p>Mainos: <a href=\"https:\/\/hinta.fi\/?src=gPp6fX03\" target=\"_blank\" rel=\"nofollow noopener\">Noin 1 600 000 tuotteen hintavertailu ja hintaseuranta &#8211; katso Hinta.fist\u00e4 mist\u00e4 saat halvimmalla<\/a><\/p>\n","protected":false},"excerpt":{"rendered":"Applen tulevista iPhone-suunnitelmista on kuultu kattava katsaus, jossa on mukana muutamia mielenkiintoisia uusia tiedonmurusia. Yleens\u00e4 luotettavista paljastuksistaan tunnettu&hellip;\n","protected":false},"author":2,"featured_media":118778,"comment_status":"","ping_status":"","sticky":false,"template":"","format":"standard","meta":{"footnotes":""},"categories":[85],"tags":[33,31,30,419,418,32,91,92],"class_list":{"0":"post-118777","1":"post","2":"type-post","3":"status-publish","4":"format-standard","5":"has-post-thumbnail","7":"category-mobiili","8":"tag-fi","9":"tag-finland","10":"tag-finnish","11":"tag-mobiili","12":"tag-mobile","13":"tag-suomi","14":"tag-technology","15":"tag-teknologia"},"share_on_mastodon":{"url":"https:\/\/pubeurope.com\/@fi\/115734896108205442","error":""},"_links":{"self":[{"href":"https:\/\/www.europesays.com\/fi\/wp-json\/wp\/v2\/posts\/118777","targetHints":{"allow":["GET"]}}],"collection":[{"href":"https:\/\/www.europesays.com\/fi\/wp-json\/wp\/v2\/posts"}],"about":[{"href":"https:\/\/www.europesays.com\/fi\/wp-json\/wp\/v2\/types\/post"}],"author":[{"embeddable":true,"href":"https:\/\/www.europesays.com\/fi\/wp-json\/wp\/v2\/users\/2"}],"replies":[{"embeddable":true,"href":"https:\/\/www.europesays.com\/fi\/wp-json\/wp\/v2\/comments?post=118777"}],"version-history":[{"count":0,"href":"https:\/\/www.europesays.com\/fi\/wp-json\/wp\/v2\/posts\/118777\/revisions"}],"wp:featuredmedia":[{"embeddable":true,"href":"https:\/\/www.europesays.com\/fi\/wp-json\/wp\/v2\/media\/118778"}],"wp:attachment":[{"href":"https:\/\/www.europesays.com\/fi\/wp-json\/wp\/v2\/media?parent=118777"}],"wp:term":[{"taxonomy":"category","embeddable":true,"href":"https:\/\/www.europesays.com\/fi\/wp-json\/wp\/v2\/categories?post=118777"},{"taxonomy":"post_tag","embeddable":true,"href":"https:\/\/www.europesays.com\/fi\/wp-json\/wp\/v2\/tags?post=118777"}],"curies":[{"name":"wp","href":"https:\/\/api.w.org\/{rel}","templated":true}]}}