{"id":118779,"date":"2025-12-17T12:25:08","date_gmt":"2025-12-17T12:25:08","guid":{"rendered":"https:\/\/www.europesays.com\/fi\/118779\/"},"modified":"2025-12-17T12:25:08","modified_gmt":"2025-12-17T12:25:08","slug":"uskoisitko-sydney-sweeneyn-uutukainen-sai-paremmat-arvosanat-kuin-james-cameronin-scifi-jatti","status":"publish","type":"post","link":"https:\/\/www.europesays.com\/fi\/118779\/","title":{"rendered":"Uskoisitko? Sydney Sweeneyn uutukainen sai paremmat arvosanat kuin James Cameronin scifi-j\u00e4tti"},"content":{"rendered":"<p>Vuosi p\u00e4\u00e4ttyy h\u00e4mment\u00e4viss\u00e4 merkeiss\u00e4. Nimitt\u00e4in <strong>Sydney Sweeneyn<\/strong> ja <strong>Amanda Seyfriedin<\/strong> uutuusj\u00e4nn\u00e4ri on maistunut kriitikoille paremmin kuin <strong>James Cameronin<\/strong> kolmas scifi-silm\u00e4karkki.<\/p>\n<p>Kyll\u00e4 vain. Sweeneyn ja Seyfriedin t\u00e4hditt\u00e4m\u00e4 Kotiapulainen on p\u00e4rj\u00e4nnyt kriitikoiden hampaissa paremmin kuin t\u00e4n\u00e4\u00e4n ensi-iltansa saanut Avatar: Fire and Ash.<\/p>\n<p>Lue my\u00f6s: <a href=\"https:\/\/www.episodi.fi\/uutiset\/wicked-for-good-antoi-lippukassoilla-kyytia-parhaalle-pirates-of-the-caribbean-leffalle\/\" title=\"Wicked: For Good antoi lippukassoilla kyyti\u00e4 parhaalle Pirates of the Caribbean -leffalle\" class=\"underline-custom !font-montserrat !font-bold !underline-offset-4 !decoration-4 !decoration-episodi-blue !text-md\" rel=\"nofollow noopener\" target=\"_blank\">Wicked: For Good antoi lippukassoilla kyyti\u00e4 parhaalle Pirates of the Caribbean -leffalle<\/a><\/p>\n<p>Lue my\u00f6s: <a href=\"https:\/\/www.episodi.fi\/uutiset\/video-sydney-sweeney-paljasti-totuuden-rinnoistaan-amanda-seyfried-haluaa-varmistuksen-koskemalla\/\" title=\"Video: Sydney Sweeney paljasti totuuden rinnoistaan \u2013 Amanda Seyfried haluaa varmistuksen koskemalla\" class=\"underline-custom !font-montserrat !font-bold !underline-offset-4 !decoration-4 !decoration-episodi-blue !text-md\" rel=\"nofollow noopener\" target=\"_blank\">Video: Sydney Sweeney paljasti totuuden rinnoistaan \u2013 Amanda Seyfried haluaa varmistuksen koskemalla<\/a><\/p>\n<p>400 miljoonan dollarin hintalapulla varustettu <a href=\"https:\/\/www.rottentomatoes.com\/m\/avatar_fire_and_ash\" target=\"_blank\" rel=\"noreferrer noopener nofollow\">Avatar: Fire and Ash<\/a> nauttii t\u00e4ll\u00e4 hetkell\u00e4 Rotten Tomatoesissa 71 prosentin suosiota kriitikoiden keskuudessa.<\/p>\n<p><a href=\"https:\/\/www.rottentomatoes.com\/m\/the_housemaid_2025\" target=\"_blank\" rel=\"noreferrer noopener nofollow\">Kotiapulaisella<\/a> on taas t\u00e4t\u00e4 kirjoittaessa 77 prosentin suosio. Elokuva maksoi vain noin 25 miljoonaa dollaria.<\/p>\n<p>Sweeneyn ja Seyfriedin Kotiapulainen saa ensi-iltansa 2. tammikuuta.<\/p>\n<p>Alla traileri.<\/p>\n<p><img loading=\"lazy\" decoding=\"async\" alt=\"YouTube video\" width=\"480\" height=\"360\" data-pin-nopin=\"true\" nopin=\"nopin\" class=\"perfmatters-lazy\" src=\"https:\/\/www.europesays.com\/fi\/wp-content\/uploads\/2025\/12\/1765974308_543_hqdefault.jpg\"\/><\/p>\n<p>Lue my\u00f6s: <a href=\"https:\/\/www.episodi.fi\/uutiskirje\/?uutiskirjemainos=tekstilinkkimainos\" title=\"Tilaa Episodin uutiskirje ja voit voittaa leffalippuja! Nappaa tv-vinkit suoraan s\u00e4hk\u00f6postiin t\u00e4st\u00e4.\" class=\"underline-custom !font-montserrat !font-bold !underline-offset-4 !decoration-4 !decoration-episodi-blue !text-md\" rel=\"nofollow noopener\" target=\"_blank\">Tilaa Episodin uutiskirje ja voit voittaa leffalippuja! Nappaa katseluvinkit suoraan s\u00e4hk\u00f6postiin t\u00e4st\u00e4.<\/a><\/p>\n","protected":false},"excerpt":{"rendered":"Vuosi p\u00e4\u00e4ttyy h\u00e4mment\u00e4viss\u00e4 merkeiss\u00e4. Nimitt\u00e4in Sydney Sweeneyn ja Amanda Seyfriedin uutuusj\u00e4nn\u00e4ri on maistunut kriitikoille paremmin kuin James Cameronin&hellip;\n","protected":false},"author":2,"featured_media":118780,"comment_status":"","ping_status":"","sticky":false,"template":"","format":"standard","meta":{"footnotes":""},"categories":[136],"tags":[9447,1093,407,137,33,31,30,434,408,21521,32,4184,109],"class_list":{"0":"post-118779","1":"post","2":"type-post","3":"status-publish","4":"format-standard","5":"has-post-thumbnail","7":"category-julkkikset","8":"tag-amanda-seyfried","9":"tag-avatar-fire-and-ash","10":"tag-celebrities","11":"tag-entertainment","12":"tag-fi","13":"tag-finland","14":"tag-finnish","15":"tag-james-cameron","16":"tag-julkkikset","17":"tag-kotiapulainen","18":"tag-suomi","19":"tag-sydney-sweeney","20":"tag-viihde"},"share_on_mastodon":{"url":"https:\/\/pubeurope.com\/@fi\/115734899914582808","error":""},"_links":{"self":[{"href":"https:\/\/www.europesays.com\/fi\/wp-json\/wp\/v2\/posts\/118779","targetHints":{"allow":["GET"]}}],"collection":[{"href":"https:\/\/www.europesays.com\/fi\/wp-json\/wp\/v2\/posts"}],"about":[{"href":"https:\/\/www.europesays.com\/fi\/wp-json\/wp\/v2\/types\/post"}],"author":[{"embeddable":true,"href":"https:\/\/www.europesays.com\/fi\/wp-json\/wp\/v2\/users\/2"}],"replies":[{"embeddable":true,"href":"https:\/\/www.europesays.com\/fi\/wp-json\/wp\/v2\/comments?post=118779"}],"version-history":[{"count":0,"href":"https:\/\/www.europesays.com\/fi\/wp-json\/wp\/v2\/posts\/118779\/revisions"}],"wp:featuredmedia":[{"embeddable":true,"href":"https:\/\/www.europesays.com\/fi\/wp-json\/wp\/v2\/media\/118780"}],"wp:attachment":[{"href":"https:\/\/www.europesays.com\/fi\/wp-json\/wp\/v2\/media?parent=118779"}],"wp:term":[{"taxonomy":"category","embeddable":true,"href":"https:\/\/www.europesays.com\/fi\/wp-json\/wp\/v2\/categories?post=118779"},{"taxonomy":"post_tag","embeddable":true,"href":"https:\/\/www.europesays.com\/fi\/wp-json\/wp\/v2\/tags?post=118779"}],"curies":[{"name":"wp","href":"https:\/\/api.w.org\/{rel}","templated":true}]}}