{"id":118791,"date":"2025-12-17T12:37:08","date_gmt":"2025-12-17T12:37:08","guid":{"rendered":"https:\/\/www.europesays.com\/fi\/118791\/"},"modified":"2025-12-17T12:37:08","modified_gmt":"2025-12-17T12:37:08","slug":"tama-tiedetaan-ukrainan-ennennakemattomasta-iskusta","status":"publish","type":"post","link":"https:\/\/www.europesays.com\/fi\/118791\/","title":{"rendered":"T\u00e4m\u00e4 tiedet\u00e4\u00e4n Ukrainan ennenn\u00e4kem\u00e4tt\u00f6m\u00e4st\u00e4 iskusta"},"content":{"rendered":"<p>Ukrainan mukaan iskun kohteena oli Kilo-luokan sukellusvene. Mahdollisista vahingoista ei ole varmuutta.<\/p>\n<p class=\"article-body mb-nof-24 px-nof-16\">Ven\u00e4j\u00e4n Mustanmeren laivaston edustaja <a class=\"article-personlink\" href=\"https:\/\/www.is.fi\/haku\/?query=Aleksei%20Rulev\" rel=\"nofollow noopener\" target=\"_blank\">Aleksei Rulev<\/a> on kiist\u00e4nyt, ett\u00e4 sukellusvene olisi vaurioitunut Ukrainan iskussa Novorossijskiin. Ven\u00e4j\u00e4n puolustusministeri\u00f6n Zvezda-kanava julkaisi eilen materiaalia, jossa v\u00e4itetysti n\u00e4kyy sukellusvene vahingoittumattomana.<\/p>\n<p class=\"article-body mb-nof-24 px-nof-16\">Ukrainan turvallisuuspalvelu SBU kertoi sunnuntaina iskeneens\u00e4 vedenalaisella meridroonilla Kilo-luokan sukellusveneeseen Ven\u00e4j\u00e4n Novorossijskin satamassa. SBU julkaisi my\u00f6s videon iskusta.<\/p>\n<p class=\"article-body mb-nof-24 px-nof-16\">Tiistaina ilmestyneiss\u00e4 satelliittikuvissa ei n\u00e4y vaurioita sukellusveneess\u00e4, vaan r\u00e4j\u00e4hdysj\u00e4lki laiturissa sukellusveneest\u00e4 ainakin noin 20 metrin p\u00e4\u00e4ss\u00e4.<\/p>\n<p><img decoding=\"async\" src=\"https:\/\/www.europesays.com\/fi\/wp-content\/uploads\/2025\/12\/1765975028_830_468.jpg\" alt=\"Satelliittikuva Novorossijskin satamasta Ukrainan iskun j\u00e4lkeen.\" class=\"_Img_1rerz_1\" style=\"aspect-ratio:1.3150684931506849\" loading=\"eager\"\/><\/p>\n<p class=\"article-picture-caption\">Satelliittikuva Novorossijskin satamasta Ukrainan iskun j\u00e4lkeen. Kuva:\u00a0Planet Labs PBC<\/p>\n<p class=\"article-body mb-nof-24 px-nof-16\">My\u00f6sk\u00e4\u00e4n Zvezdan julkaisemassa materiaalissa ei n\u00e4y vaurioita, mutta avoimiin l\u00e4hteisiin perehtyneet asiantuntijat ovat kiinnitt\u00e4neet huomiota siihen, ettei sukellus\u00adveneen per\u00e4 n\u00e4y videolla. Juuri per\u00e4 oli l\u00e4himp\u00e4n\u00e4 r\u00e4j\u00e4hdyst\u00e4.<\/p>\n<p class=\"article-body mb-nof-24 px-nof-16\">Lis\u00e4ksi Ukrainan julkaisemalla videolla n\u00e4kynyt toinen sukellusvene ei n\u00e4y en\u00e4\u00e4 tuoreissa satelliittikuvissa, kun taas iskun kohteena ollut sukellusvene ei n\u00e4yt\u00e4 liikkuneen vaan on yh\u00e4 laiturissa.<\/p>\n<p class=\"article-body mb-nof-24 px-nof-16\">Osint-asiantuntijoiden mukaan on mahdollista, ett\u00e4 vahinkoja olisi sukellusveneen per\u00e4ss\u00e4 kuten potkurissa tai per\u00e4simiss\u00e4, mutta n\u00e4m\u00e4 olisivat korjattavissa.<\/p>\n<p class=\"article-body mb-nof-24 px-nof-16\">Miehitt\u00e4m\u00e4tt\u00f6miin j\u00e4rjestelmiin perehtynyt asiantuntija <a class=\"article-personlink\" href=\"https:\/\/www.is.fi\/haku\/?query=H.%20I.%20Sutton\" rel=\"nofollow noopener\" target=\"_blank\">H. I. Sutton<\/a> pit\u00e4\u00e4 iskua merkitt\u00e4v\u00e4n\u00e4 riippumatta siit\u00e4, vaurioituiko sukellusvene vai ei.<\/p>\n<p class=\"article-body mb-nof-24 px-nof-16\">\u2013\u2009T\u00e4m\u00e4n vaikutus ei ole vain yhden sukellusveneen poistaminen vaan se on paljon strategisempi. Ven\u00e4j\u00e4ll\u00e4 on vain kaksi suurta satamaa Mustallamerell\u00e4. Toinen on Sevastopol Krimin niemimaalla ja toinen Novorossijsk. He ovat jo vet\u00e4ytyneet Sevastopolin tukikohdasta toistuvien ohjusiskujen ja miehitt\u00e4m\u00e4tt\u00f6mien j\u00e4rjestelmien iskujen takia, Sutton muistutti Youtubessa julkaistussa videossa.<\/p>\n<p class=\"article-body mb-nof-24 px-nof-16\">Ven\u00e4j\u00e4ll\u00e4 on lis\u00e4ksi kuohuttanut se, kuinka SBU:n video on ilmeisesti Ven\u00e4j\u00e4n Novorossijskin laivastotukikohdan p\u00e4\u00e4majan valvontakameran kuvaa, Institute for the Study of War huomioi. ISW:n mukaan se ei kuitenkaan pysty arvioimaan sukellusveneen mahdollisia vahinkoja saatavilla olevasta materiaalista.<\/p>\n","protected":false},"excerpt":{"rendered":"Ukrainan mukaan iskun kohteena oli Kilo-luokan sukellusvene. Mahdollisista vahingoista ei ole varmuutta. Ven\u00e4j\u00e4n Mustanmeren laivaston edustaja Aleksei Rulev&hellip;\n","protected":false},"author":2,"featured_media":118792,"comment_status":"","ping_status":"","sticky":false,"template":"","format":"standard","meta":{"footnotes":""},"categories":[14],"tags":[22,23,26,27,33,31,30,17,34,24,25,28,29,15,18,21,32,19,20,56,16,59,60,61],"class_list":{"0":"post-118791","1":"post","2":"type-post","3":"status-publish","4":"format-standard","5":"has-post-thumbnail","7":"category-ulkomaat","8":"tag-breaking-news","9":"tag-breakingnews","10":"tag-featured-news","11":"tag-featurednews","12":"tag-fi","13":"tag-finland","14":"tag-finnish","15":"tag-headlines","16":"tag-ilta-sanomat","17":"tag-latest-news","18":"tag-latestnews","19":"tag-main-news","20":"tag-mainnews","21":"tag-news","22":"tag-otsikot","23":"tag-paauutiset","24":"tag-suomi","25":"tag-top-stories","26":"tag-topstories","27":"tag-ulkomaat","28":"tag-uutiset","29":"tag-world","30":"tag-world-news","31":"tag-worldnews"},"share_on_mastodon":{"url":"https:\/\/pubeurope.com\/@fi\/115734947531494086","error":""},"_links":{"self":[{"href":"https:\/\/www.europesays.com\/fi\/wp-json\/wp\/v2\/posts\/118791","targetHints":{"allow":["GET"]}}],"collection":[{"href":"https:\/\/www.europesays.com\/fi\/wp-json\/wp\/v2\/posts"}],"about":[{"href":"https:\/\/www.europesays.com\/fi\/wp-json\/wp\/v2\/types\/post"}],"author":[{"embeddable":true,"href":"https:\/\/www.europesays.com\/fi\/wp-json\/wp\/v2\/users\/2"}],"replies":[{"embeddable":true,"href":"https:\/\/www.europesays.com\/fi\/wp-json\/wp\/v2\/comments?post=118791"}],"version-history":[{"count":0,"href":"https:\/\/www.europesays.com\/fi\/wp-json\/wp\/v2\/posts\/118791\/revisions"}],"wp:featuredmedia":[{"embeddable":true,"href":"https:\/\/www.europesays.com\/fi\/wp-json\/wp\/v2\/media\/118792"}],"wp:attachment":[{"href":"https:\/\/www.europesays.com\/fi\/wp-json\/wp\/v2\/media?parent=118791"}],"wp:term":[{"taxonomy":"category","embeddable":true,"href":"https:\/\/www.europesays.com\/fi\/wp-json\/wp\/v2\/categories?post=118791"},{"taxonomy":"post_tag","embeddable":true,"href":"https:\/\/www.europesays.com\/fi\/wp-json\/wp\/v2\/tags?post=118791"}],"curies":[{"name":"wp","href":"https:\/\/api.w.org\/{rel}","templated":true}]}}