{"id":118797,"date":"2025-12-17T12:51:10","date_gmt":"2025-12-17T12:51:10","guid":{"rendered":"https:\/\/www.europesays.com\/fi\/118797\/"},"modified":"2025-12-17T12:51:10","modified_gmt":"2025-12-17T12:51:10","slug":"olga-temosen-ravintolassa-nayttava-joulukoriste-nain-julkkikset-toivat-kotiinsa-joulutunnelmaa","status":"publish","type":"post","link":"https:\/\/www.europesays.com\/fi\/118797\/","title":{"rendered":"Olga Temosen ravintolassa n\u00e4ytt\u00e4v\u00e4 joulukoriste \u2013 N\u00e4in julkkikset toivat kotiinsa joulutunnelmaa"},"content":{"rendered":"<p>Iltalehti kokosi julkisuudesta tunnettujen suomalaisten p\u00e4ivityksi\u00e4 joulukoristeistaan. Joukossa on my\u00f6s marraskuussa kuolleen Olga Temosen Rehtori-ravintolan henkil\u00f6kunnan julkaisu ravintolan n\u00e4ytt\u00e4v\u00e4st\u00e4 joulukuusesta.<\/p>\n<p><img decoding=\"async\" class=\"image image-show image-preview\" src=\"https:\/\/www.europesays.com\/fi\/wp-content\/uploads\/2025\/11\/318ee783da6a90116bbc24bdba5d81ef2188f124994d2d036c62a33ea87f5afd.png\" alt=\"\"\/><img decoding=\"async\" class=\"image image-show\" src=\"https:\/\/www.europesays.com\/fi\/wp-content\/uploads\/2025\/11\/1764250511_323_318ee783da6a90116bbc24bdba5d81ef2188f124994d2d036c62a33ea87f5afd.png\" alt=\"\"\/><\/p>\n<p>Olga Temosen perustamaan ravintolaan on tuotu joulutunnelmaa. Pete Anikari<\/p>\n<p class=\"paragraph\">Monet suomalaiset ovat valmistautuneet jouluun koristelemalla kotinsa juhlapyh\u00e4n mukaisesti. Iltalehti kokosi t\u00e4h\u00e4n juttuun julkkisten kuvia joulukoristeluistaan.<\/p>\n<p class=\"paragraph\">Marraskuussa <a href=\"https:\/\/www.iltalehti.fi\/viihdeuutiset\/debe9e85-dd1a-4668-9e55-c4ee09080146\" rel=\"nofollow noopener\" target=\"_blank\">kuolleen<\/a> n\u00e4yttelij\u00e4n <strong>Olga Temosen<\/strong>, 47, Rehtori-ravintolaan on tuotu joulutunnelmaa n\u00e4ytt\u00e4v\u00e4ll\u00e4 joulukuusella. Iitiss\u00e4 sijaitsevan ravintolan <a href=\"https:\/\/www.instagram.com\/p\/DR1zQhQiGrb\/\" target=\"_blank\" rel=\"noopener nofollow\">Instagram<\/a>-tilill\u00e4 on julkaistu kuva, jossa suuri joulukuusi on pystytetty baaritiskin ja yhden ruokap\u00f6yd\u00e4n v\u00e4liin.<\/p>\n<p class=\"paragraph\">Joulukuusi on koristeltu kynttil\u00e4valoilla sek\u00e4 kultaisilla ja punaisilla joulupalloilla. Perinteist\u00e4 poiketen kuusen latvaan ei ole ripustettu t\u00e4hte\u00e4.<\/p>\n<p class=\"paragraph\">\u2013 Joulukuusi on saapunut Rehtoriin, p\u00e4ivityksess\u00e4 lukee.<\/p>\n<p class=\"paragraph\">Aivosy\u00f6p\u00e4\u00e4 sairastanut Olga siunattiin haudan lepoon 29. marraskuuta Iitin kirkossa. Olgan kuoleman my\u00f6t\u00e4 Rehtoria johtaa h\u00e4nen aviomiehens\u00e4, ohjaaja <strong>Tuukka Temonen<\/strong>, 50.<\/p>\n<p class=\"paragraph\">N\u00e4yttelij\u00e4 <strong>Sara Parikka<\/strong>, 34, esitteli kotinsa joulukoristeita <a href=\"https:\/\/www.instagram.com\/p\/DRu9wbajai9\/?img_index=6\" target=\"_blank\" rel=\"noopener nofollow\">Instagram<\/a>-julkaisussaan jo joulukuun alussa.<\/p>\n<p class=\"paragraph\">Karusellijulkaisun ensimm\u00e4isess\u00e4 kuvassa n\u00e4kyy joulukuusi olohuoneen nurkassa. Takkatulen edess\u00e4 makoilee h\u00e4nen puolisonsa, n\u00e4yttelij\u00e4 <strong>Mikko Parikka<\/strong>, 37, heid\u00e4n uuden perheenj\u00e4senens\u00e4 kanssa. Parikoiden nelj\u00e4s lapsi <a href=\"https:\/\/www.iltalehti.fi\/viihdeuutiset\/5cdb5cb8-c407-4934-b600-0fd1ef9075b0\" rel=\"nofollow noopener\" target=\"_blank\">syntyi<\/a> lokakuussa.<\/p>\n<p class=\"paragraph\">\u2013 Niin mukavaa, Parikka tunnelmoi p\u00e4ivityksess\u00e4\u00e4n.<\/p>\n<p class=\"paragraph\">Nelj\u00e4nteen otokseen on ikuistettu hetki, kun perheen muut lapset koristelevat joulukuusta. Viimeisess\u00e4 kuvassa n\u00e4kyy, ett\u00e4 joulukuusen koristeisiin kuuluvat muun muassa koira-, kaakaomuki- ja sateenkaarikoristeet sek\u00e4 karkkikepit.<\/p>\n<p class=\"paragraph\">P\u00e4ivityksen toisessa kuvassa n\u00e4kyy ikkunalaudalla tonttuovi, jonka edess\u00e4 on muun muassa makaava peura, pikkukuusi ja nojatuoli reen p\u00e4\u00e4ll\u00e4.<\/p>\n<p>Sara Parikan perheen joulukuusi on koristeltu muun muassa karkkikepeill\u00e4. Inka Soveri<\/p>\n<p class=\"paragraph\">Tonttuja l\u00f6ytyy my\u00f6s mediapersoona ja psyykkinen ravintovalmentaja <strong>Eveliina Uosukaisen<\/strong> ja h\u00e4nen puolisonsa <strong>Joni Rintalan<\/strong> kodista. Pari kertoo <a href=\"https:\/\/www.instagram.com\/p\/DSUfluHCOkN\/?img_index=1\" target=\"_blank\" rel=\"noopener nofollow\">Instagram<\/a>-tilill\u00e4\u00e4n Rintalanperhe, ett\u00e4 tonttukoristeet liittyv\u00e4t heid\u00e4n perheens\u00e4 jouluperinteeseen.<\/p>\n<p class=\"paragraph\">\u2013 Joka vuosi uusi tonttu seurailee lapsia joulun alla ja j\u00e4tt\u00e4\u00e4 \u00f6isin kirjeen tontun ovelle. Meid\u00e4n viikolla tonttu on t\u00e4n\u00e4 vuonna j\u00e4tt\u00e4nyt my\u00f6s yll\u00e4reit\u00e4, joihin se on viitannut kirjeill\u00e4\u00e4n. Voi sit\u00e4 lasten innostusta, kun he ovat tulleet aamuisin her\u00e4tt\u00e4m\u00e4\u00e4n ja kertomaan, mit\u00e4 tonttu on taas y\u00f6ll\u00e4 tehnyt.<\/p>\n<p>Eveliina Uosukainen ja Joni Rintala odottavat parhaillaan perheenlis\u00e4yst\u00e4. Timur Yilmaz<\/p>\n<p class=\"paragraph\">P\u00e4ivityksen ensimm\u00e4isess\u00e4 kuvassa kaksi tonttua ovat rakentaneet s\u00e4ilykepurkeista ja talouspaperista itselleen tikkaat, joilla kiivet\u00e4 piparikulhon luokse. Toisessa otoksessa tontut istuvat juomalasin \u00e4\u00e4rell\u00e4 tonttuovensa ulkopuolella. Seuraavassa kuvassa tontut ovat siirtyneet harjaamaan takapuoliaan hammasharjoilla.<\/p>\n<p class=\"paragraph\">\u2013 Lainasimme peppuharjojamme, kuvan yhteydess\u00e4 lukee.<\/p>\n<p class=\"paragraph\">Yhdess\u00e4 kuvassa \u201disi-tonttu\u201d on lasisen ev\u00e4srasian sis\u00e4ll\u00e4 ja pitelee k\u00e4si\u00e4\u00e4n suunsa edess\u00e4.<\/p>\n<p class=\"paragraph\">\u2013 Isi pieraisi piilossa hajuilta, p\u00e4ivityksess\u00e4 selitet\u00e4\u00e4n kuvan vitsi\u00e4.<\/p>\n<p class=\"paragraph\">Yksi luovimmista kuvista on se, jossa tontut istuvat voileipien edess\u00e4. Voileiviss\u00e4 on ruskeaa levitett\u00e4.<\/p>\n<p class=\"paragraph\">\u2013 Teimme teille aamupalaa, julkaisussa lukee kakkaemojin kera.<\/p>\n<p class=\"paragraph\">Uosukainen ja Rintala ilmoittivat elokuussa, ett\u00e4 heille on tulossa <a href=\"https:\/\/www.iltalehti.fi\/viihdeuutiset\/d3e3c558-cef4-48b9-897f-bfad956e48ba\" rel=\"nofollow noopener\" target=\"_blank\">perheenlis\u00e4yst\u00e4<\/a>. He ovat puhuneet avoimesti siit\u00e4, ett\u00e4 lapsi sai alkunsa Selviytyj\u00e4t Suomi -ohjelman kuvauksissa.<\/p>\n<p class=\"paragraph\">Lokakuussa eronnut somevaikuttaja <strong>Janne Naakka<\/strong> p\u00e4\u00e4tti jakaa <a href=\"https:\/\/www.instagram.com\/p\/DSKw6GfDVI-\/?utm_source=chatgpt.com&amp;img_index=3\" target=\"_blank\" rel=\"noopener nofollow\">Instagram<\/a>-julkaisussaan, milt\u00e4 n\u00e4ytt\u00e4\u00e4 \u201d31-vuotiaan miehen poikamiesboksin joulusisustus\u201d.<\/p>\n<p class=\"paragraph\">P\u00e4ivityksen kuvissa n\u00e4kyy, ett\u00e4 olohuoneen p\u00f6yd\u00e4lle on aseteltu kynttil\u00f6it\u00e4 ja sohvan p\u00e4\u00e4lle on laitettu tumma talja. Kynttil\u00f6it\u00e4 l\u00f6ytyy my\u00f6s muun muassa kylpyhuoneesta.<\/p>\n<p class=\"paragraph\">Joihinkin keitti\u00f6n yl\u00e4kaappeihin on kiinnitetty joulukranssit. Keitti\u00f6np\u00f6yd\u00e4n p\u00e4\u00e4ll\u00e4 on jouluiset kynttil\u00e4njalat sek\u00e4 keraamiset minijoulukuuset.<\/p>\n<p>Janne Naakan joulukoristeisiin kuuluvat muun muassa kynttil\u00e4t ja kausivalot. Timur Yilmaz<\/p>\n<p class=\"paragraph\">Keitti\u00f6np\u00f6yd\u00e4n viereen on pystytetty pieni joulukuusi, joka on hopeisten nauhakoristeiden peitossa. Nauhojen alta pilkist\u00e4\u00e4 hieman jouluvaloja, ja kuusen latvaan on ripustettu punainen rusetti. Ruokailutilan ikkunoissa roikkuvat valkoiset jouluvalot.<\/p>\n<p class=\"paragraph\">Makuuhuoneessa joulutunnelmaa tuovat t\u00e4htikoristeet, joita on aseteltu s\u00e4ngyn p\u00e4\u00e4tyyn ja ty\u00f6p\u00f6yd\u00e4lle.<\/p>\n<p class=\"paragraph\">Somevaikuttaja ja vuoden 2011 Miss Suomi <strong>Sara Siepin<\/strong>, 34, kodista ei puutu jouluvaloja. Siepin <a href=\"https:\/\/www.instagram.com\/p\/DSF0GclDYSP\/?img_index=3\" target=\"_blank\" rel=\"noopener nofollow\">Instagram<\/a>-julkaisussa n\u00e4kyy, ett\u00e4 h\u00e4n on ripustellut jouluvaloja olohuoneensa oviaukkoon verhomaiseen tyyliin.<\/p>\n<p class=\"paragraph\">Olohuoneessa on my\u00f6s joulukuusi, jossa on lis\u00e4\u00e4 valoja sek\u00e4 suuria joulupalloja ja karkkikeppej\u00e4. Kuusen alle on jo laitettu joululahjoja. Ruokap\u00f6yd\u00e4ss\u00e4 on tarjolla muun muassa viiniryp\u00e4leit\u00e4, joulutorttuja, juustoja sek\u00e4 suolakeksej\u00e4.<\/p>\n<p class=\"paragraph\">\u2013 Joulukoti paras koti, Sieppi kirjoittaa kuvatekstiss\u00e4\u00e4n.<\/p>\n<p><script async src=\"\/\/www.instagram.com\/embed.js\"><\/script><\/p>\n","protected":false},"excerpt":{"rendered":"Iltalehti kokosi julkisuudesta tunnettujen suomalaisten p\u00e4ivityksi\u00e4 joulukoristeistaan. Joukossa on my\u00f6s marraskuussa kuolleen Olga Temosen Rehtori-ravintolan henkil\u00f6kunnan julkaisu ravintolan&hellip;\n","protected":false},"author":2,"featured_media":118798,"comment_status":"","ping_status":"","sticky":false,"template":"","format":"standard","meta":{"footnotes":""},"categories":[136],"tags":[35,407,137,33,31,30,17695,3674,408,14442,99,98,32,109],"class_list":{"0":"post-118797","1":"post","2":"type-post","3":"status-publish","4":"format-standard","5":"has-post-thumbnail","7":"category-julkkikset","8":"tag-24h","9":"tag-celebrities","10":"tag-entertainment","11":"tag-fi","12":"tag-finland","13":"tag-finnish","14":"tag-jouluperinteet","15":"tag-juhla-ja-vapaapaivat","16":"tag-julkkikset","17":"tag-kansalliset-ja-kansainvaliset-juhlapaivat","18":"tag-lapset","19":"tag-perhe","20":"tag-suomi","21":"tag-viihde"},"share_on_mastodon":{"url":"https:\/\/pubeurope.com\/@fi\/115735002240422526","error":""},"_links":{"self":[{"href":"https:\/\/www.europesays.com\/fi\/wp-json\/wp\/v2\/posts\/118797","targetHints":{"allow":["GET"]}}],"collection":[{"href":"https:\/\/www.europesays.com\/fi\/wp-json\/wp\/v2\/posts"}],"about":[{"href":"https:\/\/www.europesays.com\/fi\/wp-json\/wp\/v2\/types\/post"}],"author":[{"embeddable":true,"href":"https:\/\/www.europesays.com\/fi\/wp-json\/wp\/v2\/users\/2"}],"replies":[{"embeddable":true,"href":"https:\/\/www.europesays.com\/fi\/wp-json\/wp\/v2\/comments?post=118797"}],"version-history":[{"count":0,"href":"https:\/\/www.europesays.com\/fi\/wp-json\/wp\/v2\/posts\/118797\/revisions"}],"wp:featuredmedia":[{"embeddable":true,"href":"https:\/\/www.europesays.com\/fi\/wp-json\/wp\/v2\/media\/118798"}],"wp:attachment":[{"href":"https:\/\/www.europesays.com\/fi\/wp-json\/wp\/v2\/media?parent=118797"}],"wp:term":[{"taxonomy":"category","embeddable":true,"href":"https:\/\/www.europesays.com\/fi\/wp-json\/wp\/v2\/categories?post=118797"},{"taxonomy":"post_tag","embeddable":true,"href":"https:\/\/www.europesays.com\/fi\/wp-json\/wp\/v2\/tags?post=118797"}],"curies":[{"name":"wp","href":"https:\/\/api.w.org\/{rel}","templated":true}]}}