{"id":118807,"date":"2025-12-17T13:03:08","date_gmt":"2025-12-17T13:03:08","guid":{"rendered":"https:\/\/www.europesays.com\/fi\/118807\/"},"modified":"2025-12-17T13:03:08","modified_gmt":"2025-12-17T13:03:08","slug":"trumpin-oikealta-kadelta-kummallinen-haastattelu-valkoinen-talo-reagoi-heti","status":"publish","type":"post","link":"https:\/\/www.europesays.com\/fi\/118807\/","title":{"rendered":"Trumpin oikealta k\u00e4delt\u00e4 kummallinen haastattelu \u2013 Valkoinen talo reagoi heti"},"content":{"rendered":"<p>Haastattelu on saanut paljon huomiota Yhdysvalloissa.<\/p>\n<p><img decoding=\"async\" class=\"image image-show image-preview\" src=\"https:\/\/www.europesays.com\/fi\/wp-content\/uploads\/2025\/12\/f339e0d715dbd69f070b3f2f84b74c77863468e88ec6182ad0bda0cb0228a645.jpg\" alt=\"\"\/><img decoding=\"async\" class=\"image image-show\" src=\"https:\/\/www.europesays.com\/fi\/wp-content\/uploads\/2025\/12\/1765976588_973_f339e0d715dbd69f070b3f2f84b74c77863468e88ec6182ad0bda0cb0228a645.jpg\" alt=\"\"\/><\/p>\n<p>Trumpin kansliap\u00e4\u00e4llikk\u00f6 antoi huomiota her\u00e4tt\u00e4neit\u00e4 lausuntoja medialle. ALL OVER PRESS<\/p>\n<p class=\"paragraph\">Valkoisen talon kansliap\u00e4\u00e4llikk\u00f6 <strong>Susie Wiles<\/strong> on antanut huomiota her\u00e4tt\u00e4neen haastattelun, jossa h\u00e4n puhuu sek\u00e4 Yhdysvaltain presidentist\u00e4 ett\u00e4 useista hallinnon j\u00e4senist\u00e4 poikkeuksellisella tavalla.<\/p>\n<p class=\"paragraph\">Presidentti <strong>Donald Trumpin<\/strong> oikeana k\u00e4ten\u00e4 tunnettu Wiles muun muassa sanoi yhdysvaltalaismedian mukaan Trumpilla olevan \u201dalkoholistin persoonallisuus\u201d. Itse\u00e4\u00e4n \u201dpieneksi suurten persoonallisuuksien asiantuntijaksi\u201d kutsunut Wiles totesi my\u00f6s Trumpilla olevan toiminnassaan sellainen ajatus, ettei ole mit\u00e4\u00e4n, mit\u00e4 h\u00e4n ei voisi tehd\u00e4.<\/p>\n<p class=\"paragraph\"><a href=\"https:\/\/www.vanityfair.com\/news\/story\/trump-susie-wiles-interview-exclusive-part-2\" target=\"_blank\" rel=\"noopener nofollow\">Vanity Fair<\/a> -aikakauslehdess\u00e4 julkaistusta haastattelusta ovat uutisoineet esimerkiksi <a href=\"https:\/\/www.washingtonpost.com\/politics\/2025\/12\/16\/wiles-trump-vanity-fair\/\" target=\"_blank\" rel=\"noopener nofollow\">The Washington Post<\/a>, <a href=\"https:\/\/www.axios.com\/2025\/12\/16\/trump-susie-wiles-interview-vanity-fair-alcoholic\" target=\"_blank\" rel=\"noopener nofollow\">Axios<\/a> ja <a href=\"https:\/\/www.politico.com\/news\/2025\/12\/16\/why-vanity-fair-aides-and-allies-wonder-what-wiles-west-wing-were-thinking-extremely-demoralizing-republicans-respond-to-the-bombastic-wiles-interview-00693821\" target=\"_blank\" rel=\"noopener nofollow\">Politico<\/a>.<\/p>\n<p class=\"paragraph\">\u2013 Miksi Vanity Fair? Ihmetteli amerikkalaismedialle er\u00e4s Valkoisen talon virkamies. He eiv\u00e4t ole koskaan olleet kovinkaan hyvi\u00e4 meille.<\/p>\n<p class=\"paragraph\">\u2013 Hyvin, hyvin outoa, ihmettelev\u00e4t nimett\u00f6m\u00e4n\u00e4 pysyttelev\u00e4t l\u00e4hteet Politicolle.<\/p>\n<p>Susie Wiles kuvattuna kes\u00e4ll\u00e4 Oval Officessa. ZumaWire \/ MVPHOTOS<\/p>\n<p class=\"paragraph\">Wiles esitti haastattelussa The Washington Postin mukaan my\u00f6s arvionsa hallinnon tavasta k\u00e4sitell\u00e4 <strong>Jeffrey Epsteiniin<\/strong> liittyvi\u00e4 asioita. Oikeusministeri <strong>Pam Bondi<\/strong> oli Wilesin mukaan \u201dt\u00e4ysin hukassa\u201d k\u00e4sitelless\u00e4\u00e4n Epstein-asiakirjoja.<\/p>\n<p class=\"paragraph\">Varapresidentti <strong>J. D. Vancea<\/strong> Wiles puolestaan kutsui salaliittoteoreetikoksi.<\/p>\n<p>N\u00e4in Trump kommentoi<\/p>\n<p class=\"paragraph\">Trump ei n\u00e4yt\u00e4 kuitenkaan k\u00e4\u00e4nt\u00e4neen selk\u00e4\u00e4ns\u00e4 luottoavustajalleen kommentoidessaan asiaa <a href=\"https:\/\/nypost.com\/2025\/12\/16\/us-news\/trump-stands-by-chief-of-staff-susie-wiles-after-bombshell-vanity-fair-interviews-admits-he-has-alcoholics-personality\/\" target=\"_blank\" rel=\"noopener nofollow\">New York Postille<\/a>.<\/p>\n<p class=\"paragraph\">\u2013 En lukenut sit\u00e4, mutta en luekaan Vanity Fairia. H\u00e4n on tehnyt fantastista ty\u00f6t\u00e4. Kuulemani perusteella faktat olivat v\u00e4\u00e4rin, ja haastattelija eritt\u00e4in harhaanjohtava, tarkoituksellisesti harhaanjohtava, Trump kommentoi.<\/p>\n<p class=\"paragraph\">Samaisessa haastattelussa Trump sanoi Wilesin olleen \u201doikeassa\u201d sanoessaan, ett\u00e4 presidentill\u00e4 on \u201dalkoholistin persoonallisuus\u201d. Presidentti itse totesikin, ett\u00e4 h\u00e4nen persoonallisuutensa on \u201domistushaluinen ja addiktiivinen\u201d.<\/p>\n<p class=\"paragraph\">Valkoisesta talosta on muutoinkin kiirehditty puolustamaan Wilesia laajalla rintamalla. Axiosin mukaan l\u00e4hes koko Trumpin hallinto mukaan lukien valtiovarainministeri <strong>Scott Bessent,<\/strong> puolustusministeri <strong>Pete Hegseth<\/strong> ja sis\u00e4ministeri <strong>Doug Burgum<\/strong> ovat puolustaneet Wilesia.<\/p>\n<p class=\"paragraph\">Lehdist\u00f6sihteeri <strong>Karoline Leavittin<\/strong> mukaan toimittaja j\u00e4tti mainitsematta kaikki my\u00f6nteiset asiat, joita haastattelussa sanottiin presidentist\u00e4 ja Valkoisen talon sis\u00e4isest\u00e4 toiminnasta.<\/p>\n<p class=\"paragraph\">Trumpin hallinnosta tulleiden puolustuspuheiden laajuutta voidaan kaikkiaan pit\u00e4\u00e4 poikkeuksellisena. Artikkelin julkaisun j\u00e4lkeen Wiles itse kutsui juttua \u201dvilpillisesti muotoilluksi mustamaalausjutuksi\u201d, muttei kiist\u00e4nyt esitt\u00e4neens\u00e4 julki tulleita kommentteja.<\/p>\n<p class=\"paragraph\">68-vuotias Wiles teki aiemmin <a href=\"https:\/\/www.iltalehti.fi\/ulkomaat\/91f32a3b-8c3f-4587-bc51-7854a4a40885\" rel=\"nofollow noopener\" target=\"_blank\">historiaa<\/a>, kun h\u00e4net nimitettiin kaikkien aikojen ensimm\u00e4iseksi naispuoliseksi kansliap\u00e4\u00e4llik\u00f6ksi Valkoiseen taloon. Toistaiseksi h\u00e4n n\u00e4ytt\u00e4\u00e4 nauttivan hallinnon vahvaa luottamusta.<\/p>\n","protected":false},"excerpt":{"rendered":"Haastattelu on saanut paljon huomiota Yhdysvalloissa. Trumpin kansliap\u00e4\u00e4llikk\u00f6 antoi huomiota her\u00e4tt\u00e4neit\u00e4 lausuntoja medialle. ALL OVER PRESS Valkoisen talon&hellip;\n","protected":false},"author":2,"featured_media":118808,"comment_status":"","ping_status":"","sticky":false,"template":"","format":"standard","meta":{"footnotes":""},"categories":[14],"tags":[35,22,23,26,27,33,31,30,17,24,25,28,29,15,18,21,142,637,144,32,19,20,56,16,638,59,60,61,143],"class_list":{"0":"post-118807","1":"post","2":"type-post","3":"status-publish","4":"format-standard","5":"has-post-thumbnail","7":"category-ulkomaat","8":"tag-24h","9":"tag-breaking-news","10":"tag-breakingnews","11":"tag-featured-news","12":"tag-featurednews","13":"tag-fi","14":"tag-finland","15":"tag-finnish","16":"tag-headlines","17":"tag-latest-news","18":"tag-latestnews","19":"tag-main-news","20":"tag-mainnews","21":"tag-news","22":"tag-otsikot","23":"tag-paauutiset","24":"tag-poliitikot","25":"tag-politiikka","26":"tag-presidentti","27":"tag-suomi","28":"tag-top-stories","29":"tag-topstories","30":"tag-ulkomaat","31":"tag-uutiset","32":"tag-valtiovalta","33":"tag-world","34":"tag-world-news","35":"tag-worldnews","36":"tag-yhdysvaltain-politiikka"},"share_on_mastodon":{"url":"https:\/\/pubeurope.com\/@fi\/115735049744474888","error":""},"_links":{"self":[{"href":"https:\/\/www.europesays.com\/fi\/wp-json\/wp\/v2\/posts\/118807","targetHints":{"allow":["GET"]}}],"collection":[{"href":"https:\/\/www.europesays.com\/fi\/wp-json\/wp\/v2\/posts"}],"about":[{"href":"https:\/\/www.europesays.com\/fi\/wp-json\/wp\/v2\/types\/post"}],"author":[{"embeddable":true,"href":"https:\/\/www.europesays.com\/fi\/wp-json\/wp\/v2\/users\/2"}],"replies":[{"embeddable":true,"href":"https:\/\/www.europesays.com\/fi\/wp-json\/wp\/v2\/comments?post=118807"}],"version-history":[{"count":0,"href":"https:\/\/www.europesays.com\/fi\/wp-json\/wp\/v2\/posts\/118807\/revisions"}],"wp:featuredmedia":[{"embeddable":true,"href":"https:\/\/www.europesays.com\/fi\/wp-json\/wp\/v2\/media\/118808"}],"wp:attachment":[{"href":"https:\/\/www.europesays.com\/fi\/wp-json\/wp\/v2\/media?parent=118807"}],"wp:term":[{"taxonomy":"category","embeddable":true,"href":"https:\/\/www.europesays.com\/fi\/wp-json\/wp\/v2\/categories?post=118807"},{"taxonomy":"post_tag","embeddable":true,"href":"https:\/\/www.europesays.com\/fi\/wp-json\/wp\/v2\/tags?post=118807"}],"curies":[{"name":"wp","href":"https:\/\/api.w.org\/{rel}","templated":true}]}}