{"id":118811,"date":"2025-12-17T13:05:09","date_gmt":"2025-12-17T13:05:09","guid":{"rendered":"https:\/\/www.europesays.com\/fi\/118811\/"},"modified":"2025-12-17T13:05:09","modified_gmt":"2025-12-17T13:05:09","slug":"espoo-helsinki-ja-vantaa-tukemassa-ukrainan-jalleenrakennusta-kaupungit-ja-yritykset-kohtasivat-otaniemessa","status":"publish","type":"post","link":"https:\/\/www.europesays.com\/fi\/118811\/","title":{"rendered":"Espoo, Helsinki ja Vantaa tukemassa Ukrainan j\u00e4lleenrakennusta \u2013 kaupungit ja yritykset kohtasivat Otaniemess\u00e4"},"content":{"rendered":"<p>Tapahtuman j\u00e4rjesti Business Finland yhteisty\u00f6ss\u00e4 Espoon, Helsingin ja Vantaan kaupunkien kanssa. P\u00e4iv\u00e4n ytimess\u00e4 oli suora vuoropuhelu ukrainalaisten kaupunkien ajankohtaisista tarpeista ja siit\u00e4, miten suomalaisyritykset voivat vastata niihin k\u00e4yt\u00e4nn\u00f6n ratkaisuilla.<\/p>\n<p>Tilaisuuteen osallistuivat Espoon kumppanikaupunki Kryvyi Rih, Helsingin kumppanikaupunki Dnipro sek\u00e4 Vantaan kumppanikaupunki Boryspil. Kaupunkien edustajat kuvasivat avoimesti j\u00e4lleenrakennuksen t\u00e4m\u00e4nhetkisi\u00e4 haasteita ja kiireellisimpi\u00e4 kehitystarpeita.<\/p>\n<p>Konkreettisia tarpeita ja uusia mahdollisuuksia yrityksille<\/p>\n<p>Ukrainalaiskaupunkien puheenvuoroissa korostuivat erityisesti kriittisen infrastruktuurin kunnostaminen, energiaratkaisut sek\u00e4 digitaaliset palvelut, joilla kaupunkien toimintakyky\u00e4 voidaan vahvistaa poikkeusoloissa. N\u00e4m\u00e4 ovat aloja, joilla espoolaisilla ja suomalaisilla yrityksill\u00e4 on vahvaa osaamista ja kansainv\u00e4list\u00e4 kokemusta.<\/p>\n<p>Tilaisuudessa kuultiin my\u00f6s Business Finlandin asiantuntijoiden puheenvuoroja siit\u00e4, millaisia rahoitus- ja verkostoitumismahdollisuuksia on tarjolla yrityksille, jotka haluavat osallistua Ukrainan j\u00e4lleenrakennushankkeisiin.<\/p>\n<p>\u201dUkrainan j\u00e4lleenrakennus on mittava ja pitk\u00e4j\u00e4nteinen teht\u00e4v\u00e4, jossa tarvitaan laajaa osaamista. Espoolaisilla yrityksill\u00e4 on innovaatioita ja ratkaisuja, joista on todellista hy\u00f6ty\u00e4 kumppanikaupungillemme Kryvyi Rihille ja koko Ukrainalle. T\u00e4m\u00e4n p\u00e4iv\u00e4n tilaisuus tarjoaa alustan vuoropuhelulle, uusille ideoille ja toivolle,\u201d toteaa <strong>Teemu Haapalehto<\/strong>, Espoon kaupungin elinkeinojohtaja.<\/p>\n<p>Vilkasta keskustelua ja suoria kohtaamisia<\/p>\n<p>Otaniemen A Gridiss\u00e4 j\u00e4rjestetty tilaisuus ker\u00e4si runsaasti osallistujia kaupungeista, yrityksist\u00e4 ja sidosryhmist\u00e4. Keskustelu oli vilkasta erityisesti verkostoitumisjaksojen aikana, jolloin yritysten edustajat p\u00e4\u00e4siv\u00e4t esittelem\u00e4\u00e4n ratkaisujaan suoraan ukrainalaisille kaupunkien edustajille.<\/p>\n<p>Iltap\u00e4iv\u00e4 huipentui kasvokkain k\u00e4ytyihin keskusteluihin mahdollisista jatkotoimista ja yhteisty\u00f6avauksista. Tilaisuus osoitti, ett\u00e4 halu tukea Ukrainaa on vahva \u2013 ja ett\u00e4 suomalaisilla yrityksill\u00e4 ja kaupungeilla on konkreettisia keinoja osallistua maan j\u00e4lleenrakennukseen.<\/p>\n<p>Tilaisuus oli osa pidemp\u00e4\u00e4 yhteisty\u00f6t\u00e4, jonka tavoitteena on edist\u00e4\u00e4 Ukrainan kest\u00e4v\u00e4\u00e4 j\u00e4lleenrakennusta ja luoda samalla uusia kansainv\u00e4lisi\u00e4 mahdollisuuksia suomalaisille yrityksille.<\/p>\n","protected":false},"excerpt":{"rendered":"Tapahtuman j\u00e4rjesti Business Finland yhteisty\u00f6ss\u00e4 Espoon, Helsingin ja Vantaan kaupunkien kanssa. P\u00e4iv\u00e4n ytimess\u00e4 oli suora vuoropuhelu ukrainalaisten kaupunkien&hellip;\n","protected":false},"author":2,"featured_media":118812,"comment_status":"","ping_status":"","sticky":false,"template":"","format":"standard","meta":{"footnotes":""},"categories":[5],"tags":[22,23,26,27,33,31,30,17,24,25,28,29,15,18,21,32,19,20,16],"class_list":{"0":"post-118811","1":"post","2":"type-post","3":"status-publish","4":"format-standard","5":"has-post-thumbnail","7":"category-otsikot","8":"tag-breaking-news","9":"tag-breakingnews","10":"tag-featured-news","11":"tag-featurednews","12":"tag-fi","13":"tag-finland","14":"tag-finnish","15":"tag-headlines","16":"tag-latest-news","17":"tag-latestnews","18":"tag-main-news","19":"tag-mainnews","20":"tag-news","21":"tag-otsikot","22":"tag-paauutiset","23":"tag-suomi","24":"tag-top-stories","25":"tag-topstories","26":"tag-uutiset"},"share_on_mastodon":{"url":"https:\/\/pubeurope.com\/@fi\/115735057115446664","error":""},"_links":{"self":[{"href":"https:\/\/www.europesays.com\/fi\/wp-json\/wp\/v2\/posts\/118811","targetHints":{"allow":["GET"]}}],"collection":[{"href":"https:\/\/www.europesays.com\/fi\/wp-json\/wp\/v2\/posts"}],"about":[{"href":"https:\/\/www.europesays.com\/fi\/wp-json\/wp\/v2\/types\/post"}],"author":[{"embeddable":true,"href":"https:\/\/www.europesays.com\/fi\/wp-json\/wp\/v2\/users\/2"}],"replies":[{"embeddable":true,"href":"https:\/\/www.europesays.com\/fi\/wp-json\/wp\/v2\/comments?post=118811"}],"version-history":[{"count":0,"href":"https:\/\/www.europesays.com\/fi\/wp-json\/wp\/v2\/posts\/118811\/revisions"}],"wp:featuredmedia":[{"embeddable":true,"href":"https:\/\/www.europesays.com\/fi\/wp-json\/wp\/v2\/media\/118812"}],"wp:attachment":[{"href":"https:\/\/www.europesays.com\/fi\/wp-json\/wp\/v2\/media?parent=118811"}],"wp:term":[{"taxonomy":"category","embeddable":true,"href":"https:\/\/www.europesays.com\/fi\/wp-json\/wp\/v2\/categories?post=118811"},{"taxonomy":"post_tag","embeddable":true,"href":"https:\/\/www.europesays.com\/fi\/wp-json\/wp\/v2\/tags?post=118811"}],"curies":[{"name":"wp","href":"https:\/\/api.w.org\/{rel}","templated":true}]}}