{"id":118813,"date":"2025-12-17T13:17:12","date_gmt":"2025-12-17T13:17:12","guid":{"rendered":"https:\/\/www.europesays.com\/fi\/118813\/"},"modified":"2025-12-17T13:17:12","modified_gmt":"2025-12-17T13:17:12","slug":"nyt-puhuu-lola-odusoga-kun-olet-miss-suomi","status":"publish","type":"post","link":"https:\/\/www.europesays.com\/fi\/118813\/","title":{"rendered":"Nyt puhuu Lola Odusoga: \u201dKun olet Miss Suomi\u201d"},"content":{"rendered":"<p>Lola Odusoga puhuu tuoreessa Instagram-julkaisussaan roolistaan julkisuuden henkil\u00f6n\u00e4.<\/p>\n<p class=\"paragraph\">Vuoden 1996 Miss Suomi <a href=\"https:\/\/www.iltalehti.fi\/henkilot\/Lola Odusoga\" class=\"article-link-person-page\" rel=\"nofollow noopener\" target=\"_blank\">Lola Odusoga<\/a> puhuu tuoreessa Instagram-julkaisussaan julkisena henkil\u00f6n\u00e4 olemisesta sek\u00e4 sen tuomasta vastuusta ja velvollisuuksista.<\/p>\n<p class=\"paragraph\">Odusoga painottaa aluksi, ettei h\u00e4nen sis\u00e4lt\u00f6ns\u00e4 ole kommentti meneill\u00e4\u00e4n oleviin rasismi- ja Miss Suomi -kohuihin. Odusoga kuitenkin my\u00f6nt\u00e4\u00e4 my\u00f6hemmin tekstiss\u00e4\u00e4n, ett\u00e4 kirjoitus sai \u201dlopullisen sinettins\u00e4\u201d vellovasta tilanteesta.<\/p>\n<p class=\"paragraph\">Odusoga kertoo julkaisussaan puhuneensa 30 vuoden ajan julkisuudessa rasismista, syrjinn\u00e4st\u00e4 ja muista h\u00e4nen sanojensa mukaan itselleen vaikeista aiheista. Odusoga on kommentoinut mainitsemiaan aiheita esimerkiksi kouluissa, haastatteluissa ja tv-ohjelmissa. Lis\u00e4ksi Odusoga on kirjoittanut erilaisuudesta lastenkirjan.<\/p>\n<p class=\"paragraph\">Odusoga kertoo puhuneensa aiheesta v\u00e4lill\u00e4 my\u00f6s tahtomattaan.<\/p>\n<p class=\"paragraph\">\u2013 Olen puhunut erilaisuudesta usein my\u00f6s tahtomattani, painostettuna, hieman pakotettuna, syylistettyn\u00e4 sill\u00e4, ett\u00e4 minun kuuluu puhua. Minulla on tietty status, olenhan se ensimm\u00e4inen tumma missi, jonka sanaa aiheesta kuunnellaan, josta moni saa tukea, uutta tietoa, esimerkin ja uskoakin, Odusoga kirjoittaa.<\/p>\n<p class=\"paragraph\">Odusoga sanoo, ett\u00e4 nyky\u00e4\u00e4n h\u00e4n p\u00e4\u00e4tt\u00e4\u00e4 usein olla my\u00f6s puhumatta.<\/p>\n<p class=\"paragraph\">\u2013 Ilmapiiri on vihamielinen, jokainen v\u00e4\u00e4ryyksi\u00e4 esiin nostava on \u201dhelposti loukkaantuva mielens\u00e4pahoittaja\u201d, Odusoga toteaa.<\/p>\n<p>Vastuusta ja velvollisuuksista<\/p>\n<p class=\"paragraph\">Odusoga kirjoittaa, ett\u00e4 ison seuraajakunnan ker\u00e4\u00e4vill\u00e4 vaikuttajilla on vastuu siit\u00e4, millaista esimerkki\u00e4 n\u00e4ytt\u00e4v\u00e4t seuraajilleen. H\u00e4n toteaa, ettei pid\u00e4 siit\u00e4, etteiv\u00e4t jotkut suurta suosiota nauttivat henkil\u00f6t koskaan ota kantaa vakaviin asioihin.<\/p>\n<p class=\"paragraph\">\u2013 Kuitenkaan en pid\u00e4 siit\u00e4, ett\u00e4 meille tuputetaan velvoitetta siihen joka asiassa. En pid\u00e4 siit\u00e4, ett\u00e4 saamme osaksemme arvostelua, jos emme halua ottaa kantaa johonkin tiettyyn asiaan. Vaikka asia olisikin l\u00e4heinen ja kokemuksia omalta kohdalta olisi paljon, h\u00e4n kirjoittaa.<\/p>\n<p class=\"paragraph\">Odusoga muistuttaa, ett\u00e4 jokaisella on syyns\u00e4 siihen, miksi puhuu julkisesti jostakin aiheesta ja samaan aikaan, miksi ei puhu.<\/p>\n<p class=\"paragraph\">\u2013 Ket\u00e4\u00e4n ei tunnu kiinnostavan kuin se, kuinka kommentointi palvelisi jotakin tietty\u00e4 kohderyhm\u00e4\u00e4 tai ihmist\u00e4. Meist\u00e4 ja meid\u00e4n el\u00e4m\u00e4st\u00e4 ja seurauksista viis. Meh\u00e4n olemmekin mit\u00e4 ilmeisimmin julkisuudessa ja olemassakin vai muita ihmisi\u00e4 varten, Odusoga sanoo.<\/p>\n<p class=\"paragraph\">Odusoga puhuu julkaisussaan my\u00f6s muun muassa Miss Suomen roolista.<\/p>\n<p class=\"paragraph\">\u2013 Kun olet Miss Suomi, olet palkattuna ty\u00f6h\u00f6n, joka edellytt\u00e4\u00e4 tiettyj\u00e4 asioita, tietynlaista k\u00e4ytt\u00e4ytymist\u00e4, tietynlaista edustuskelpoisuutta. Kun olet ex-Miss Suomi, n\u00e4it\u00e4 asioita saatetaan odottaa sinulta edelleen 30 vuotta my\u00f6hemmin.<\/p>\n<p class=\"paragraph\">Odusoga puhuu my\u00f6s ulkomaalaistaustaisiin kohdistuvista odotuksista.<\/p>\n<p class=\"paragraph\">\u2013 Kun olet ulkomaalaistaustainen, sinun odotetaan olevan paksunahkainen, hyv\u00e4ksyv\u00e4n ja kest\u00e4v\u00e4n kaikki huumori ja vitsailu rotuaiheista vitsiin tai tiet\u00e4m\u00e4tt\u00f6myyteen vedoten, Odusoga sanoo.<\/p>\n<p class=\"paragraph\">Lis\u00e4ksi Odusoga puhuu muun muassa julkisuuden henkil\u00f6iden vastuuseen.<\/p>\n<p class=\"paragraph\">\u2013 Kun olet julkkis, tulee sinun kantaa vastuu kaikesta, mit\u00e4 teet. Olipa se somessa, yksityisiss\u00e4 juhlissa, julkisella paikalla, sill\u00e4 jokaisella hetkell\u00e4 on merkityst\u00e4, Odusoga kirjoittaa.<\/p>\n<p class=\"paragraph\">\u2013 Poikkeus s\u00e4\u00e4nt\u00f6\u00f6n, jos olet kansanedustaja vuonna 2025, saat tehd\u00e4 melkein mit\u00e4 vaan, Odusoga t\u00e4ydent\u00e4\u00e4.<\/p>\n<p class=\"paragraph\">Jos julkaisu ei n\u00e4y, voit katsoa sen <a href=\"https:\/\/www.instagram.com\/p\/DSUUwfRiDJ4\/?img_index=1\" rel=\"noopener nofollow\" target=\"_blank\">t\u00e4st\u00e4 linkist\u00e4<\/a>.<\/p>\n<p><script async src=\"\/\/www.instagram.com\/embed.js\"><\/script><\/p>\n","protected":false},"excerpt":{"rendered":"Lola Odusoga puhuu tuoreessa Instagram-julkaisussaan roolistaan julkisuuden henkil\u00f6n\u00e4. Vuoden 1996 Miss Suomi Lola Odusoga puhuu tuoreessa Instagram-julkaisussaan julkisena&hellip;\n","protected":false},"author":2,"featured_media":118814,"comment_status":"","ping_status":"","sticky":false,"template":"","format":"standard","meta":{"footnotes":""},"categories":[136],"tags":[35,407,137,33,31,30,876,408,637,32,139,4241,109],"class_list":{"0":"post-118813","1":"post","2":"type-post","3":"status-publish","4":"format-standard","5":"has-post-thumbnail","7":"category-julkkikset","8":"tag-24h","9":"tag-celebrities","10":"tag-entertainment","11":"tag-fi","12":"tag-finland","13":"tag-finnish","14":"tag-fyysinen-kauneus","15":"tag-julkkikset","16":"tag-politiikka","17":"tag-suomi","18":"tag-tv-ohjelmat","19":"tag-tv-persoonat","20":"tag-viihde"},"share_on_mastodon":{"url":"https:\/\/pubeurope.com\/@fi\/115735104238316195","error":""},"_links":{"self":[{"href":"https:\/\/www.europesays.com\/fi\/wp-json\/wp\/v2\/posts\/118813","targetHints":{"allow":["GET"]}}],"collection":[{"href":"https:\/\/www.europesays.com\/fi\/wp-json\/wp\/v2\/posts"}],"about":[{"href":"https:\/\/www.europesays.com\/fi\/wp-json\/wp\/v2\/types\/post"}],"author":[{"embeddable":true,"href":"https:\/\/www.europesays.com\/fi\/wp-json\/wp\/v2\/users\/2"}],"replies":[{"embeddable":true,"href":"https:\/\/www.europesays.com\/fi\/wp-json\/wp\/v2\/comments?post=118813"}],"version-history":[{"count":0,"href":"https:\/\/www.europesays.com\/fi\/wp-json\/wp\/v2\/posts\/118813\/revisions"}],"wp:featuredmedia":[{"embeddable":true,"href":"https:\/\/www.europesays.com\/fi\/wp-json\/wp\/v2\/media\/118814"}],"wp:attachment":[{"href":"https:\/\/www.europesays.com\/fi\/wp-json\/wp\/v2\/media?parent=118813"}],"wp:term":[{"taxonomy":"category","embeddable":true,"href":"https:\/\/www.europesays.com\/fi\/wp-json\/wp\/v2\/categories?post=118813"},{"taxonomy":"post_tag","embeddable":true,"href":"https:\/\/www.europesays.com\/fi\/wp-json\/wp\/v2\/tags?post=118813"}],"curies":[{"name":"wp","href":"https:\/\/api.w.org\/{rel}","templated":true}]}}