{"id":118821,"date":"2025-12-17T13:29:09","date_gmt":"2025-12-17T13:29:09","guid":{"rendered":"https:\/\/www.europesays.com\/fi\/118821\/"},"modified":"2025-12-17T13:29:09","modified_gmt":"2025-12-17T13:29:09","slug":"sydneyn-joukkosurmasta-epaillylle-useita-syytteita-listalla-15-murhaa-ja-terrorismirikos","status":"publish","type":"post","link":"https:\/\/www.europesays.com\/fi\/118821\/","title":{"rendered":"Sydneyn joukkosurmasta ep\u00e4illylle useita syytteit\u00e4: listalla 15 murhaa ja terrorismirikos"},"content":{"rendered":"<p>    <img decoding=\"async\" class=\"responsive-image article__image-image lozad\"   src=\"https:\/\/www.europesays.com\/fi\/wp-content\/uploads\/2025\/12\/TZE1GAstlWCOJi4crn3WW9cI9vc-jH1QlLo9VKwPVEDKnWiPKunrvKLimFBOU-OENBZeXw7qrhAA9zCSWkjlKILHedK02lpR9yMx.jpeg\" alt=\"Sunnuntaina tehdyss\u00e4 iskussa kuoli 15 ihmist\u00e4, kun kaksi miest\u00e4 avasi tulen hanukkajuhlan ensimm\u00e4ist\u00e4 p\u00e4iv\u00e4\u00e4 viett\u00e4vi\u00e4 ihmisi\u00e4 kohti.\"\/><\/p>\n<p>\n                Sunnuntaina tehdyss\u00e4 iskussa kuoli 15 ihmist\u00e4, kun kaksi miest\u00e4 avasi tulen hanukkajuhlan ensimm\u00e4ist\u00e4 p\u00e4iv\u00e4\u00e4 viett\u00e4vi\u00e4 ihmisi\u00e4 kohti.\n              <\/p>\n<p>\n                Kuva: DAVID GRAY \/ AFP \/ Lehtikuva\n              <\/p>\n<p class=\"article__paragraph\">\n      Australiassa Sydneyn joukkoampumisesta ep\u00e4ilty\u00e4 vastaan nostettiin keskiviikkona syytteet muun muassa 15 murhasta ja terrorismirikoksesta. Sunnuntaina ainakin 15 ihmist\u00e4 sai surmansa ja yli 40 haavoittui<a href=\"https:\/\/www.kaleva.fi\/bondi-beachin-verista-ampumistapausta-tutkitaan-te\/12450563\" rel=\"nofollow noopener\" target=\"_blank\"> ampumisessa<\/a> suositulla uimarannalla Sydneyss\u00e4 Uuden Etel\u00e4-Walesin osavaltiossa.\n    <\/p>\n<p class=\"article__paragraph\">\n      Australian yleisradioyhti\u00f6 <a href=\"https:\/\/www.abc.net.au\/news\/2025-12-17\/bondi-beach-shooting-terrorist-attack-islamic-state-live-blog\/106151426?utm_campaign=abc_news_web&amp;utm_content=link&amp;utm_medium=content_shared&amp;utm_source=abc_news_web#live-blog-post-247247\" rel=\"nofollow noopener\" target=\"_blank\">ABC:n mukaan<\/a> 24-vuotias ep\u00e4ilty sai syytteet yhteens\u00e4 l\u00e4hes 60 rikoksesta. Niihin kuuluu my\u00f6s esimerkiksi syytteit\u00e4 murhayrityksist\u00e4 ja r\u00e4j\u00e4hteen sijoittamisesta rakennukseen tai sen l\u00e4helle.\n    <\/p>\n<p class=\"article__paragraph\">\n      Bondi Beachin joukkoampumisesta ep\u00e4ill\u00e4\u00e4n is\u00e4\u00e4 ja poikaa. 50-vuotias ep\u00e4ilty kuoli paikan p\u00e4\u00e4ll\u00e4 poliisin luoteihin, ja 24-vuotias ep\u00e4ilty vietiin kriittisess\u00e4 tilassa sairaalaan. ABC:n mukaan syytetty her\u00e4si koomasta tiistaina.\n    <\/p>\n<p class=\"article__paragraph\">\n      Ampujia on tiett\u00e4v\u00e4sti motivoinut \u00e4\u00e4ri-islamistinen Isis-ideologia.\n    <\/p>\n<p class=\"article__paragraph\">\n      Ep\u00e4iltyjen on kerrottu viett\u00e4neen aikaa Filippiineill\u00e4 ennen joukkoampumista. <a href=\"https:\/\/www.abc.net.au\/news\/2025-12-17\/bondi-beach-shooting-terrorist-attack-islamic-state-live-blog\/106151426?utm_campaign=abc_news_web&amp;utm_content=link&amp;utm_medium=content_shared&amp;utm_source=abc_news_web#live-blog-post-247269\" rel=\"nofollow noopener\" target=\"_blank\">ABC:n mukaan<\/a> filippiinil\u00e4isviranomaiset vahvistivat, ett\u00e4 miehet olivat olleet maassa l\u00e4hes koko marraskuun.\n    <\/p>\n<p class=\"article__paragraph\">\n      Ep\u00e4illyt olivat olleet Mindanaon saarella, jossa toimii islamistisia \u00e4\u00e4riryhmi\u00e4. Australialaisviranomaiset tutkivat, tapasivatko ep\u00e4illyt ampujat joitakin n\u00e4ist\u00e4 ryhmist\u00e4. Filippiinil\u00e4isviranomaiset kertoivat keskiviikkona, ett\u00e4 mink\u00e4\u00e4nlaisesta terrorismikoulutuksesta ei ole l\u00f6ytynyt todisteita.\n    <\/p>\n<p>      Ensimm\u00e4iset hautajaiset<\/p>\n<p class=\"article__paragraph\">\n      Australiassa pidettiin keskiviikkona ensimm\u00e4iset ampumiseen liittyv\u00e4t hautajaiset.\n    <\/p>\n<p class=\"article__paragraph\">\n      Joukkoampuminen tehtiin paikallista aikaa sunnuntai-iltana suositun Bondi Beachin leikkipuiston l\u00e4heisyydess\u00e4. Alueelle oli ker\u00e4\u00e4ntynyt ihmisi\u00e4 viett\u00e4m\u00e4\u00e4n juutalaisten hanukkajuhlan ensimm\u00e4ist\u00e4 p\u00e4iv\u00e4\u00e4. Poliisin mukaan alueella ja sen l\u00e4heisyydess\u00e4 oli ainakin tuhat ihmist\u00e4.\n    <\/p>\n<p class=\"article__paragraph\">\n      Poliisin mukaan teko kohdistettiin juutalaisyhteis\u00f6\u00e4 vastaan.\n    <\/p>\n<p class=\"article__paragraph\">\n      Sunnuntain joukkoampuminen on yksi Australian historian tuhoisimpia.\n    <\/p>\n<p class=\"article__paragraph\">\n      Vuonna 1996 mies surmasi 35 ihmist\u00e4 Port Arthurissa Tasmanian osavaltiossa. Sen j\u00e4lkeen Australiassa tiukennettiin aselakeja. Viime vuosina Australiassa on kuitenkin raportoitu, ett\u00e4 yksityisomisteisia aseita on yh\u00e4 enemm\u00e4n.\n    <\/p>\n<p class=\"article__note\">\n      L\u00e4hteen\u00e4 my\u00f6s uutistoimisto AFP.\n    <\/p>\n","protected":false},"excerpt":{"rendered":"Sunnuntaina tehdyss\u00e4 iskussa kuoli 15 ihmist\u00e4, kun kaksi miest\u00e4 avasi tulen hanukkajuhlan ensimm\u00e4ist\u00e4 p\u00e4iv\u00e4\u00e4 viett\u00e4vi\u00e4 ihmisi\u00e4 kohti. Kuva:&hellip;\n","protected":false},"author":2,"featured_media":118822,"comment_status":"","ping_status":"","sticky":false,"template":"","format":"standard","meta":{"footnotes":""},"categories":[14],"tags":[22,23,26,27,33,31,30,17,24,25,28,29,15,18,21,32,19,20,56,16,59,60,61],"class_list":{"0":"post-118821","1":"post","2":"type-post","3":"status-publish","4":"format-standard","5":"has-post-thumbnail","7":"category-ulkomaat","8":"tag-breaking-news","9":"tag-breakingnews","10":"tag-featured-news","11":"tag-featurednews","12":"tag-fi","13":"tag-finland","14":"tag-finnish","15":"tag-headlines","16":"tag-latest-news","17":"tag-latestnews","18":"tag-main-news","19":"tag-mainnews","20":"tag-news","21":"tag-otsikot","22":"tag-paauutiset","23":"tag-suomi","24":"tag-top-stories","25":"tag-topstories","26":"tag-ulkomaat","27":"tag-uutiset","28":"tag-world","29":"tag-world-news","30":"tag-worldnews"},"share_on_mastodon":{"url":"https:\/\/pubeurope.com\/@fi\/115735151790304816","error":""},"_links":{"self":[{"href":"https:\/\/www.europesays.com\/fi\/wp-json\/wp\/v2\/posts\/118821","targetHints":{"allow":["GET"]}}],"collection":[{"href":"https:\/\/www.europesays.com\/fi\/wp-json\/wp\/v2\/posts"}],"about":[{"href":"https:\/\/www.europesays.com\/fi\/wp-json\/wp\/v2\/types\/post"}],"author":[{"embeddable":true,"href":"https:\/\/www.europesays.com\/fi\/wp-json\/wp\/v2\/users\/2"}],"replies":[{"embeddable":true,"href":"https:\/\/www.europesays.com\/fi\/wp-json\/wp\/v2\/comments?post=118821"}],"version-history":[{"count":0,"href":"https:\/\/www.europesays.com\/fi\/wp-json\/wp\/v2\/posts\/118821\/revisions"}],"wp:featuredmedia":[{"embeddable":true,"href":"https:\/\/www.europesays.com\/fi\/wp-json\/wp\/v2\/media\/118822"}],"wp:attachment":[{"href":"https:\/\/www.europesays.com\/fi\/wp-json\/wp\/v2\/media?parent=118821"}],"wp:term":[{"taxonomy":"category","embeddable":true,"href":"https:\/\/www.europesays.com\/fi\/wp-json\/wp\/v2\/categories?post=118821"},{"taxonomy":"post_tag","embeddable":true,"href":"https:\/\/www.europesays.com\/fi\/wp-json\/wp\/v2\/tags?post=118821"}],"curies":[{"name":"wp","href":"https:\/\/api.w.org\/{rel}","templated":true}]}}