{"id":118823,"date":"2025-12-17T13:30:13","date_gmt":"2025-12-17T13:30:13","guid":{"rendered":"https:\/\/www.europesays.com\/fi\/118823\/"},"modified":"2025-12-17T13:30:13","modified_gmt":"2025-12-17T13:30:13","slug":"hackathonit-kiinteistojen-uudelle-kaytolle-kouvolan-kaupunki","status":"publish","type":"post","link":"https:\/\/www.europesays.com\/fi\/118823\/","title":{"rendered":"Hackathonit kiinteist\u00f6jen uudelle k\u00e4yt\u00f6lle &#8211; Kouvolan kaupunki"},"content":{"rendered":"<p>\t\t\t\t\t<img width=\"760\" height=\"420\" src=\"https:\/\/www.europesays.com\/fi\/wp-content\/uploads\/2025\/12\/kuusankoskitalo-web-760x420.jpg\" class=\"attachment-post-thumbnail-large size-post-thumbnail-large wp-post-image\" alt=\"Ilmakuva valkoisesta Kuusankoskitalosta Kymijoen rannassa. Taustalla n\u00e4kyy UPM Kymmenen paperitehdas.\" decoding=\"async\" fetchpriority=\"high\"\/>                <\/p>\n<p>Kutsumme yritykset, innovaattorit, opiskelijat ja kehitt\u00e4j\u00e4t mukaan etsim\u00e4\u00e4n uusia tapoja hy\u00f6dynt\u00e4\u00e4 tyhjilleen j\u00e4\u00e4neit\u00e4 tai vajaak\u00e4ytt\u00f6isi\u00e4 rakennuksia ymp\u00e4ri Suomea.<\/p>\n<p>Tule mukaan edist\u00e4m\u00e4\u00e4n kest\u00e4v\u00e4\u00e4 kehityst\u00e4 ja rakennusten kiertotaloutta. Hackathoneilla etsit\u00e4\u00e4n ratkaisuja, joilla k\u00e4ytt\u00f6kelpoisten tilojen ja rakennusten elinkaari pitenee niiden purkamisen sijaan, ja samalla v\u00e4hennet\u00e4\u00e4n luonnonvarojen kulutusta.<\/p>\n<p><a href=\"https:\/\/link.webropolsurveys.com\/EventParticipation\/EventPublic\/7352d0b2-dd4d-4c93-b686-fe26ccf90a46?displayId=Fin3511290\" target=\"_blank\" rel=\"noreferrer noopener nofollow\">Ilmoittaudu kaikille avoimeen haasteiden julkistuswebinaariin <\/a>13.1.2026 klo 9-10 ja tule kuulemaan lis\u00e4\u00e4 haasteista sek\u00e4 hackathon prosessista:<\/p>\n<p>Hackathoneja j\u00e4rjestet\u00e4\u00e4n kolme, ja niihin kaikkiin liittyy yksi tai useampi esimerkkikohde, joiden tietoja voi k\u00e4ytt\u00e4\u00e4 avuksi ratkaisun ideoinnissa.<\/p>\n<ol class=\"wp-block-list\">\n<li><strong>Tyhj\u00e4t SOTE-kiinteist\u00f6t -hackathon<\/strong><br \/>Esimerkkikohteina Gerbyn terveysasema Vaasassa sek\u00e4 Vanhustenhuollon palvelutalo Pylk\u00f6nm\u00e4ell\u00e4 Saarij\u00e4rvell\u00e4<\/li>\n<li><strong>Vajaak\u00e4ytt\u00f6iset rakennukset -hackathon<\/strong><br \/>Esimerkkikohteina Kulttuurikeskus Kuusankoskitalo Kouvolassa ja Raviradantien koulurakennus ja liiketila Mikkeliss\u00e4<\/li>\n<li><strong>Suojellut, vanhemmat rakennukset -hackathon<\/strong><br \/>Esimerkkikohteena entinen kunnantalo \u201dSininen talo\u201d Limingassa<\/li>\n<\/ol>\n<p>Hackathonissa osallistujat saavat asiantuntijoiden mentorointia ja palautetta ideoistaan, ja parhaat ideat voivat edet\u00e4 n\u00e4kyviksi piloteiksi tai uusiksi liiketoimintamahdollisuuksiksi.<\/p>\n<p>Hackathonit j\u00e4rjest\u00e4\u00e4 RAKEL-hanke (Rakennusten elinkaaren jatkaminen uutta k\u00e4ytt\u00f6\u00e4 kehitt\u00e4m\u00e4ll\u00e4) yhdess\u00e4 kiinteist\u00f6nomistajien kanssa. RAKEL-hanke on Euroopan unionin osarahoittama ja rahoituksen on my\u00f6nt\u00e4nyt H\u00e4meen ELY-keskus. Hankkeen p\u00e4\u00e4toteuttajana toimii Oulun ammattikorkeakoulu\u00a0 ja hankkeen osatoteuttajina ovat Kouvolan kaupunki, \u00a0Jyv\u00e4skyl\u00e4n ammattikorkeakoulu, Suomen ymp\u00e4rist\u00f6opisto Sykli, Mikkelin kehitysyhti\u00f6 Miksei Oy sek\u00e4 Vaasan ammattikorkeakoulu.<\/p>\n","protected":false},"excerpt":{"rendered":"Kutsumme yritykset, innovaattorit, opiskelijat ja kehitt\u00e4j\u00e4t mukaan etsim\u00e4\u00e4n uusia tapoja hy\u00f6dynt\u00e4\u00e4 tyhjilleen j\u00e4\u00e4neit\u00e4 tai vajaak\u00e4ytt\u00f6isi\u00e4 rakennuksia ymp\u00e4ri Suomea.&hellip;\n","protected":false},"author":2,"featured_media":118824,"comment_status":"","ping_status":"","sticky":false,"template":"","format":"standard","meta":{"footnotes":""},"categories":[12],"tags":[22,23,26,27,33,31,30,17,24,25,28,29,15,18,21,32,19,20,16],"class_list":{"0":"post-118823","1":"post","2":"type-post","3":"status-publish","4":"format-standard","5":"has-post-thumbnail","7":"category-suomi","8":"tag-breaking-news","9":"tag-breakingnews","10":"tag-featured-news","11":"tag-featurednews","12":"tag-fi","13":"tag-finland","14":"tag-finnish","15":"tag-headlines","16":"tag-latest-news","17":"tag-latestnews","18":"tag-main-news","19":"tag-mainnews","20":"tag-news","21":"tag-otsikot","22":"tag-paauutiset","23":"tag-suomi","24":"tag-top-stories","25":"tag-topstories","26":"tag-uutiset"},"share_on_mastodon":{"url":"https:\/\/pubeurope.com\/@fi\/115735155590377085","error":""},"_links":{"self":[{"href":"https:\/\/www.europesays.com\/fi\/wp-json\/wp\/v2\/posts\/118823","targetHints":{"allow":["GET"]}}],"collection":[{"href":"https:\/\/www.europesays.com\/fi\/wp-json\/wp\/v2\/posts"}],"about":[{"href":"https:\/\/www.europesays.com\/fi\/wp-json\/wp\/v2\/types\/post"}],"author":[{"embeddable":true,"href":"https:\/\/www.europesays.com\/fi\/wp-json\/wp\/v2\/users\/2"}],"replies":[{"embeddable":true,"href":"https:\/\/www.europesays.com\/fi\/wp-json\/wp\/v2\/comments?post=118823"}],"version-history":[{"count":0,"href":"https:\/\/www.europesays.com\/fi\/wp-json\/wp\/v2\/posts\/118823\/revisions"}],"wp:featuredmedia":[{"embeddable":true,"href":"https:\/\/www.europesays.com\/fi\/wp-json\/wp\/v2\/media\/118824"}],"wp:attachment":[{"href":"https:\/\/www.europesays.com\/fi\/wp-json\/wp\/v2\/media?parent=118823"}],"wp:term":[{"taxonomy":"category","embeddable":true,"href":"https:\/\/www.europesays.com\/fi\/wp-json\/wp\/v2\/categories?post=118823"},{"taxonomy":"post_tag","embeddable":true,"href":"https:\/\/www.europesays.com\/fi\/wp-json\/wp\/v2\/tags?post=118823"}],"curies":[{"name":"wp","href":"https:\/\/api.w.org\/{rel}","templated":true}]}}