{"id":118825,"date":"2025-12-17T13:31:14","date_gmt":"2025-12-17T13:31:14","guid":{"rendered":"https:\/\/www.europesays.com\/fi\/118825\/"},"modified":"2025-12-17T13:31:14","modified_gmt":"2025-12-17T13:31:14","slug":"koopenhaminan-tivolissa-syttyi-pieni-tulipalo","status":"publish","type":"post","link":"https:\/\/www.europesays.com\/fi\/118825\/","title":{"rendered":"K\u00f6\u00f6penhaminan tivolissa syttyi pieni tulipalo"},"content":{"rendered":"<p>Tanska|K\u00f6\u00f6penhaminan poliisin mukaan palon syyn\u00e4 oli luultavasti oikosulku.<\/p>\n<p class=\"article-body mb-nof-24 px-nof-16\">K\u00f6\u00f6penhaminan tivolissa syttyi keskiviikkona pieni tulipalo, kertovat tanskalaismediat.<\/p>\n<p class=\"article-body mb-nof-24 px-nof-16\"><a class=\"article-genericlink\" href=\"https:\/\/ekstrabladet.dk\/krimi\/brand-i-pantomimeteatret-i-tivoli-kaempe-udrykning\/11042591\" rel=\"nofollow noopener\" target=\"_blank\">Ekstrabladet<\/a>-lehden mukaan Pantomimeteatret-rakennuksen katolla olisi n\u00e4hty liekkej\u00e4. Teatteri on rakennettu vuonna 1874.<\/p>\n<p class=\"article-body mb-nof-24 px-nof-16\">Paikalta evakuoitiin noin sata ihmist\u00e4, kertoo <a class=\"article-genericlink\" href=\"https:\/\/www.berlingske.dk\/kultur\/melding-om-brand-i-tivoli--foelg-med-her\" rel=\"nofollow noopener\" target=\"_blank\">Berlingske-lehti<\/a>. Pelastuslaitos kertoi puoli kolmelta iltap\u00e4iv\u00e4ll\u00e4 Suomen aikaa sammuttaneensa kiinteist\u00f6n julkisivurakenteessa syttyneen pienen palon, eik\u00e4 rakennukselle aiheutunut vahinkoja.<\/p>\n<p class=\"article-body mb-nof-24 px-nof-16\">K\u00f6\u00f6penhaminan poliisin <a class=\"article-genericlink\" href=\"https:\/\/x.com\/KobenhavnPoliti\/status\/2001259356948746315?ref_src=twsrc%5Etfw%7Ctwcamp%5Etweetembed%7Ctwterm%5E2001259356948746315%7Ctwgr%5Ec9c17afc3cc74781cc4456b264a1b6c6b7831122%7Ctwcon%5Es1_&amp;ref_url=https%3A%2F%2Fwww.berlingske.dk%2Fkultur%2Fmelding-om-brand-i-tivoli--foelg-med-her\" rel=\"nofollow\">mukaan<\/a> palon syyn\u00e4 oli luultavasti oikosulku.<\/p>\n<p class=\"article-body mb-nof-24 px-nof-16\">Poliisi ja palokunta ovat paikalla huvipuistossa. Tiett\u00e4v\u00e4sti kukaan ei ole loukkaantunut palossa.<\/p>\n<p class=\"article-body mb-nof-24 px-nof-16\">Tivoli on yksi Tanskan suosituimmista n\u00e4ht\u00e4vyyksist\u00e4.<\/p>\n","protected":false},"excerpt":{"rendered":"Tanska|K\u00f6\u00f6penhaminan poliisin mukaan palon syyn\u00e4 oli luultavasti oikosulku. K\u00f6\u00f6penhaminan tivolissa syttyi keskiviikkona pieni tulipalo, kertovat tanskalaismediat. Ekstrabladet-lehden mukaan&hellip;\n","protected":false},"author":2,"featured_media":96697,"comment_status":"","ping_status":"","sticky":false,"template":"","format":"standard","meta":{"footnotes":""},"categories":[5],"tags":[22,23,26,27,33,31,30,17,46,24,25,28,29,15,18,21,32,19,20,16],"class_list":{"0":"post-118825","1":"post","2":"type-post","3":"status-publish","4":"format-standard","5":"has-post-thumbnail","7":"category-otsikot","8":"tag-breaking-news","9":"tag-breakingnews","10":"tag-featured-news","11":"tag-featurednews","12":"tag-fi","13":"tag-finland","14":"tag-finnish","15":"tag-headlines","16":"tag-helsingin-sanomat","17":"tag-latest-news","18":"tag-latestnews","19":"tag-main-news","20":"tag-mainnews","21":"tag-news","22":"tag-otsikot","23":"tag-paauutiset","24":"tag-suomi","25":"tag-top-stories","26":"tag-topstories","27":"tag-uutiset"},"share_on_mastodon":{"url":"https:\/\/pubeurope.com\/@fi\/115735159324013052","error":""},"_links":{"self":[{"href":"https:\/\/www.europesays.com\/fi\/wp-json\/wp\/v2\/posts\/118825","targetHints":{"allow":["GET"]}}],"collection":[{"href":"https:\/\/www.europesays.com\/fi\/wp-json\/wp\/v2\/posts"}],"about":[{"href":"https:\/\/www.europesays.com\/fi\/wp-json\/wp\/v2\/types\/post"}],"author":[{"embeddable":true,"href":"https:\/\/www.europesays.com\/fi\/wp-json\/wp\/v2\/users\/2"}],"replies":[{"embeddable":true,"href":"https:\/\/www.europesays.com\/fi\/wp-json\/wp\/v2\/comments?post=118825"}],"version-history":[{"count":0,"href":"https:\/\/www.europesays.com\/fi\/wp-json\/wp\/v2\/posts\/118825\/revisions"}],"wp:featuredmedia":[{"embeddable":true,"href":"https:\/\/www.europesays.com\/fi\/wp-json\/wp\/v2\/media\/96697"}],"wp:attachment":[{"href":"https:\/\/www.europesays.com\/fi\/wp-json\/wp\/v2\/media?parent=118825"}],"wp:term":[{"taxonomy":"category","embeddable":true,"href":"https:\/\/www.europesays.com\/fi\/wp-json\/wp\/v2\/categories?post=118825"},{"taxonomy":"post_tag","embeddable":true,"href":"https:\/\/www.europesays.com\/fi\/wp-json\/wp\/v2\/tags?post=118825"}],"curies":[{"name":"wp","href":"https:\/\/api.w.org\/{rel}","templated":true}]}}