{"id":118826,"date":"2025-12-17T13:43:08","date_gmt":"2025-12-17T13:43:08","guid":{"rendered":"https:\/\/www.europesays.com\/fi\/118826\/"},"modified":"2025-12-17T13:43:08","modified_gmt":"2025-12-17T13:43:08","slug":"the-boys-tahti-karl-urban-paljasti-mika-rooli-on-ollut-koko-uran-haastavin","status":"publish","type":"post","link":"https:\/\/www.europesays.com\/fi\/118826\/","title":{"rendered":"The Boys -t\u00e4hti Karl Urban paljasti, mik\u00e4 rooli on ollut koko uran haastavin"},"content":{"rendered":"<p>Kuva: \u00a9 2025 Warner Bros. Entertainment Inc.<\/p>\n<p>Karl Urban esitt\u00e4\u00e4 p\u00e4\u00e4osaa ensi vuoden Mortal Kombat II -elokuvassa.<\/p>\n<p>The Boys -sarjan t\u00e4hti Karl Urban paljastaa <a href=\"https:\/\/ew.com\/karl-urban-mortal-kombat-2-johnny-cage-most-challenging-role-of-career-exclusive-11857326\" target=\"_blank\" rel=\"noreferrer noopener nofollow\">Entertainment Weeklyn<\/a> haastattelussa Prime Videon julkaiseman sarjan olleen syyn\u00e4 siihen, ett\u00e4 h\u00e4n sai roolin tulevasta <a href=\"https:\/\/muropaketti.com\/avainsana\/mortal-kombat\/\" rel=\"nofollow noopener\" target=\"_blank\">Mortal Kombat II<\/a> -elokuvasta.<\/p>\n<p>Urban oli juuri saanut valmiiksi The Boysin nelj\u00e4nnen kauden, jossa h\u00e4nell\u00e4 ei omien sanojensa mukaan ollut tarpeeksi tekemist\u00e4. Seuraavasta roolista tulikin sitten \u201ckoko uran haastavin\u201d.<\/p>\n<p>Urban esitt\u00e4\u00e4 Johnny Cagea ensi vuonna julkaistavassa Mortal Kombat II -elokuvassa.<\/p>\n<p>\u201dPyysin vahvasti toimintaa sis\u00e4lt\u00e4v\u00e4\u00e4 elokuvaa, ja syntieni t\u00e4hden he antoivat minulle sellaisen. Se oli haastavin rooli, mit\u00e4 olen koskaan urallani tehnyt. Se johtuu kamppailulajeista. Elokuvan kamppailulajien muoto ja tyyli ovat niin erityisi\u00e4, ja koreografia on ajoittain niin ehdoton liikkeess\u00e4\u00e4n, ja toteutuksen pit\u00e4\u00e4 olla niin tarkkaa, ett\u00e4 homma n\u00e4ytt\u00e4isi hyv\u00e4lt\u00e4. Se oli valtava haaste\u201d, Urban kertoo.<\/p>\n<p>Simon McQuoidin ohjaamassa toimintaelokuvassa n\u00e4yttelev\u00e4t Urbanin lis\u00e4ksi muun muassa Hiroyuki Sanada, Tati Gabrielle, Ludi Lin, Jessica McNamee, Adeline Rudolph, Josh Lawson, Mehcad Brooks, Lewis Tan, Damon Herriman, Chin Han, Tadanobu Asano ja Joe Taslim. Elokuva toimii jatko-osana vuonna 2021 julkaistulle Mortal Kombatille.<\/p>\n<p>Mortal Kombat II saa ensi-iltansa toukokuussa 2026. Elokuvan julkaisusta Suomessa ei ole viel\u00e4 vahvistettua tietoa.<\/p>\n","protected":false},"excerpt":{"rendered":"Kuva: \u00a9 2025 Warner Bros. Entertainment Inc. Karl Urban esitt\u00e4\u00e4 p\u00e4\u00e4osaa ensi vuoden Mortal Kombat II -elokuvassa. The&hellip;\n","protected":false},"author":2,"featured_media":118827,"comment_status":"","ping_status":"","sticky":false,"template":"","format":"standard","meta":{"footnotes":""},"categories":[136],"tags":[407,137,33,31,30,408,21522,14162,21523,32,109],"class_list":{"0":"post-118826","1":"post","2":"type-post","3":"status-publish","4":"format-standard","5":"has-post-thumbnail","7":"category-julkkikset","8":"tag-celebrities","9":"tag-entertainment","10":"tag-fi","11":"tag-finland","12":"tag-finnish","13":"tag-julkkikset","14":"tag-karl-urban","15":"tag-mortal-kombat","16":"tag-mortal-kombat-elokuva","17":"tag-suomi","18":"tag-viihde"},"share_on_mastodon":{"url":"https:\/\/pubeurope.com\/@fi\/115735206501376242","error":""},"_links":{"self":[{"href":"https:\/\/www.europesays.com\/fi\/wp-json\/wp\/v2\/posts\/118826","targetHints":{"allow":["GET"]}}],"collection":[{"href":"https:\/\/www.europesays.com\/fi\/wp-json\/wp\/v2\/posts"}],"about":[{"href":"https:\/\/www.europesays.com\/fi\/wp-json\/wp\/v2\/types\/post"}],"author":[{"embeddable":true,"href":"https:\/\/www.europesays.com\/fi\/wp-json\/wp\/v2\/users\/2"}],"replies":[{"embeddable":true,"href":"https:\/\/www.europesays.com\/fi\/wp-json\/wp\/v2\/comments?post=118826"}],"version-history":[{"count":0,"href":"https:\/\/www.europesays.com\/fi\/wp-json\/wp\/v2\/posts\/118826\/revisions"}],"wp:featuredmedia":[{"embeddable":true,"href":"https:\/\/www.europesays.com\/fi\/wp-json\/wp\/v2\/media\/118827"}],"wp:attachment":[{"href":"https:\/\/www.europesays.com\/fi\/wp-json\/wp\/v2\/media?parent=118826"}],"wp:term":[{"taxonomy":"category","embeddable":true,"href":"https:\/\/www.europesays.com\/fi\/wp-json\/wp\/v2\/categories?post=118826"},{"taxonomy":"post_tag","embeddable":true,"href":"https:\/\/www.europesays.com\/fi\/wp-json\/wp\/v2\/tags?post=118826"}],"curies":[{"name":"wp","href":"https:\/\/api.w.org\/{rel}","templated":true}]}}