{"id":118833,"date":"2025-12-17T13:52:09","date_gmt":"2025-12-17T13:52:09","guid":{"rendered":"https:\/\/www.europesays.com\/fi\/118833\/"},"modified":"2025-12-17T13:52:09","modified_gmt":"2025-12-17T13:52:09","slug":"rusakko-taraytti-vasemman-suoran-ja-sinitiainen-kavi-varkaissa-katso-hauskat-videot-yle-luonto","status":"publish","type":"post","link":"https:\/\/www.europesays.com\/fi\/118833\/","title":{"rendered":"Rusakko t\u00e4r\u00e4ytti vasemman suoran, ja sinitiainen k\u00e4vi varkaissa \u2013 katso hauskat videot | Yle Luonto"},"content":{"rendered":"<p class=\"aw-1gybjub aw-5vja16 kEtdKx kmuxyA yle__article__paragraph\">Yle Radio Suomen suosittu Luontoilta t\u00e4ytti 50 vuotta huhtikuussa 2025. Artikkeliin on koottu juhlavuoden hienoimpia luontovideoita. Katso, osaisitko itse vastata kysymyksiin!<\/p>\n<p>Luontoillan asiantuntijat vastaavat kysymyksiin kerran kuussa keskiviikkona. Suoraan l\u00e4hetykseen voi soittaa ja kertoa havainnostaan. Luontovideoita, -kuvia ja kysymyksi\u00e4 voi l\u00e4hett\u00e4\u00e4 my\u00f6s etuk\u00e4teen Yle Luonnolle.<\/p>\n<p class=\"aw-1gybjub aw-1p7kakr kEtdKx cEmitX yle__article__paragraph\">Katso alla olevat <a class=\"aw-iao6s4 iHOxEa yle__article__link\" href=\"https:\/\/areena.yle.fi\/1-62505609\" role=\"link\" rel=\"nofollow noopener\" target=\"_blank\">Luontoiltaan<\/a> l\u00e4hetetyt videot ja valitse kysymyksiin mielest\u00e4si parhaiten sopivat vastaukset. Kun olet ensin itse vastannut, voit sen j\u00e4lkeen lukea, mit\u00e4 asiantuntijat aiheesta keskustelivat. Testiss\u00e4 ei jaeta pisteit\u00e4, eik\u00e4 kaikkiin kysymyksiin ole yht\u00e4 ainoaa oikeaa vastausta.<\/p>\n<p class=\"aw-1gybjub aw-1p7kakr kEtdKx cEmitX yle__article__paragraph\"><strong class=\"aw-ak79eh KyCXm yle__article__strong\">1. Vasen suora<\/strong><\/p>\n<p>Hiirt\u00e4 l\u00e4ps\u00e4isev\u00e4 rusakko meni viraaliksi Instagramissa kev\u00e4\u00e4ll\u00e4 2025. Video: Mimosa <\/p>\n<p class=\"aw-1gybjub aw-1p7kakr kEtdKx cEmitX yle__article__paragraph\"><strong class=\"aw-ak79eh KyCXm yle__article__strong\">2. Vikkel\u00e4\u00e4 menoa<\/strong><\/p>\n<p>Lumikon poikue, vai onko kuitenkin k\u00e4rpp\u00e4? Video: Kimmo Kotanen<\/p>\n<p class=\"aw-1gybjub aw-1p7kakr kEtdKx cEmitX yle__article__paragraph\">Luontoillalta kysyt\u00e4\u00e4n usein, miten lumikon ja k\u00e4rp\u00e4n erottaa toisistaan, eik\u00e4 se aina helppoa olekaan. Luonnossa harvemmin pystyy katsomaan kohtauksen hidastettuna.<\/p>\n<p class=\"aw-1gybjub aw-1p7kakr kEtdKx cEmitX yle__article__paragraph\"><strong class=\"aw-ak79eh KyCXm yle__article__strong\">3. Harvinainen havainto<\/strong><\/p>\n<p>T\u00e4llainen k\u00e4\u00e4rmeen n\u00e4k\u00f6inen joukko saattaa h\u00e4m\u00e4t\u00e4 saalistajia. Video: Kauko Hyv\u00f6nen<\/p>\n<p class=\"aw-1gybjub aw-1p7kakr kEtdKx cEmitX yle__article__paragraph\">Kyseess\u00e4 on isokokoisten harsos\u00e4\u00e4skilajien toukkien yhteisvaellus.<\/p>\n<p class=\"aw-1gybjub aw-1p7kakr kEtdKx cEmitX yle__article__paragraph\"><strong class=\"aw-ak79eh KyCXm yle__article__strong\">4. Kurki auton kimpussa<\/strong><\/p>\n<p>Kurki yll\u00e4tti m\u00f6kkil\u00e4iset. Video: Eila Tuomela<\/p>\n<p class=\"aw-1gybjub aw-1p7kakr kEtdKx cEmitX yle__article__paragraph\"><strong class=\"aw-ak79eh KyCXm yle__article__strong\">5.<\/strong> <strong class=\"aw-ak79eh KyCXm yle__article__strong\">Siivousp\u00e4iv\u00e4n piristys<\/strong><\/p>\n<p>Villamatto kelpasi sinitiaiselle pes\u00e4nrakennusaineeksi. Video: Benjam<\/p>\n<p class=\"aw-1gybjub aw-1p7kakr kEtdKx cEmitX yle__article__paragraph\"><strong class=\"aw-ak79eh KyCXm yle__article__strong\">6. Unelias p\u00f6ll\u00f6<\/strong><\/p>\n<p>T\u00e4m\u00e4 kaveri her\u00e4tti hilpeytt\u00e4 Luontoillan asiantuntijoissa ja somessa. Video: Sari-Anne Loune-Lindberg<\/p>\n<p class=\"aw-1gybjub aw-1p7kakr kEtdKx cEmitX yle__article__paragraph\"><strong class=\"aw-ak79eh KyCXm yle__article__strong\">7. Sinnik\u00e4s p\u00f6rri\u00e4inen<\/strong><\/p>\n<p>Mehil\u00e4inen ahkerasti yritti saada viety\u00e4 lehte\u00e4 letkukelassa olevan ruuvin reik\u00e4\u00e4n. Video: Anna-Maija Liekkinen<\/p>\n<p class=\"aw-1gybjub aw-1p7kakr kEtdKx cEmitX yle__article__paragraph\"><strong class=\"aw-ak79eh KyCXm yle__article__strong\">8.<\/strong> <strong class=\"aw-ak79eh KyCXm yle__article__strong\">K\u00e4rpp\u00e4n\u00e4 paikalla<\/strong><\/p>\n<p>K\u00e4rp\u00e4n ja sorsapoikueen &#8221;hippa&#8221;. Video: Olli Maliniemi<\/p>\n<p class=\"aw-1gybjub aw-1p7kakr kEtdKx cEmitX yle__article__paragraph\">Yrittik\u00f6 k\u00e4rpp\u00e4 saalistaa vai oliko kyse vain uteliaisuudesta?<\/p>\n<p class=\"aw-1gybjub aw-1p7kakr kEtdKx cEmitX yle__article__paragraph\"><strong class=\"aw-ak79eh KyCXm yle__article__strong\">9. Vapaapudotus<\/strong><\/p>\n<p>Merikotkien kiepunta oli upea n\u00e4ky! Video: Mikko Manner<\/p>\n<p class=\"aw-1gybjub aw-1p7kakr kEtdKx cEmitX yle__article__paragraph\">Merikotkat p\u00e4\u00e4stiv\u00e4t lopulta irti ja nousivat takaisin taivaalle. Miksi ne olivat toisissaan kiinni elokuussa?<\/p>\n<p class=\"aw-1gybjub aw-1p7kakr kEtdKx cEmitX yle__article__paragraph\"><strong class=\"aw-ak79eh KyCXm yle__article__strong\">10. Kirjava orava<\/strong><\/p>\n<p>Oravan turkin v\u00e4ri ihastutti Luontoillassa. Video: Sophia<\/p>\n<p class=\"aw-1gybjub aw-1p7kakr kEtdKx cEmitX yle__article__paragraph\"><strong class=\"aw-ak79eh KyCXm yle__article__strong\">11. Sairas puu?<\/strong><\/p>\n<p>Sammaleen n\u00e4k\u00f6iset keot oksistossa ovat ns. aitosy\u00f6p\u00e4\u00e4. Video: Sauli Alaranta<\/p>\n<p class=\"aw-1gybjub aw-1p7kakr kEtdKx cEmitX yle__article__paragraph\"><strong class=\"aw-ak79eh KyCXm yle__article__strong\">12. Hyv\u00e4 tuuri kuvaajalla<\/strong><\/p>\n<p>Kuvaaja osui paikalle, kun pikkunahkiaiset parveilivat. Video: Matti Sillanp\u00e4\u00e4L\u00e4het\u00e4 oma havainto Luontoiltaan<\/p>\n<p class=\"aw-1gybjub aw-1p7kakr kEtdKx cEmitX yle__article__paragraph\">Onko sinulla hieno luontovideo jaettavaksi? <a class=\"aw-iao6s4 iHOxEa yle__article__link\" href=\"https:\/\/yle.fi\/a\/20-205687\" role=\"link\" rel=\"nofollow noopener\" target=\"_blank\">T\u00e4yt\u00e4 havaintolomake<\/a> ja l\u00e4het\u00e4 kysymys asiantuntijoillle! Luontoilta kuullaan Radio Suomessa kerran kuussa keskiviikkoisin. Voit my\u00f6s seurata <a class=\"aw-iao6s4 iHOxEa yle__article__link\" href=\"https:\/\/areena.yle.fi\/1-62505609\" role=\"link\" rel=\"nofollow noopener\" target=\"_blank\">Luontoilta: TV<\/a> -l\u00e4hetyst\u00e4 Yle Areenassa.<\/p>\n","protected":false},"excerpt":{"rendered":"Yle Radio Suomen suosittu Luontoilta t\u00e4ytti 50 vuotta huhtikuussa 2025. Artikkeliin on koottu juhlavuoden hienoimpia luontovideoita. Katso, osaisitko&hellip;\n","protected":false},"author":2,"featured_media":118834,"comment_status":"","ping_status":"","sticky":false,"template":"","format":"standard","meta":{"footnotes":""},"categories":[112],"tags":[33,31,30,21524,8392,1425,72,21525,6449,785,118,32,1985,119,193],"class_list":{"0":"post-118833","1":"post","2":"type-post","3":"status-publish","4":"format-standard","5":"has-post-thumbnail","7":"category-tiede","8":"tag-fi","9":"tag-finland","10":"tag-finnish","11":"tag-havainnot","12":"tag-hyonteiset","13":"tag-linnut","14":"tag-luonto","15":"tag-luontoilta","16":"tag-luontokuvaus","17":"tag-nisakkaat","18":"tag-science","19":"tag-suomi","20":"tag-testit","21":"tag-tiede","22":"tag-video"},"share_on_mastodon":{"url":"https:\/\/pubeurope.com\/@fi\/115735241975491106","error":""},"_links":{"self":[{"href":"https:\/\/www.europesays.com\/fi\/wp-json\/wp\/v2\/posts\/118833","targetHints":{"allow":["GET"]}}],"collection":[{"href":"https:\/\/www.europesays.com\/fi\/wp-json\/wp\/v2\/posts"}],"about":[{"href":"https:\/\/www.europesays.com\/fi\/wp-json\/wp\/v2\/types\/post"}],"author":[{"embeddable":true,"href":"https:\/\/www.europesays.com\/fi\/wp-json\/wp\/v2\/users\/2"}],"replies":[{"embeddable":true,"href":"https:\/\/www.europesays.com\/fi\/wp-json\/wp\/v2\/comments?post=118833"}],"version-history":[{"count":0,"href":"https:\/\/www.europesays.com\/fi\/wp-json\/wp\/v2\/posts\/118833\/revisions"}],"wp:featuredmedia":[{"embeddable":true,"href":"https:\/\/www.europesays.com\/fi\/wp-json\/wp\/v2\/media\/118834"}],"wp:attachment":[{"href":"https:\/\/www.europesays.com\/fi\/wp-json\/wp\/v2\/media?parent=118833"}],"wp:term":[{"taxonomy":"category","embeddable":true,"href":"https:\/\/www.europesays.com\/fi\/wp-json\/wp\/v2\/categories?post=118833"},{"taxonomy":"post_tag","embeddable":true,"href":"https:\/\/www.europesays.com\/fi\/wp-json\/wp\/v2\/tags?post=118833"}],"curies":[{"name":"wp","href":"https:\/\/api.w.org\/{rel}","templated":true}]}}