{"id":118838,"date":"2025-12-17T13:55:07","date_gmt":"2025-12-17T13:55:07","guid":{"rendered":"https:\/\/www.europesays.com\/fi\/118838\/"},"modified":"2025-12-17T13:55:07","modified_gmt":"2025-12-17T13:55:07","slug":"petteri-orpo-sairastui-ilta-sanomat","status":"publish","type":"post","link":"https:\/\/www.europesays.com\/fi\/118838\/","title":{"rendered":"Petteri Orpo sairastui &#8211; Ilta-Sanomat"},"content":{"rendered":"<p>Osa huippukokouksesta j\u00e4\u00e4 v\u00e4liin.<\/p>\n<p class=\"article-body mb-nof-24 px-nof-16\">P\u00e4\u00e4ministeri <a class=\"article-personlink\" href=\"https:\/\/www.is.fi\/haku\/?query=Petteri%20Orpo\" rel=\"nofollow noopener\" target=\"_blank\">Petteri Orpo<\/a> (kok) ei osallistu t\u00e4n\u00e4\u00e4n EU:n ja L\u00e4nsi-Balkanin maiden huippukokoukseen, kerrotaan valtioneuvoston kansliasta. Syyn\u00e4 on sairastuminen flunssaan.<\/p>\n<p class=\"article-body mb-nof-24 px-nof-16\">H\u00e4nt\u00e4 sijaistaa Ruotsin p\u00e4\u00e4ministeri <a class=\"article-personlink\" href=\"https:\/\/www.is.fi\/haku\/?query=Ulf%20Kristersson\" rel=\"nofollow noopener\" target=\"_blank\">Ulf Kristersson<\/a>.<\/p>\n<p class=\"article-body mb-nof-24 px-nof-16\">Valtioneuvoston kanslian mukaan Orpon on yh\u00e4 m\u00e4\u00e4r\u00e4 osallistua huomenna EU-huippukokoukseen.<\/p>\n<p class=\"article-body mb-nof-24 px-nof-16\">Orpo kuulosti flunssaiselta jo Ylen p\u00e4\u00e4ministerin <a class=\"article-genericlink\" href=\"https:\/\/yle.fi\/a\/74-20199674\" rel=\"nofollow noopener\" target=\"_blank\">haastattelutunnilla<\/a> sunnuntaina.<\/p>\n<p class=\"article-body mb-nof-24 px-nof-16\">Orpo on t\u00e4n\u00e4\u00e4n pyyt\u00e4nyt anteeksi perussuomalaisten kansanedustajien loukkaavia sosiaalisen median julkaisuja. <a class=\"article-genericlink\" href=\"https:\/\/x.com\/FinEmbTokyo\/status\/2001208337237438879\" rel=\"nofollow\">Anteeksipyynt\u00f6viesti<\/a> on julkaistu Suomen Kiinan-, Japanin- ja Etel\u00e4-Korean-suurl\u00e4hetyst\u00f6jen sosiaalisen median kanavilla.<\/p>\n<p class=\"article-body mb-nof-24 px-nof-16\">Viestiss\u00e4\u00e4n p\u00e4\u00e4ministeri pyysi vilpitt\u00f6m\u00e4sti anteeksi ja vakuutti, ett\u00e4 julkaisut eiv\u00e4t heijasta Suomen arvoja, kuten tasa-arvoa ja osallisuutta. Orpon mukaan suomalaisessa yhteiskunnassa on mahdotonta hyv\u00e4ksy\u00e4 mink\u00e4\u00e4nlaista syrjint\u00e4\u00e4.<\/p>\n<p class=\"article-body mb-nof-24 px-nof-16\">L\u00e4nsi-Balkanin maiden kanssa keskiviikkona k\u00e4yt\u00e4v\u00e4ss\u00e4 huippukokouksessa keskityt\u00e4\u00e4n EU:n ja alueen maiden yhteisty\u00f6n kehitt\u00e4miseen. Tarkoituksena on muun muassa vahvistaa alueen maiden n\u00e4kymi\u00e4 EU-j\u00e4senyydest\u00e4.<\/p>\n<p class=\"article-body mb-nof-24 px-nof-16\">EU haluaa sitouttaa L\u00e4nsi-Balkanin kumppanimaat ottamaan konkreettisia edistysaskelia EU-j\u00e4senyyteen vaadittavissa uudistuksissa sek\u00e4 edist\u00e4m\u00e4\u00e4n alueellista yhteisty\u00f6t\u00e4, sovintoa ja hyvi\u00e4 naapuruussuhteita.<\/p>\n","protected":false},"excerpt":{"rendered":"Osa huippukokouksesta j\u00e4\u00e4 v\u00e4liin. P\u00e4\u00e4ministeri Petteri Orpo (kok) ei osallistu t\u00e4n\u00e4\u00e4n EU:n ja L\u00e4nsi-Balkanin maiden huippukokoukseen, kerrotaan valtioneuvoston&hellip;\n","protected":false},"author":2,"featured_media":118839,"comment_status":"","ping_status":"","sticky":false,"template":"","format":"standard","meta":{"footnotes":""},"categories":[14],"tags":[22,23,26,27,33,31,30,17,34,24,25,28,29,15,18,21,32,19,20,56,16,59,60,61],"class_list":{"0":"post-118838","1":"post","2":"type-post","3":"status-publish","4":"format-standard","5":"has-post-thumbnail","7":"category-ulkomaat","8":"tag-breaking-news","9":"tag-breakingnews","10":"tag-featured-news","11":"tag-featurednews","12":"tag-fi","13":"tag-finland","14":"tag-finnish","15":"tag-headlines","16":"tag-ilta-sanomat","17":"tag-latest-news","18":"tag-latestnews","19":"tag-main-news","20":"tag-mainnews","21":"tag-news","22":"tag-otsikot","23":"tag-paauutiset","24":"tag-suomi","25":"tag-top-stories","26":"tag-topstories","27":"tag-ulkomaat","28":"tag-uutiset","29":"tag-world","30":"tag-world-news","31":"tag-worldnews"},"share_on_mastodon":{"url":"https:\/\/pubeurope.com\/@fi\/115735253766350040","error":""},"_links":{"self":[{"href":"https:\/\/www.europesays.com\/fi\/wp-json\/wp\/v2\/posts\/118838","targetHints":{"allow":["GET"]}}],"collection":[{"href":"https:\/\/www.europesays.com\/fi\/wp-json\/wp\/v2\/posts"}],"about":[{"href":"https:\/\/www.europesays.com\/fi\/wp-json\/wp\/v2\/types\/post"}],"author":[{"embeddable":true,"href":"https:\/\/www.europesays.com\/fi\/wp-json\/wp\/v2\/users\/2"}],"replies":[{"embeddable":true,"href":"https:\/\/www.europesays.com\/fi\/wp-json\/wp\/v2\/comments?post=118838"}],"version-history":[{"count":0,"href":"https:\/\/www.europesays.com\/fi\/wp-json\/wp\/v2\/posts\/118838\/revisions"}],"wp:featuredmedia":[{"embeddable":true,"href":"https:\/\/www.europesays.com\/fi\/wp-json\/wp\/v2\/media\/118839"}],"wp:attachment":[{"href":"https:\/\/www.europesays.com\/fi\/wp-json\/wp\/v2\/media?parent=118838"}],"wp:term":[{"taxonomy":"category","embeddable":true,"href":"https:\/\/www.europesays.com\/fi\/wp-json\/wp\/v2\/categories?post=118838"},{"taxonomy":"post_tag","embeddable":true,"href":"https:\/\/www.europesays.com\/fi\/wp-json\/wp\/v2\/tags?post=118838"}],"curies":[{"name":"wp","href":"https:\/\/api.w.org\/{rel}","templated":true}]}}