{"id":118840,"date":"2025-12-17T13:56:09","date_gmt":"2025-12-17T13:56:09","guid":{"rendered":"https:\/\/www.europesays.com\/fi\/118840\/"},"modified":"2025-12-17T13:56:09","modified_gmt":"2025-12-17T13:56:09","slug":"kuopion-sivistyslautakunta-tiedottaa-erityisluokkia-ei-lakkauteta","status":"publish","type":"post","link":"https:\/\/www.europesays.com\/fi\/118840\/","title":{"rendered":"Kuopion sivistyslautakunta tiedottaa: erityisluokkia ei lakkauteta"},"content":{"rendered":"<p>                                                <img width=\"1024\" height=\"763\" src=\"https:\/\/www.europesays.com\/fi\/wp-content\/uploads\/2025\/12\/koulun-kuvituskuva2025-vicenteserra-22-1-1024x763.jpg\" class=\"is-object-fit-cover\" alt=\"\" decoding=\"async\" loading=\"lazy\"  \/><\/p>\n<p>Kuopion sivistyslautakunta k\u00e4vi 16.12.2025\u00a0perusteellisen keskustelun suunnitelmista siirt\u00e4\u00e4 emo- ja kielenpolun luokilla olevien opetus\u00a0oppilaiden l\u00e4hikouluun.<\/p>\n<p>Keskustelun perusteella lautakunta ja viranhaltijat haluavat tiedottaa seuraavaa:<\/p>\n<ol start=\"1\" class=\"wp-block-list\">\n<li>Kuopion kaupunki ei lakkauta erityisluokkia, vaan osa niist\u00e4 siirtyy l\u00e4hikouluun.\u00a0<\/li>\n<li>Oppimisen ja koulunk\u00e4ynnin tuki j\u00e4rjestet\u00e4\u00e4n jatkossa p\u00e4\u00e4s\u00e4\u00e4nt\u00f6isesti oppilaan l\u00e4hikoulussa.<\/li>\n<li>Oppilaan oikeus saada tarvitsemaansa tukea j\u00e4rjestet\u00e4\u00e4n opettajien yhteisty\u00f6ss\u00e4 laaditun pedagogisen arvion ja tuen suunnitelman perusteella.\u00a0<\/li>\n<\/ol>\n<p>Emo- ja kieliluokilla olevien oppilaiden tuen tarve ja mahdollinen l\u00e4hikouluun siirtyminen ja tutustuminen uuteen kouluun suunnitellaan yhdess\u00e4 erityisluokanopettajan, oppilaan ja huoltajan kanssa. Oppilaalla on edelleen oikeus erityisluokkaan, mik\u00e4li tuen tarve sit\u00e4 edellytt\u00e4\u00e4.<\/p>\n<p>Muutoksen taustalla eiv\u00e4t ole kustannuss\u00e4\u00e4st\u00f6t vaan uudistetun oppimisen tuen lains\u00e4\u00e4d\u00e4nt\u00f6, jonka\u00a0mukaan oppilaille tulee j\u00e4rjest\u00e4\u00e4 koulupaikka ja oppimisen tuki ensisijaisesti osoitteenmukaisesta l\u00e4hikoulusta.\u00a0<\/p>\n<p>Kuopiossa on yhteens\u00e4 72 erityisluokkaa, joista 14 erityisluokkaa on nimetty emo- ja kieliluokiksi. Oppilaat on kuljetettu emo- ja kieliluokille eri puolilta kaupunkia.<\/p>\n<p>Sivistyslautakunta kiitt\u00e4\u00e4 erityist\u00e4 tukea tarvitsevien lasten vanhempia, erityisopettajia ja muita tahoja, jotka ovat osoittaneet huolensa emo- ja kieliluokkien tulevaisuudesta. Huoli on kuultu.\u00a0<\/p>\n<p>Lautakunta on p\u00e4\u00e4tt\u00e4nyt\u00a0seurata ja valvoa, ett\u00e4 lapsen etu toteutuu t\u00e4m\u00e4n muutoksen aikana. Lautakunta saa kev\u00e4\u00e4n aikana tarkennetun suunnitelman prosessin etenemisest\u00e4.<\/p>\n","protected":false},"excerpt":{"rendered":"Kuopion sivistyslautakunta k\u00e4vi 16.12.2025\u00a0perusteellisen keskustelun suunnitelmista siirt\u00e4\u00e4 emo- ja kielenpolun luokilla olevien opetus\u00a0oppilaiden l\u00e4hikouluun. Keskustelun perusteella lautakunta ja&hellip;\n","protected":false},"author":2,"featured_media":118841,"comment_status":"","ping_status":"","sticky":false,"template":"","format":"standard","meta":{"footnotes":""},"categories":[12],"tags":[22,23,26,27,33,31,30,17,24,25,28,29,15,18,21,32,19,20,16],"class_list":{"0":"post-118840","1":"post","2":"type-post","3":"status-publish","4":"format-standard","5":"has-post-thumbnail","7":"category-suomi","8":"tag-breaking-news","9":"tag-breakingnews","10":"tag-featured-news","11":"tag-featurednews","12":"tag-fi","13":"tag-finland","14":"tag-finnish","15":"tag-headlines","16":"tag-latest-news","17":"tag-latestnews","18":"tag-main-news","19":"tag-mainnews","20":"tag-news","21":"tag-otsikot","22":"tag-paauutiset","23":"tag-suomi","24":"tag-top-stories","25":"tag-topstories","26":"tag-uutiset"},"share_on_mastodon":{"url":"https:\/\/pubeurope.com\/@fi\/115735257845193332","error":""},"_links":{"self":[{"href":"https:\/\/www.europesays.com\/fi\/wp-json\/wp\/v2\/posts\/118840","targetHints":{"allow":["GET"]}}],"collection":[{"href":"https:\/\/www.europesays.com\/fi\/wp-json\/wp\/v2\/posts"}],"about":[{"href":"https:\/\/www.europesays.com\/fi\/wp-json\/wp\/v2\/types\/post"}],"author":[{"embeddable":true,"href":"https:\/\/www.europesays.com\/fi\/wp-json\/wp\/v2\/users\/2"}],"replies":[{"embeddable":true,"href":"https:\/\/www.europesays.com\/fi\/wp-json\/wp\/v2\/comments?post=118840"}],"version-history":[{"count":0,"href":"https:\/\/www.europesays.com\/fi\/wp-json\/wp\/v2\/posts\/118840\/revisions"}],"wp:featuredmedia":[{"embeddable":true,"href":"https:\/\/www.europesays.com\/fi\/wp-json\/wp\/v2\/media\/118841"}],"wp:attachment":[{"href":"https:\/\/www.europesays.com\/fi\/wp-json\/wp\/v2\/media?parent=118840"}],"wp:term":[{"taxonomy":"category","embeddable":true,"href":"https:\/\/www.europesays.com\/fi\/wp-json\/wp\/v2\/categories?post=118840"},{"taxonomy":"post_tag","embeddable":true,"href":"https:\/\/www.europesays.com\/fi\/wp-json\/wp\/v2\/tags?post=118840"}],"curies":[{"name":"wp","href":"https:\/\/api.w.org\/{rel}","templated":true}]}}